{"id":64908,"date":"2020-12-08T09:08:46","date_gmt":"2020-12-08T12:08:46","guid":{"rendered":"https:\/\/catolicanet.net\/wp-cnet\/?p=64908"},"modified":"2020-12-08T10:10:26","modified_gmt":"2020-12-08T13:10:26","slug":"sako-o-papa-no-iraque-um-ato-corajoso-que-da-esperanca","status":"publish","type":"post","link":"https:\/\/catolicanet.net\/wp-cnet\/sako-o-papa-no-iraque-um-ato-corajoso-que-da-esperanca\/","title":{"rendered":"Sako: o Papa no Iraque, um ato corajoso que d\u00e1 esperan\u00e7a"},"content":{"rendered":"<figure class=\"article__image\" style=\"text-align: justify;\"><span class=\"didascalia_img\">O patriarca de Babil\u00f4nia dos Caldeus, cardeal Louis Rapha\u00ebl I Sako\u00a0<\/span><\/figure>\n<div class=\"article__meta\">\n<div class=\"article__subTitle\" style=\"text-align: justify;\">O patriarca de Babil\u00f4nia dos Caldeus comenta o an\u00fancio da visita do Papa Francisco ao Iraque de 5 a 8 de mar\u00e7o de 2021: h\u00e1 muito tempo vivemos com medo, mas tamb\u00e9m com esperan\u00e7a. O Santo Padre trar\u00e1 a mensagem de fraternidade da sua \u00faltima Enc\u00edclica. Ser\u00e1 um novo Natal para n\u00f3s.<\/div>\n<div class=\"title__separator\" style=\"text-align: justify;\"><\/div>\n<div class=\"article__text \">\n<p style=\"text-align: justify;\"><b>Antonella Palermo\/Mariangela Jaguraba \u2013 Vatican News<\/b><\/p>\n<p style=\"text-align: justify;\">Uma visita t\u00e3o desejada pelo Papa Francisco, anunciada nesta segunda-feira (07\/12). Uma esperan\u00e7a muitas vezes renovada por uma terra t\u00e3o provada pela guerra, priva\u00e7\u00e3o e destrui\u00e7\u00e3o, amadurece agora numa viabilidade concreta. O patriarca de Babil\u00f4nia dos Caldeus, cardeal Louis Rapha\u00ebl I Sako, em nossa entrevista manifesta a expectativa e torna-se porta-voz da comunidade crist\u00e3, do povo iraquiano e a voz de quem reza e espera a paz no Oriente M\u00e9dio.<\/p>\n<div style=\"text-align: justify;\">\n<div class=\"article__embed article__embed--unwrap article__embed--dark\">\n<div class=\"article__innerTitle\">Ou\u00e7a e compartilhe<\/div>\n<div>\n<!--[if lt IE 9]><script>document.createElement('audio');<\/script><![endif]-->\n<audio class=\"wp-audio-shortcode\" id=\"audio-64908-1\" preload=\"none\" style=\"width: 100%;\" controls=\"controls\"><source type=\"audio\/mpeg\" src=\"https:\/\/media.vaticannews.va\/media\/audio\/s1\/2020\/12\/08\/10\/135814807_F135814807.mp3?_=1\" \/><a href=\"https:\/\/media.vaticannews.va\/media\/audio\/s1\/2020\/12\/08\/10\/135814807_F135814807.mp3\">https:\/\/media.vaticannews.va\/media\/audio\/s1\/2020\/12\/08\/10\/135814807_F135814807.mp3<\/a><\/audio>\n<\/div>\n<\/div>\n<\/div>\n<p style=\"text-align: justify;\"><b>Dom Sako:<\/b>\u00a0Acolhemos a not\u00edcia com muita alegria. O Papa vem at\u00e9 n\u00f3s e isto significa que ele traz para os crist\u00e3os do Oriente, o povo do Oriente, que h\u00e1 tempo vive na incerteza, no medo, com tantos problemas, o seu apoio, mas tamb\u00e9m a esperan\u00e7a de uma situa\u00e7\u00e3o melhor. Esta visita \u00e9 uma peregrina\u00e7\u00e3o na qual existe uma mensagem de fraternidade humana. A Enc\u00edclica \u201cFratelli tutti\u201d tem significado n\u00e3o s\u00f3 para os crist\u00e3os, mas tamb\u00e9m para todas as pessoas deste pa\u00eds: chega de guerras, chega de conflitos, chega de morte, destrui\u00e7\u00e3o e corrup\u00e7\u00e3o. Precisamos construir confian\u00e7a, paz e estabilidade e tamb\u00e9m solidariedade humana. Esperamos muito do Santo Padre. Esta visita \u00e9 um momento forte para ele anunciar a verdade. \u00c9 um ato muito corajoso, especialmente neste momento.<\/p>\n<p style=\"text-align: justify;\"><b>O senhor nos disse h\u00e1 alguns meses que as condi\u00e7\u00f5es no pa\u00eds n\u00e3o garantiam a seguran\u00e7a. O que mudou nesse \u00ednterim?<\/b><\/p>\n<p style=\"text-align: justify;\"><b>Dom Sako:\u00a0<\/b>Existe\u00a0vontade por parte do governo iraquiano. O presidente da Rep\u00fablica o encontrou e o convidou. Eu tamb\u00e9m enviei uma carta. H\u00e1 muito tempo o Papa tinha este sonho de visitar a terra de Abra\u00e3o. Agora espero que tudo seja positivo para realizar esta visita. Para n\u00f3s, porque estamos cansados. Ele disse no in\u00edcio de seu pontificado: \u201cOnde houver necessidade, estou pronto para ir\u201d. E isto se realiza. N\u00f3s como crist\u00e3os, no Iraque, na S\u00edria, no L\u00edbano, um pouco no Oriente M\u00e9dio, n\u00e3o temos outros meios para nos defender a n\u00e3o ser a ora\u00e7\u00e3o e a esperan\u00e7a. A \u00fanica coisa que nos d\u00e1 for\u00e7a \u00e9 a nossa f\u00e9. Na verdade, somos uma minoria em dificuldade, sofremos muito durante os \u00faltimos vinte anos no Iraque. Mas se pensarmos na S\u00edria, no L\u00edbano&#8230; \u00e9 uma cat\u00e1strofe. O Papa trar\u00e1 uma palavra prof\u00e9tica para elevar o esp\u00edrito de todos e abrir os olhos dos cidad\u00e3os iraquianos, mas tamb\u00e9m dos pa\u00edses vizinhos. Ele trar\u00e1 um novo horizonte, de fraternidade, de respeito, de conviv\u00eancia harmoniosa.<\/p>\n<p style=\"text-align: justify;\"><b>Como voc\u00eas pretendem se preparar?<\/b><\/p>\n<p style=\"text-align: justify;\"><b>Dom Sako:\u00a0<\/b>H\u00e1 mais de um m\u00eas temos conhecimento da not\u00edcia. Come\u00e7amos a nos preparar. Agora vivemos o Advento e depois o Natal. Esta visita \u00e9 como um novo Natal para n\u00f3s na pessoa do Santo Padre que \u00e9 pai da Igreja cat\u00f3lica. Ele \u00e9 um pai para todos. At\u00e9 os mu\u00e7ulmanos o respeitam e est\u00e3o muito felizes. As pessoas est\u00e3o ansiosas por esta visita para ouvir o Papa.<\/p>\n<\/div>\n<\/div>\n","protected":false},"excerpt":{"rendered":"<p>O patriarca de Babil\u00f4nia dos Caldeus, cardeal Louis Rapha\u00ebl I Sako\u00a0 O patriarca de Babil\u00f4nia dos Caldeus comenta o an\u00fancio da visita do Papa Francisco ao Iraque de 5 a 8 de mar\u00e7o de 2021: h\u00e1 muito tempo vivemos com medo, mas tamb\u00e9m com esperan\u00e7a. O Santo Padre trar\u00e1 a mensagem de fraternidade da sua [&hellip;]<\/p>\n","protected":false},"author":1,"featured_media":64909,"comment_status":"open","ping_status":"closed","sticky":false,"template":"","format":"standard","meta":{"footnotes":""},"categories":[3],"tags":[],"class_list":["post-64908","post","type-post","status-publish","format-standard","has-post-thumbnail","hentry","category-vaticano"],"_links":{"self":[{"href":"https:\/\/catolicanet.net\/wp-cnet\/wp-json\/wp\/v2\/posts\/64908","targetHints":{"allow":["GET"]}}],"collection":[{"href":"https:\/\/catolicanet.net\/wp-cnet\/wp-json\/wp\/v2\/posts"}],"about":[{"href":"https:\/\/catolicanet.net\/wp-cnet\/wp-json\/wp\/v2\/types\/post"}],"author":[{"embeddable":true,"href":"https:\/\/catolicanet.net\/wp-cnet\/wp-json\/wp\/v2\/users\/1"}],"replies":[{"embeddable":true,"href":"https:\/\/catolicanet.net\/wp-cnet\/wp-json\/wp\/v2\/comments?post=64908"}],"version-history":[{"count":2,"href":"https:\/\/catolicanet.net\/wp-cnet\/wp-json\/wp\/v2\/posts\/64908\/revisions"}],"predecessor-version":[{"id":64911,"href":"https:\/\/catolicanet.net\/wp-cnet\/wp-json\/wp\/v2\/posts\/64908\/revisions\/64911"}],"wp:featuredmedia":[{"embeddable":true,"href":"https:\/\/catolicanet.net\/wp-cnet\/wp-json\/wp\/v2\/media\/64909"}],"wp:attachment":[{"href":"https:\/\/catolicanet.net\/wp-cnet\/wp-json\/wp\/v2\/media?parent=64908"}],"wp:term":[{"taxonomy":"category","embeddable":true,"href":"https:\/\/catolicanet.net\/wp-cnet\/wp-json\/wp\/v2\/categories?post=64908"},{"taxonomy":"post_tag","embeddable":true,"href":"https:\/\/catolicanet.net\/wp-cnet\/wp-json\/wp\/v2\/tags?post=64908"}],"curies":[{"name":"wp","href":"https:\/\/api.w.org\/{rel}","templated":true}]}}