{"id":64905,"date":"2020-12-08T09:07:29","date_gmt":"2020-12-08T12:07:29","guid":{"rendered":"https:\/\/catolicanet.net\/wp-cnet\/?p=64905"},"modified":"2020-12-08T10:08:36","modified_gmt":"2020-12-08T13:08:36","slug":"papa-retoma-viagens-anunciada-visita-ao-iraque-em-marco-de-2021","status":"publish","type":"post","link":"https:\/\/catolicanet.net\/wp-cnet\/papa-retoma-viagens-anunciada-visita-ao-iraque-em-marco-de-2021\/","title":{"rendered":"Papa retoma viagens: anunciada visita ao Iraque em mar\u00e7o de 2021"},"content":{"rendered":"<div class=\"article__subTitle\" style=\"text-align: justify;\">Depois de 15 meses sem realizar viagens apost\u00f3licas devido \u00e0 pandemia, o Papa Francisco retomar\u00e1 suas peregrina\u00e7\u00f5es em mar\u00e7o de 2021 para visitar o Iraque.<\/div>\n<div class=\"title__separator\" style=\"text-align: justify;\"><\/div>\n<div class=\"article__text \">\n<p style=\"text-align: justify;\"><b>Vatican News<\/b><\/p>\n<p style=\"text-align: justify;\">Uma viagem t\u00e3o desejada pelo Papa Francisco poder\u00e1 se concretizar finalmente em 2021. O diretor da Sala de Imprensa da Santa S\u00e9, Matteo Bruni, informou que o Pont\u00edfice visitar\u00e1 o Iraque de 5 a 8 de mar\u00e7o do pr\u00f3ximo ano, acolhendo o convite do presidente do pa\u00eds e da Igreja Cat\u00f3lica local.<\/p>\n<p style=\"text-align: justify;\">A viagem levar\u00e1 em considera\u00e7\u00e3o a evolu\u00e7\u00e3o da pandemia do coronav\u00edrus e o programa detalhado ser\u00e1 publicado proximamente. Durante quatro dias, Francisco visitar\u00e1 Bagd\u00e1, a regi\u00e3o de Ur, ligada \u00e0 mem\u00f3ria de Abra\u00e3o, a cidade de Irbil, Mosul e Qaraqosh, na plan\u00edcie de N\u00ednive.<\/p>\n<div style=\"text-align: justify;\">\n<div class=\"article__embed article__embed--unwrap article__embed--dark\">\n<div class=\"article__innerTitle\">Ou\u00e7a a reportagem<\/div>\n<div>\n<!--[if lt IE 9]><script>document.createElement('audio');<\/script><![endif]-->\n<audio class=\"wp-audio-shortcode\" id=\"audio-64905-1\" preload=\"none\" style=\"width: 100%;\" controls=\"controls\"><source type=\"audio\/mpeg\" src=\"https:\/\/media.vaticannews.va\/media\/audio\/s1\/2020\/12\/07\/11\/135813766_F135813766.mp3?_=1\" \/><a href=\"https:\/\/media.vaticannews.va\/media\/audio\/s1\/2020\/12\/07\/11\/135813766_F135813766.mp3\">https:\/\/media.vaticannews.va\/media\/audio\/s1\/2020\/12\/07\/11\/135813766_F135813766.mp3<\/a><\/audio>\n<\/div>\n<\/div>\n<\/div>\n<h2 style=\"text-align: justify;\">Desejo manifestado em 2019<\/h2>\n<p style=\"text-align: justify;\">Em 10 junho de 2019, o Papa expressou publicamente seu desejo de visitar o pa\u00eds aos participantes da Plen\u00e1ria da Reuni\u00e3o das Obras de Ajuda \u00e0s Igrejas Orientais (Roaco).<\/p>\n<p style=\"text-align: justify;\">\u201cUm pensamento insistente me acompanha pensando no<b>\u00a0<\/b>Iraque,\u00a0onde tenho o desejo de ir no pr\u00f3ximo ano,\u00a0para que possa olhar adiante atrav\u00e9s da participa\u00e7\u00e3o pac\u00edfica e partilhada na constru\u00e7\u00e3o do bem comum de todos as componentes religiosas da sociedade, e n\u00e3o caia novamente em tens\u00f5es que v\u00eam dos conflitos intermin\u00e1veis de pot\u00eancias regionais\u201d.<\/p>\n<p style=\"text-align: justify;\">Em junho de 2019, o Presidente do Iraque, Barham Salih, ao receber o patriarca caldeu, cardeal Louis Raphael Sako, afirmou que a visita do Papa seria um &#8220;evento hist\u00f3rico&#8221;. Por sua vez, o cardeal falou da alegria dos iraquianos em receber o Pont\u00edfice, afirmando que a visita abrir\u00e1 a porta para uma nova mentalidade de paz.<\/p>\n<h2 style=\"text-align: justify;\">Crist\u00e3os no Iraque<\/h2>\n<p style=\"text-align: justify;\">Em 25 de janeiro deste ano, Francisco recebeu em audi\u00eancia no Vaticano o presidente iraquiano.<\/p>\n<p style=\"text-align: justify;\">Nos col\u00f3quios, foi destacada a import\u00e2ncia de preservar a presen\u00e7a hist\u00f3rica dos crist\u00e3os no pa\u00eds, do qual s\u00e3o parte integrante, e a significativa contribui\u00e7\u00e3o que d\u00e3o \u00e0 reconstru\u00e7\u00e3o do tecido social, destacando a necessidade de lhes garantir seguran\u00e7a e um lugar no futuro do Iraque.<\/p>\n<p style=\"text-align: justify;\">Falou-se ainda sobre os v\u00e1rios conflitos e as graves crises humanit\u00e1rias que afligem a Regi\u00e3o, sublinhando a import\u00e2ncia dos esfor\u00e7os feitos com o apoio da comunidade internacional para restabelecer a confian\u00e7a e a conviv\u00eancia pac\u00edfica.<\/p>\n<p style=\"text-align: justify;\">Antes de 2003, quando teve in\u00edcio a guerra que levou \u00e0 queda de Saddam Hussein, os crist\u00e3os no Iraque eram quase 1 milh\u00e3o e meio. Com a guerra, atualmente n\u00e3o chegam a meio milh\u00e3o.<\/p>\n<p style=\"text-align: justify;\">Nem mesmo S\u00e3o Jo\u00e3o Paulo II visitou o pa\u00eds. Ur dos Caldeus deveria ser a primeira etapa da peregrina\u00e7\u00e3o jubilar no ano 2000, programada de 1\u00ba a 3 de dezembro de 1999. Mas n\u00e3o foi realizada por decis\u00e3o de Saddam Hussein de adiar a visita.<\/p>\n<\/div>\n","protected":false},"excerpt":{"rendered":"<p>Depois de 15 meses sem realizar viagens apost\u00f3licas devido \u00e0 pandemia, o Papa Francisco retomar\u00e1 suas peregrina\u00e7\u00f5es em mar\u00e7o de 2021 para visitar o Iraque. Vatican News Uma viagem t\u00e3o desejada pelo Papa Francisco poder\u00e1 se concretizar finalmente em 2021. O diretor da Sala de Imprensa da Santa S\u00e9, Matteo Bruni, informou que o Pont\u00edfice [&hellip;]<\/p>\n","protected":false},"author":1,"featured_media":64906,"comment_status":"open","ping_status":"closed","sticky":false,"template":"","format":"standard","meta":{"footnotes":""},"categories":[3],"tags":[],"class_list":["post-64905","post","type-post","status-publish","format-standard","has-post-thumbnail","hentry","category-vaticano"],"_links":{"self":[{"href":"https:\/\/catolicanet.net\/wp-cnet\/wp-json\/wp\/v2\/posts\/64905","targetHints":{"allow":["GET"]}}],"collection":[{"href":"https:\/\/catolicanet.net\/wp-cnet\/wp-json\/wp\/v2\/posts"}],"about":[{"href":"https:\/\/catolicanet.net\/wp-cnet\/wp-json\/wp\/v2\/types\/post"}],"author":[{"embeddable":true,"href":"https:\/\/catolicanet.net\/wp-cnet\/wp-json\/wp\/v2\/users\/1"}],"replies":[{"embeddable":true,"href":"https:\/\/catolicanet.net\/wp-cnet\/wp-json\/wp\/v2\/comments?post=64905"}],"version-history":[{"count":1,"href":"https:\/\/catolicanet.net\/wp-cnet\/wp-json\/wp\/v2\/posts\/64905\/revisions"}],"predecessor-version":[{"id":64907,"href":"https:\/\/catolicanet.net\/wp-cnet\/wp-json\/wp\/v2\/posts\/64905\/revisions\/64907"}],"wp:featuredmedia":[{"embeddable":true,"href":"https:\/\/catolicanet.net\/wp-cnet\/wp-json\/wp\/v2\/media\/64906"}],"wp:attachment":[{"href":"https:\/\/catolicanet.net\/wp-cnet\/wp-json\/wp\/v2\/media?parent=64905"}],"wp:term":[{"taxonomy":"category","embeddable":true,"href":"https:\/\/catolicanet.net\/wp-cnet\/wp-json\/wp\/v2\/categories?post=64905"},{"taxonomy":"post_tag","embeddable":true,"href":"https:\/\/catolicanet.net\/wp-cnet\/wp-json\/wp\/v2\/tags?post=64905"}],"curies":[{"name":"wp","href":"https:\/\/api.w.org\/{rel}","templated":true}]}}