{"id":64901,"date":"2020-12-08T08:46:05","date_gmt":"2020-12-08T11:46:05","guid":{"rendered":"https:\/\/catolicanet.net\/wp-cnet\/?p=64901"},"modified":"2020-12-08T10:07:13","modified_gmt":"2020-12-08T13:07:13","slug":"papa-no-angelus-como-maria-estar-aberto-a-graca-e-dizer-nao-ao-mal-e-sim-a-deus","status":"publish","type":"post","link":"https:\/\/catolicanet.net\/wp-cnet\/papa-no-angelus-como-maria-estar-aberto-a-graca-e-dizer-nao-ao-mal-e-sim-a-deus\/","title":{"rendered":"Papa no Angelus: como Maria, estar aberto \u00e0 gra\u00e7a e dizer \u201cn\u00e3o\u201d ao mal e \u201csim\u201d a Deus"},"content":{"rendered":"<div class=\"article__subTitle\" style=\"text-align: justify;\">Ao celebrar \u201cuma das maravilhas da hist\u00f3ria da salva\u00e7\u00e3o\u201d, disse Francisco no Angelus desta ter\u00e7a-feira (8), compreendemos que o ser humano \u00e9 criado por Deus para a santidade, como a Virgem Maria, livre do pecado e cheia de gra\u00e7a. Na Solenidade da Imaculada Concei\u00e7\u00e3o, o Papa convidou a percorrer desde hoje um caminho de convers\u00e3o, estando abertos \u00e0 gra\u00e7a: \u201cdigamos de uma vez por todas \u2018n\u00e3o\u2019 ao pecado e \u2018sim\u2019 \u00e0 gra\u00e7a\u201d.<\/div>\n<div class=\"title__separator\" style=\"text-align: justify;\"><\/div>\n<div class=\"article__text \">\n<p style=\"text-align: justify;\"><b>Andressa Collet \u2013 Vatican News<\/b><\/p>\n<p style=\"text-align: justify;\">Na Solenidade da Imaculada Concei\u00e7\u00e3o, o Papa Francisco realizou um ato privado de devo\u00e7\u00e3o a Maria na Pra\u00e7a de Espanha, em Roma, e rezou a ora\u00e7\u00e3o mariana do Angelus aos fi\u00e9is e peregrinos reunidos na Pra\u00e7a S\u00e3o Pedro, apesar de dia de outuno chuvoso e frio na Capital Eterna.<\/p>\n<h2 style=\"text-align: justify;\">A busca pela santidade<\/h2>\n<p style=\"text-align: justify;\">Na alocu\u00e7\u00e3o que precedeu a ora\u00e7\u00e3o, o Pont\u00edfice fez refer\u00eancia \u00e0 festa lit\u00fargica deste 8 de dezembro em que a Igreja \u201ccelebra uma das maravilhas da hist\u00f3ria da salva\u00e7\u00e3o\u201d, que \u00e9 a da Virgem Maria, \u201csalva por Cristo, mas de uma forma absolutamente extraordin\u00e1ria\u201d, porque Deus quis que \u201cn\u00e3o fosse tocada pela mis\u00e9ria do pecado\u201d. Dessa forma, ao longo da vida terrena, Maria esteve livre de qualquer mancha de pecado e \u201ccheia de gra\u00e7a\u201d (<i>Lc\u00a0<\/i>1, 28).<\/p>\n<p style=\"text-align: justify;\">O Papa, ent\u00e3o, recordou o hino que abre a Carta aos Ef\u00e9sios (<i>cf.\u00a0<\/i>1, 3-6.11-12), quando S\u00e3o Paulo nos ajuda a compreender que o ser humano \u00e9 criado por Deus para a santidade, uma gra\u00e7a, uma \u201cbeleza com que Nossa Senhora foi revestida desde o in\u00edcio\u201d, desde o ventre da sua m\u00e3e.<\/p>\n<div style=\"text-align: justify;\">\n<div class=\"article__embed article__embed--border embed_style\">\n<blockquote><p>\u201cE aquilo que para Maria estava no in\u00edcio, para n\u00f3s estar\u00e1 no fim, depois de passarmos pelo \u2018banho\u2019 purificador da gra\u00e7a. Aquilo que nos abre a porta do para\u00edso \u00e9 a gra\u00e7a de Deus, recebida com fidelidade por n\u00f3s. Contudo, at\u00e9 os mais inocentes foram marcados pelo pecado da origem e lutaram com todas as for\u00e7as contra as suas consequ\u00eancias. Eles passaram pela \u2018porta estreita\u2019 que conduz \u00e0 vida (cf. Lc 13, 24). [&#8230;] Irm\u00e3os e irm\u00e3s, a gra\u00e7a de Deus \u00e9 oferecida a todos; e muitos dos \u00faltimos que est\u00e3o nesta terra ser\u00e3o os primeiros no c\u00e9u (cf. Mc 10, 31).\u201d<\/p><\/blockquote>\n<\/div>\n<\/div>\n<h2 style=\"text-align: justify;\">A convers\u00e3o deve come\u00e7ar hoje<\/h2>\n<p style=\"text-align: justify;\">Francisco alertou, por\u00e9m, para se abrir \u00e0 gra\u00e7a de Deus ainda hoje, iniciando um processo de convers\u00e3o e evitando de enganar a si mesmo, aos homens e ao Senhor:<\/p>\n<p style=\"text-align: justify;\"><i>\u201cCuidado. N\u00e3o vale a pena ser esperto: adiar constantemente um exame s\u00e9rio da pr\u00f3pria vida, aproveitando-se da paci\u00eancia do Senhor. Ele \u00e9 paciente, Ele nos espera, Ele sempre est\u00e1 para nos dar a gra\u00e7a. Mas n\u00f3s n\u00f3s podemos enganar os homens, mas a Deus n\u00e3o, Ele conhece os nossos cora\u00e7\u00f5es melhor do que n\u00f3s pr\u00f3prios. Aproveitemos o momento presente! Este \u00e9 o sentido crist\u00e3o de aproveitar o dia. N\u00e3o desfrutar da vida no momento fugaz, n\u00e3o, esse \u00e9 o sentido do mundo. Mas aproveitar o presente para dizer \u201cn\u00e3o\u201d ao mal e \u201csim\u201d a Deus; para se abrir \u00e0 sua Gra\u00e7a; para deixar finalmente de se fechar em\u00a0 si pr\u00f3prio, arrastando-se para a hipocrisia. Enfrentar a nossa pr\u00f3pria realidade, como somos: assim, somos; reconhecer que n\u00e3o amamos Deus e n\u00e3o amamos o nosso pr\u00f3ximo como dever\u00edamos.\u201d<\/i><\/p>\n<p style=\"text-align: justify;\">Tudo isso atrav\u00e9s da convers\u00e3o, \u201cpedindo primeiro a Deus perd\u00e3o no Sacramento da Reconcilia\u00e7\u00e3o, e depois fazendo repara\u00e7\u00f5es pelo mal feito aos outros\u201d, indicou o Papa, ao finalizar:<\/p>\n<div>\n<div class=\"article__embed article__embed--border embed_style\">\n<blockquote>\n<p style=\"text-align: justify;\">\u201cMas sempre abertos \u00e0 gra\u00e7a: o Senhor bate \u00e0 nossa porta, bate ao nosso cora\u00e7\u00e3o para entrar conosco em amizade, em comunh\u00e3o; para nos dar a salva\u00e7\u00e3o. E essa, \u00e9 para n\u00f3s, a forma de nos tornarmos &#8216;santos e imaculados&#8217;. A beleza n\u00e3o contaminada da nossa M\u00e3e \u00e9 inimit\u00e1vel, mas ao mesmo tempo nos atrai. Vamos nos confiar a ela, e digamos de uma vez por todas \u2018n\u00e3o\u2019 ao pecado e \u2018sim\u2019 \u00e0 Gra\u00e7a.\u201d<\/p>\n<\/blockquote>\n<\/div>\n<\/div>\n<\/div>\n","protected":false},"excerpt":{"rendered":"<p>Ao celebrar \u201cuma das maravilhas da hist\u00f3ria da salva\u00e7\u00e3o\u201d, disse Francisco no Angelus desta ter\u00e7a-feira (8), compreendemos que o ser humano \u00e9 criado por Deus para a santidade, como a Virgem Maria, livre do pecado e cheia de gra\u00e7a. Na Solenidade da Imaculada Concei\u00e7\u00e3o, o Papa convidou a percorrer desde hoje um caminho de convers\u00e3o, [&hellip;]<\/p>\n","protected":false},"author":1,"featured_media":64902,"comment_status":"open","ping_status":"closed","sticky":false,"template":"","format":"standard","meta":{"footnotes":""},"categories":[3],"tags":[],"class_list":["post-64901","post","type-post","status-publish","format-standard","has-post-thumbnail","hentry","category-vaticano"],"_links":{"self":[{"href":"https:\/\/catolicanet.net\/wp-cnet\/wp-json\/wp\/v2\/posts\/64901","targetHints":{"allow":["GET"]}}],"collection":[{"href":"https:\/\/catolicanet.net\/wp-cnet\/wp-json\/wp\/v2\/posts"}],"about":[{"href":"https:\/\/catolicanet.net\/wp-cnet\/wp-json\/wp\/v2\/types\/post"}],"author":[{"embeddable":true,"href":"https:\/\/catolicanet.net\/wp-cnet\/wp-json\/wp\/v2\/users\/1"}],"replies":[{"embeddable":true,"href":"https:\/\/catolicanet.net\/wp-cnet\/wp-json\/wp\/v2\/comments?post=64901"}],"version-history":[{"count":2,"href":"https:\/\/catolicanet.net\/wp-cnet\/wp-json\/wp\/v2\/posts\/64901\/revisions"}],"predecessor-version":[{"id":64904,"href":"https:\/\/catolicanet.net\/wp-cnet\/wp-json\/wp\/v2\/posts\/64901\/revisions\/64904"}],"wp:featuredmedia":[{"embeddable":true,"href":"https:\/\/catolicanet.net\/wp-cnet\/wp-json\/wp\/v2\/media\/64902"}],"wp:attachment":[{"href":"https:\/\/catolicanet.net\/wp-cnet\/wp-json\/wp\/v2\/media?parent=64901"}],"wp:term":[{"taxonomy":"category","embeddable":true,"href":"https:\/\/catolicanet.net\/wp-cnet\/wp-json\/wp\/v2\/categories?post=64901"},{"taxonomy":"post_tag","embeddable":true,"href":"https:\/\/catolicanet.net\/wp-cnet\/wp-json\/wp\/v2\/tags?post=64901"}],"curies":[{"name":"wp","href":"https:\/\/api.w.org\/{rel}","templated":true}]}}