{"id":64889,"date":"2020-12-04T12:11:04","date_gmt":"2020-12-04T15:11:04","guid":{"rendered":"https:\/\/catolicanet.net\/wp-cnet\/?p=64889"},"modified":"2020-12-04T21:14:41","modified_gmt":"2020-12-05T00:14:41","slug":"feliz-natal-2","status":"publish","type":"post","link":"https:\/\/catolicanet.net\/wp-cnet\/feliz-natal-2\/","title":{"rendered":"FELIZ NATAL"},"content":{"rendered":"<p style=\"text-align: justify;\"><strong>Nada, absolutamente nada, pode apagar as luzes do bel\u00edssimo Natal! Natal \u00e9 o esplendor de amor na fam\u00edlia, nos amigos e na humanidade.<\/strong><\/p>\n<p style=\"text-align: justify;\"><strong>Assim como o Covid-19, contaminou muita gente, contamine muito mais pelo esp\u00edrito natalino. N\u00e3o deixe de encantar os cora\u00e7\u00f5es com a Magia do Natal! Seja o presente, a \u00e1rvore de Natal, a luz, o pres\u00e9pio e a beleza do amor de Deus.\u00a0\u00a0\u00a0\u00a0\u00a0\u00a0\u00a0\u00a0\u00a0\u00a0\u00a0\u00a0\u00a0\u00a0 <\/strong><\/p>\n<p style=\"text-align: justify;\"><strong>O Natal \u00e9 o mist\u00e9rio da encarna\u00e7\u00e3o, a revela\u00e7\u00e3o do Emanuel, a gra\u00e7a de salva\u00e7\u00e3o, morada eterna no cora\u00e7\u00e3o de Jesus Cristo, da manjedoura a ressurrei\u00e7\u00e3o. <\/strong><\/p>\n<p style=\"text-align: justify;\"><strong>O Natal \u00e9 a celebra\u00e7\u00e3o da Festa do Menino Deus. \u00c9 o encontro com a Sagrada Fam\u00edlia, com os anjos, com os pastores, com os reis Magos e com todos aqueles que s\u00e3o tomados pela Boa Nova de alegria, que em suas vidas o Santo Natal ser\u00e1 sempre uma eterna poesia!<\/strong><\/p>\n<p style=\"text-align: justify;\"><strong>Que este Natal, seja mais contagioso, mais amoroso, mais afetuoso e mais glorioso. Vamos fortalecer de forma mais profunda a nossa fraternidade, humildade, simplicidade e a felicidade seja para todos com abundante caridade!<\/strong><\/p>\n<p style=\"text-align: justify;\"><strong>Feliz Natal e muita sa\u00fade, amor e prosperidade no Ano Novo!<\/strong><\/p>\n<p><img loading=\"lazy\" decoding=\"async\" class=\"wp-image-64890 size-full aligncenter\" src=\"https:\/\/catolicanet.net\/wp-cnet\/wp-content\/uploads\/1-17.jpg\" alt=\"\" width=\"567\" height=\"549\" srcset=\"https:\/\/catolicanet.net\/wp-cnet\/wp-content\/uploads\/1-17.jpg 567w, https:\/\/catolicanet.net\/wp-cnet\/wp-content\/uploads\/1-17-300x290.jpg 300w, https:\/\/catolicanet.net\/wp-cnet\/wp-content\/uploads\/1-17-434x420.jpg 434w\" sizes=\"auto, (max-width: 567px) 100vw, 567px\" \/><\/p>\n","protected":false},"excerpt":{"rendered":"<p>Nada, absolutamente nada, pode apagar as luzes do bel\u00edssimo Natal! Natal \u00e9 o esplendor de amor na fam\u00edlia, nos amigos e na humanidade. Assim como o Covid-19, contaminou muita gente, contamine muito mais pelo esp\u00edrito natalino. N\u00e3o deixe de encantar os cora\u00e7\u00f5es com a Magia do Natal! Seja o presente, a \u00e1rvore de Natal, a [&hellip;]<\/p>\n","protected":false},"author":16,"featured_media":55822,"comment_status":"open","ping_status":"closed","sticky":false,"template":"","format":"standard","meta":{"footnotes":""},"categories":[9],"tags":[],"class_list":["post-64889","post","type-post","status-publish","format-standard","has-post-thumbnail","hentry","category-artigos"],"_links":{"self":[{"href":"https:\/\/catolicanet.net\/wp-cnet\/wp-json\/wp\/v2\/posts\/64889","targetHints":{"allow":["GET"]}}],"collection":[{"href":"https:\/\/catolicanet.net\/wp-cnet\/wp-json\/wp\/v2\/posts"}],"about":[{"href":"https:\/\/catolicanet.net\/wp-cnet\/wp-json\/wp\/v2\/types\/post"}],"author":[{"embeddable":true,"href":"https:\/\/catolicanet.net\/wp-cnet\/wp-json\/wp\/v2\/users\/16"}],"replies":[{"embeddable":true,"href":"https:\/\/catolicanet.net\/wp-cnet\/wp-json\/wp\/v2\/comments?post=64889"}],"version-history":[{"count":1,"href":"https:\/\/catolicanet.net\/wp-cnet\/wp-json\/wp\/v2\/posts\/64889\/revisions"}],"predecessor-version":[{"id":64891,"href":"https:\/\/catolicanet.net\/wp-cnet\/wp-json\/wp\/v2\/posts\/64889\/revisions\/64891"}],"wp:featuredmedia":[{"embeddable":true,"href":"https:\/\/catolicanet.net\/wp-cnet\/wp-json\/wp\/v2\/media\/55822"}],"wp:attachment":[{"href":"https:\/\/catolicanet.net\/wp-cnet\/wp-json\/wp\/v2\/media?parent=64889"}],"wp:term":[{"taxonomy":"category","embeddable":true,"href":"https:\/\/catolicanet.net\/wp-cnet\/wp-json\/wp\/v2\/categories?post=64889"},{"taxonomy":"post_tag","embeddable":true,"href":"https:\/\/catolicanet.net\/wp-cnet\/wp-json\/wp\/v2\/tags?post=64889"}],"curies":[{"name":"wp","href":"https:\/\/api.w.org\/{rel}","templated":true}]}}