{"id":64874,"date":"2020-12-04T10:49:11","date_gmt":"2020-12-04T13:49:11","guid":{"rendered":"https:\/\/catolicanet.net\/wp-cnet\/?p=64874"},"modified":"2020-12-04T19:53:35","modified_gmt":"2020-12-04T22:53:35","slug":"voluntariado-perguntas-importantes-antes-de-assumir-um-compromisso","status":"publish","type":"post","link":"https:\/\/catolicanet.net\/wp-cnet\/voluntariado-perguntas-importantes-antes-de-assumir-um-compromisso\/","title":{"rendered":"Voluntariado: perguntas importantes antes de assumir um compromisso"},"content":{"rendered":"<h2 class=\"subtitle\" style=\"text-align: justify;\">Voc\u00ea quer ser \u00fatil\u00a0na sua par\u00f3quia, na escola dos seus filhos ou ajudando numa associa\u00e7\u00e3o, mas n\u00e3o tem certeza sobre at\u00e9 onde conseguir\u00e1 se doar?\u00a0Para tomar uma decis\u00e3o correta,\u00a0reserve um tempo\u00a0para refletir e, acima de tudo, questione-se com as perguntas certas<\/h2>\n<p style=\"text-align: justify;\">Muitas vezes somos chamados por todos os lados: a par\u00f3quia procura volunt\u00e1rios para a liturgia, arrumar as flores ou conduzir grupos de ora\u00e7\u00e3o;\u00a0a escola cat\u00f3lica convoca catequistas;\u00a0o clube desportivo ou a associa\u00e7\u00e3o humanit\u00e1ria est\u00e1 \u00e0 procura de um tesoureiro\u2026 Muitas vezes, o apelo \u00e9 lan\u00e7ado de supet\u00e3o, o que facilita a esquiva.\u00a0Outras vezes, a quest\u00e3o nos \u00e9 apresentada de forma muito direta: \u201cVoc\u00ea aceita assumir essa responsabilidade?\u201d\u00a0E h\u00e1 tamb\u00e9m uma vozinha interior que nos lembra que h\u00e1 alguns meses quer\u00edamos fazer parte de uma associa\u00e7\u00e3o para ajudar os mais desfavorecidos.\u00a0Mas aten\u00e7\u00e3o, seja qual for a forma como o compromisso nos \u00e9 apresentado, antes de come\u00e7ar \u00e9 imprescind\u00edvel um tempo de reflex\u00e3o, a s\u00f3s, a dois ou em fam\u00edlia.\u00a0Por ocasi\u00e3o do Dia Mundial do Voluntariado (5 de dezembro), o padre Xavier Lefebvre prop\u00f5e perguntas concretas que podem guiar a nossa reflex\u00e3o.<\/p>\n<h3 style=\"text-align: justify;\"><b>Por que servir?<\/b><\/h3>\n<p style=\"text-align: justify;\">N\u00e3o posso ser crist\u00e3o sem me comprometer.\u00a0Isso desenvolve em mim a virtude da caridade, o amor \u00e0 Igreja e aos meus irm\u00e3os.\u00a0Ou\u00e7amos S\u00e3o Tiago: \u201cMostra-me a tua f\u00e9 sem obras e eu te mostrarei a minha f\u00e9 pelas minhas obras\u201d (Tg 2,18).\u00a0N\u00e3o \u00e9 poss\u00edvel se fechar de forma ego\u00edsta dentro de si mesmo acreditando que a par\u00f3quia ou a escola \u00e9 responsabilidade apenas dos outros.\u00a0O crist\u00e3o n\u00e3o \u00e9 um aproveitador, mas um ator.\u00a0Ao cumprir uma determinada miss\u00e3o, compreendemos melhor a realidade local, embora muitas vezes seja f\u00e1cil criticar.\u00a0O empenho crist\u00e3o permite-nos dar frutos aut\u00eanticos nas comunidades que tecem a realidade social\u00a0da nossa vida (fam\u00edlia, par\u00f3quia, escola, bairro, etc.).\u00a0Ser\u00e1 que estamos realmente concientes de que fazemos parte de uma comunidade e que ela conta conosco?\u00a0Uma par\u00f3quia n\u00e3o se desenvolve apenas com os padres ou uma escola apenas com seus professores e sua dire\u00e7\u00e3o.<\/p>\n<h3 style=\"text-align: justify;\"><b>Como saber se somos capazes de cumprir uma miss\u00e3o que nos querem confiar?<\/b><\/h3>\n<p style=\"text-align: justify;\">Precisamos fazer perguntas muito concretas\u00a0a n\u00f3s mesmos:<\/p>\n<ul style=\"text-align: justify;\">\n<li>Eu tenho as habilidades para fazer o que me pedem ou me falta o conhecimento ou uma experi\u00eancia que terei que adquirir?\u00a0Dizer que n\u00e3o se \u00e9 capaz pode esconder uma falsa mod\u00e9stia e at\u00e9 mesmo o orgulho.\u00a0A Virgem Maria nunca disse \u201cN\u00e3o posso\u201d!\u00a0O compromisso \u00e9 o sinal aut\u00eantico de autorrealiza\u00e7\u00e3o por meio do servi\u00e7o ao pr\u00f3ximo.<\/li>\n<li>Quanto tempo eu tenho objetivamente?\u00a0Voc\u00ea tem que ser muito claro sobre o que deseja fazer e o que pode fazer.\u00a0O voluntariado deve ser claramente definido em termos de tarefas e tempo.\u00a0Na minha antiga par\u00f3quia, h\u00e1 exemplos de volunt\u00e1rios que faziam pequenos contratos.\u00a0Afirmavam, por exemplo: \u201cServirei no plant\u00e3o do d\u00edzimo, dedicando tantas horas por semana por tal e tal per\u00edodo com tal e tal objetivo a atingir\u201d.\u00a0Ser volunt\u00e1rio n\u00e3o significa, \u00e9 claro, ser for\u00e7ado a isso.<\/li>\n<li>Qual \u00e9, para mim, o significado desse compromisso?\u00a0Por exemplo, se eu n\u00e3o tiver muitas habilidades no in\u00edcio, o fato de que isso vai me treinar pode ser um argumento.\u00a0N\u00e3o h\u00e1 melhor escola de catequese do que catequizar: \u00e9 catequizando os outros que se interessa pela pr\u00f3pria f\u00e9.\u00a0\u00c9 passando a f\u00e9 adiante que a fazemos crescer.\u00a0As par\u00f3quias n\u00e3o esperam grandes te\u00f3logos ou especialistas, mas sim pessoas que desejem florescer com o seu empenho e que queiram dar testemunho da sua vida de f\u00e9.<\/li>\n<\/ul>\n<h3 style=\"text-align: justify;\"><b>\u201cSe eu n\u00e3o for, ningu\u00e9m vai\u201d, ouvimos frequentemente<\/b><\/h3>\n<p style=\"text-align: justify;\">Essa \u00e9 a pior maneira de discernir.\u00a0No entanto, n\u00e3o devemos ficar indiferentes a um chamado.\u00a0Para n\u00e3o nos enganarmos, lembremo-nos deste princ\u00edpio que tudo orienta: a vida crist\u00e3 n\u00e3o \u00e9 uma vida agitada, \u00e9 uma vida fecunda.\u00a0O que \u00e9 uma vida crist\u00e3 agitada?\u00a0Fazer muitas coisas para o Bom Deus, mas n\u00e3o onde ele me espera.\u00a0Tem gente que fica muito agitada, se d\u00e1 muito e n\u00e3o importa onde, a\u00ed se cansa e desaparece.<\/p>\n<h3 style=\"text-align: justify;\"><b>E o que pensar dessa rea\u00e7\u00e3o: \u201cSe eu me afastar, n\u00e3o haver\u00e1 ningu\u00e9m para assumir essa fun\u00e7\u00e3o\u201d?<\/b><\/h3>\n<p style=\"text-align: justify;\">Isso pode ser bom para alertar a comunidade de que, se voc\u00ea n\u00e3o estiver mais l\u00e1, outra pessoa ter\u00e1 que ser encontrada.\u00a0\u00c0s vezes isso pode gerar um desconforto, mas n\u00e3o obrigatoriamente.\u00a0Para os outros mais f\u00e1cil contar com as mesmas pessoas, que fazem de tudo.\u00a0Na par\u00f3quia, a quest\u00e3o \u00e9: ser\u00e1 que os paroquianos se conhecem bem o suficiente para visitar uns aos outros e propor ajuda?\u00a0Nunca haver\u00e1 problema se cada um souber onde pode ajudar. Compete ao l\u00edder e ao p\u00e1roco validar essas propostas.<\/p>\n<h3 style=\"text-align: justify;\"><b>Quais s\u00e3o os crit\u00e9rios para um bom discernimento?<\/b><\/h3>\n<div class=\"nativo-inread\" style=\"text-align: justify;\"><\/div>\n<p style=\"text-align: justify;\">Eu vejo tr\u00eas.<\/p>\n<ul style=\"text-align: justify;\">\n<li>Em primeiro lugar, o compromisso deve ser uma resposta a um chamado de Deus.\u00a0Uma coisa \u00e9 fazer coisas para o Senhor, outra coisa \u00e9 fazer o que Deus espera de mim.\u00a0N\u00e3o me comprometo para preencher uma falta de reconhecimento social ou para ter poder.<\/li>\n<li>Em seguida, o servi\u00e7o deve ser compat\u00edvel com o seu estado de vida.\u00a0Se meu compromisso faz com que eu me afaste dos momentos de intimidade que devo ter com meu marido ou minha esposa, ou com minhas tarefas familiares, ele n\u00e3o \u00e9 ajustado ao meu chamado.<\/li>\n<li>Finalmente, este investimento de meu tempo, minhas for\u00e7as, minhas habilidades, n\u00e3o deve me causar uma agita\u00e7\u00e3o interior, mas permitir uma progress\u00e3o em minha vida espiritual.\u00a0A vida espiritual passa pela caridade.\u00a0Esta caridade \u00e9 tamb\u00e9m um crit\u00e9rio muito bom para nos fazer entender a quantas anda a nossa vida espiritual!<\/li>\n<\/ul>\n<h3 style=\"text-align: justify;\"><b>Como saber para onde Deus est\u00e1 nos chamando?<\/b><\/h3>\n<p style=\"text-align: justify;\">Seguindo o conselho de sua esposa, seu\u00a0marido ou de pessoas que j\u00e1 prestam o servi\u00e7o.\u00a0Ouvindo tamb\u00e9m o seu p\u00e1roco.\u00a0Nossos entes queridos podem, em primeiro lugar, nos ajudar a dar um passo atr\u00e1s quando necess\u00e1rio, considerando nossas habilidades e tamb\u00e9m nossos limites.\u00a0Mas \u00e9 tamb\u00e9m por meio deles que Deus poder\u00e1 realizar seu chamado.<\/p>\n<div id=\"article-desk-content-p6-ad_cp1_2020_12_04_voluntariado-perguntas-importantes-antes-de-assumir-um-compromisso\" class=\"css-y9mcup\" style=\"text-align: justify;\" data-google-query-id=\"CNnCvJ21te0CFV4GuQYdMToCjQ\">\n<div id=\"google_ads_iframe_64500793\/PT_DESK_ARTICLE_WELCOME_1X1_0__container__\"><\/div>\n<\/div>\n<p style=\"text-align: justify;\">Finalmente, ap\u00f3s saber a opini\u00e3o daqueles que amamos, tudo o que nos resta \u00e9 nos render completamente a Deus.\u00a0Com uma certeza: se a escolha que estou fazendo me traz paz e alegria, \u00e9 um bom sinal.\u00a0Podemos pedir a Deus que nos d\u00ea a gra\u00e7a de nos comprometermos sem medo e sem falsa humildade, e de dar frutos de caridade para a Igreja e para a comunidade.<\/p>\n","protected":false},"excerpt":{"rendered":"<p>Voc\u00ea quer ser \u00fatil\u00a0na sua par\u00f3quia, na escola dos seus filhos ou ajudando numa associa\u00e7\u00e3o, mas n\u00e3o tem certeza sobre at\u00e9 onde conseguir\u00e1 se doar?\u00a0Para tomar uma decis\u00e3o correta,\u00a0reserve um tempo\u00a0para refletir e, acima de tudo, questione-se com as perguntas certas Muitas vezes somos chamados por todos os lados: a par\u00f3quia procura volunt\u00e1rios para a [&hellip;]<\/p>\n","protected":false},"author":1,"featured_media":64875,"comment_status":"open","ping_status":"closed","sticky":false,"template":"","format":"standard","meta":{"footnotes":""},"categories":[4,13],"tags":[],"class_list":["post-64874","post","type-post","status-publish","format-standard","has-post-thumbnail","hentry","category-cotidiano","category-featured"],"_links":{"self":[{"href":"https:\/\/catolicanet.net\/wp-cnet\/wp-json\/wp\/v2\/posts\/64874","targetHints":{"allow":["GET"]}}],"collection":[{"href":"https:\/\/catolicanet.net\/wp-cnet\/wp-json\/wp\/v2\/posts"}],"about":[{"href":"https:\/\/catolicanet.net\/wp-cnet\/wp-json\/wp\/v2\/types\/post"}],"author":[{"embeddable":true,"href":"https:\/\/catolicanet.net\/wp-cnet\/wp-json\/wp\/v2\/users\/1"}],"replies":[{"embeddable":true,"href":"https:\/\/catolicanet.net\/wp-cnet\/wp-json\/wp\/v2\/comments?post=64874"}],"version-history":[{"count":1,"href":"https:\/\/catolicanet.net\/wp-cnet\/wp-json\/wp\/v2\/posts\/64874\/revisions"}],"predecessor-version":[{"id":64876,"href":"https:\/\/catolicanet.net\/wp-cnet\/wp-json\/wp\/v2\/posts\/64874\/revisions\/64876"}],"wp:featuredmedia":[{"embeddable":true,"href":"https:\/\/catolicanet.net\/wp-cnet\/wp-json\/wp\/v2\/media\/64875"}],"wp:attachment":[{"href":"https:\/\/catolicanet.net\/wp-cnet\/wp-json\/wp\/v2\/media?parent=64874"}],"wp:term":[{"taxonomy":"category","embeddable":true,"href":"https:\/\/catolicanet.net\/wp-cnet\/wp-json\/wp\/v2\/categories?post=64874"},{"taxonomy":"post_tag","embeddable":true,"href":"https:\/\/catolicanet.net\/wp-cnet\/wp-json\/wp\/v2\/tags?post=64874"}],"curies":[{"name":"wp","href":"https:\/\/api.w.org\/{rel}","templated":true}]}}