{"id":6487,"date":"2015-08-21T13:29:12","date_gmt":"2015-08-21T16:29:12","guid":{"rendered":"http:\/\/catolicanet.net\/wp-cnet\/a-manipulacao-no-caso-de-menina-de-onze-anos-a-fim-de-despenalizar-o-aborto-no-paraguai\/"},"modified":"2017-04-11T14:50:43","modified_gmt":"2017-04-11T17:50:43","slug":"a-manipulacao-no-caso-de-menina-de-onze-anos-a-fim-de-despenalizar-o-aborto-no-paraguai","status":"publish","type":"post","link":"https:\/\/catolicanet.net\/wp-cnet\/a-manipulacao-no-caso-de-menina-de-onze-anos-a-fim-de-despenalizar-o-aborto-no-paraguai\/","title":{"rendered":"A manipula\u00e7\u00e3o no caso de menina de onze anos a fim de despenalizar o aborto no Paraguai"},"content":{"rendered":"<p style=\"text-align: justify;\"><img decoding=\"async\" src=\"http:\/\/catolicanet.com.br\/images\/stories\/geral\/ninaoso.jpg\" border=\"0\" align=\"left\" \/>No dia 13 de agosto, a menina de onze anos que ficou gr\u00e1vida depois de ser estuprada pelo seu padrasto deu \u00e0 luz o seu beb\u00ea. Este caso, que comoveu \u00e0 opini\u00e3o p\u00fablica e mobilizou o Estado e pr\u00f3-vidas para cuidar da pequena m\u00e3e e do beb\u00ea, foi, entretanto, manipulado por organiza\u00e7\u00f5es feministas e abortistas a fim de pressionar o governo para que despenalize o aborto.<\/p>\n<p>Assim o denunciaram em seu momento os peritos internacionais em direitos humanos e medicina Gualberto Garc\u00eda Jones e Rafael Cabrera quando viajaram ao Paraguai para conhecer detalhes deste caso, logo que a organiza\u00e7\u00e3o feminista Cladem foi a OEA e a ONU a fim de denunciar o estado paraguaio.<\/p>\n<p>Em maio deste ano, Cladem apresentou ante a Corte Interamericana de Direitos Humanos (pertencente a OEA) uma medida cautelar para que se praticasse um aborto sob a causa de risco de vida da menina, alegando que isto foi solicitado pela m\u00e3e em exerc\u00edcio da p\u00e1tria potestade. A CIDH apoiou o pedido da organiza\u00e7\u00e3o Cladem.<\/p>\n<p>Entretanto, Garc\u00eda Jones, diretor da organiza\u00e7\u00e3o Grupo Internacional de Direitos Humanos, e Cabrera, m\u00e9dico da Rede Interamericana de Direitos Humanos, denunciaram ante o jornal paraguaio ABC Color que a organiza\u00e7\u00e3o feminista enganou a m\u00e3e ao faz\u00ea-la assinar um texto em espanhol pedindo o aborto, sendo que a mulher \u201cn\u00e3o fala espanhol, fala guarani\u201d.<\/p>\n<p>\u201cEla nega o fato de ter dado sua autoriza\u00e7\u00e3o. Alegou que a obrigaram assinar o texto, com a advert\u00eancia de que se n\u00e3o assinasse sua filha podia morrer. Ent\u00e3o ela o assinou, quando estava nessa situa\u00e7\u00e3o de emerg\u00eancia (capturaram-na acusada de cumplicidade com o padrasto). Ela negou ter pedido o aborto. Evidentemente esta foi uma estrat\u00e9gia destas pessoas a fim de fomentar sua ideologia, que busca a legaliza\u00e7\u00e3o do aborto. Apresentaram-lhe um documento ao qual ela n\u00e3o tinha lido nem entendido. Se aproveitaram desta mulher\u201d, assinalaram na entrevista difundida no dia 7 de junho.<\/p>\n<p>Os peritos indicaram que durante sua estadia no Paraguai se reuniram com parlamentares, ministros, fiscais, ju\u00edzes e m\u00e9dicos. \u201cConseguimos bastante informa\u00e7\u00e3o a respeito do caso e estas contradizem completamente \u00e0 den\u00fancia feita sem prova alguma pelas representantes dessa organiza\u00e7\u00e3o. A vida da menina nunca esteve em perigo; embora, como \u00e9 l\u00f3gico, se trata de uma gravidez de alto risco\u201d, assinalou Garcia Jones.<\/p>\n<p>A menina est\u00e1 bem<\/p>\n<p>Por sua parte, o presidente de \u2018Generaci\u00f3n Provida\u2019, Richard Izquierdo, informou ao Grupo ACI que a menor est\u00e1 atualmente sob o amparo do Estado e da Cruz Vermelha Paraguaia.<\/p>\n<p>\u201cO padrasto, principal suspeito de ter estuprado a menina, est\u00e1 preso\u201d, e a mam\u00e3e est\u00e1 \u201ccom uma medida de pris\u00e3o ambulat\u00f3ria e est\u00e1 cuidando da menina\u201d. A menor \u201cest\u00e1 no hospital da Cruz Vermelha onde deu \u00e0 luz a sua filha\u201d. Esta institui\u00e7\u00e3o e o Estado \u201cest\u00e3o a cargo de velar\u201d pela pequena m\u00e3e e sua filha rec\u00e9m-nascida batizada como \u201cMilagros\u201d.<\/p>\n<p>Atualmente continua a press\u00e3o por parte dos organismos abortistas, como por exemplo de Anistia Internacional, para que o governo aprove o aborto nos casos de estupro. Entretanto, Izquierdo afirmou que \u201co povo paraguaio tem muito enraizada a cultura da vida\u201d e o governo \u201ctem uma posi\u00e7\u00e3o firme com rela\u00e7\u00e3o \u00e0 Constitui\u00e7\u00e3o Nacional e as leis\u201d, que reconhecem o direito \u00e0 vida desde a concep\u00e7\u00e3o.<\/p>\n<p style=\"text-align: justify;\">Fonte: Acidigital<\/p>\n","protected":false},"excerpt":{"rendered":"<p>No dia 13 de agosto, a menina de onze anos que ficou gr\u00e1vida depois de ser estuprada pelo seu padrasto deu \u00e0 luz o seu beb\u00ea. Este caso, que comoveu \u00e0 opini\u00e3o p\u00fablica e mobilizou o Estado e pr\u00f3-vidas para cuidar da pequena m\u00e3e e do beb\u00ea, foi, entretanto, manipulado por organiza\u00e7\u00f5es feministas e abortistas [&hellip;]<\/p>\n","protected":false},"author":1,"featured_media":0,"comment_status":"closed","ping_status":"closed","sticky":false,"template":"","format":"standard","meta":{"footnotes":""},"categories":[4],"tags":[],"class_list":["post-6487","post","type-post","status-publish","format-standard","hentry","category-cotidiano"],"_links":{"self":[{"href":"https:\/\/catolicanet.net\/wp-cnet\/wp-json\/wp\/v2\/posts\/6487","targetHints":{"allow":["GET"]}}],"collection":[{"href":"https:\/\/catolicanet.net\/wp-cnet\/wp-json\/wp\/v2\/posts"}],"about":[{"href":"https:\/\/catolicanet.net\/wp-cnet\/wp-json\/wp\/v2\/types\/post"}],"author":[{"embeddable":true,"href":"https:\/\/catolicanet.net\/wp-cnet\/wp-json\/wp\/v2\/users\/1"}],"replies":[{"embeddable":true,"href":"https:\/\/catolicanet.net\/wp-cnet\/wp-json\/wp\/v2\/comments?post=6487"}],"version-history":[{"count":1,"href":"https:\/\/catolicanet.net\/wp-cnet\/wp-json\/wp\/v2\/posts\/6487\/revisions"}],"predecessor-version":[{"id":11411,"href":"https:\/\/catolicanet.net\/wp-cnet\/wp-json\/wp\/v2\/posts\/6487\/revisions\/11411"}],"wp:attachment":[{"href":"https:\/\/catolicanet.net\/wp-cnet\/wp-json\/wp\/v2\/media?parent=6487"}],"wp:term":[{"taxonomy":"category","embeddable":true,"href":"https:\/\/catolicanet.net\/wp-cnet\/wp-json\/wp\/v2\/categories?post=6487"},{"taxonomy":"post_tag","embeddable":true,"href":"https:\/\/catolicanet.net\/wp-cnet\/wp-json\/wp\/v2\/tags?post=6487"}],"curies":[{"name":"wp","href":"https:\/\/api.w.org\/{rel}","templated":true}]}}