{"id":64868,"date":"2020-12-04T10:43:37","date_gmt":"2020-12-04T13:43:37","guid":{"rendered":"https:\/\/catolicanet.net\/wp-cnet\/?p=64868"},"modified":"2020-12-04T19:44:46","modified_gmt":"2020-12-04T22:44:46","slug":"celebre-em-familia-o-dia-do-senhor-baixe-o-roteiro-para-o-2o-domingo-do-advento","status":"publish","type":"post","link":"https:\/\/catolicanet.net\/wp-cnet\/celebre-em-familia-o-dia-do-senhor-baixe-o-roteiro-para-o-2o-domingo-do-advento\/","title":{"rendered":"CELEBRE EM FAM\u00cdLIA O DIA DO SENHOR: BAIXE O ROTEIRO PARA O 2\u00ba DOMINGO DO ADVENTO"},"content":{"rendered":"<div class=\"elementor-element elementor-element-3a087bd2 elementor-widget elementor-widget-theme-post-content\" data-id=\"3a087bd2\" data-element_type=\"widget\" data-widget_type=\"theme-post-content.default\">\n<div class=\"elementor-widget-container\">\n<p style=\"text-align: justify;\">Est\u00e1 dispon\u00edvel o roteiro para a celebra\u00e7\u00e3o em fam\u00edlia do 2\u00ba Domingo do Advento. O material \u00e9 oferecido pela Comiss\u00e3o Episcopal Pastoral para a Liturgia da Confer\u00eancia Nacional dos Bispos do Brasil (CNBB).<\/p>\n<p style=\"text-align: justify;\">Neste segundo domingo da caminhada rumo ao Natal, a Liturgia convida \u00e0 prepara\u00e7\u00e3o para acolher o Filho de Deus, Jesus Cristo, em nossos cora\u00e7\u00f5es, em nossas casas, em nossas fam\u00edlias e comunidades. Assim, a Leitura e o Evangelho trazem a profecia de Isa\u00edas encarnada por Jo\u00e3o Batista, que anuncia o Salvador: \u201c\u2018Preparai o caminho do Senhor, endireitai suas estradas!&#8217;\u201d.<\/p>\n<p style=\"text-align: justify;\">O roteiro Celebrar em fam\u00edlia \u00e9 oferecido pela CNBB neste tempo de pandemia para favorecer a participa\u00e7\u00e3o dos fi\u00e9is na vida da Igreja, meditando e rezando a liturgia da Palavra de cada domingo. \u201cVivendo a dignidade de povo sacerdotal que nosso batismo nos conferiu, podemos n\u00e3o s\u00f3 acompanhar, mas CELEBRAR com nossas fam\u00edlias o Dia do Senhor\u201d, ressalta a Comiss\u00e3o para a Liturgia.<\/p>\n<p style=\"text-align: justify;\">Baixe o roteiro:<\/p>\n<div class=\"iframely-embed\">\n<div class=\"iframely-responsive\" style=\"text-align: justify;\"><iframe src=\"https:\/\/cdn.iframe.ly\/oRoaaDF?maxheight=1000&amp;v=1&amp;app=1\" allowfullscreen=\"allowfullscreen\" data-mce-fragment=\"1\"><\/iframe><\/div>\n<\/div>\n<p>&nbsp;<\/p>\n<\/div>\n<\/div>\n","protected":false},"excerpt":{"rendered":"<p>Est\u00e1 dispon\u00edvel o roteiro para a celebra\u00e7\u00e3o em fam\u00edlia do 2\u00ba Domingo do Advento. O material \u00e9 oferecido pela Comiss\u00e3o Episcopal Pastoral para a Liturgia da Confer\u00eancia Nacional dos Bispos do Brasil (CNBB). Neste segundo domingo da caminhada rumo ao Natal, a Liturgia convida \u00e0 prepara\u00e7\u00e3o para acolher o Filho de Deus, Jesus Cristo, em [&hellip;]<\/p>\n","protected":false},"author":1,"featured_media":64869,"comment_status":"open","ping_status":"closed","sticky":false,"template":"","format":"standard","meta":{"footnotes":""},"categories":[7],"tags":[],"class_list":["post-64868","post","type-post","status-publish","format-standard","has-post-thumbnail","hentry","category-cnbb"],"_links":{"self":[{"href":"https:\/\/catolicanet.net\/wp-cnet\/wp-json\/wp\/v2\/posts\/64868","targetHints":{"allow":["GET"]}}],"collection":[{"href":"https:\/\/catolicanet.net\/wp-cnet\/wp-json\/wp\/v2\/posts"}],"about":[{"href":"https:\/\/catolicanet.net\/wp-cnet\/wp-json\/wp\/v2\/types\/post"}],"author":[{"embeddable":true,"href":"https:\/\/catolicanet.net\/wp-cnet\/wp-json\/wp\/v2\/users\/1"}],"replies":[{"embeddable":true,"href":"https:\/\/catolicanet.net\/wp-cnet\/wp-json\/wp\/v2\/comments?post=64868"}],"version-history":[{"count":1,"href":"https:\/\/catolicanet.net\/wp-cnet\/wp-json\/wp\/v2\/posts\/64868\/revisions"}],"predecessor-version":[{"id":64870,"href":"https:\/\/catolicanet.net\/wp-cnet\/wp-json\/wp\/v2\/posts\/64868\/revisions\/64870"}],"wp:featuredmedia":[{"embeddable":true,"href":"https:\/\/catolicanet.net\/wp-cnet\/wp-json\/wp\/v2\/media\/64869"}],"wp:attachment":[{"href":"https:\/\/catolicanet.net\/wp-cnet\/wp-json\/wp\/v2\/media?parent=64868"}],"wp:term":[{"taxonomy":"category","embeddable":true,"href":"https:\/\/catolicanet.net\/wp-cnet\/wp-json\/wp\/v2\/categories?post=64868"},{"taxonomy":"post_tag","embeddable":true,"href":"https:\/\/catolicanet.net\/wp-cnet\/wp-json\/wp\/v2\/tags?post=64868"}],"curies":[{"name":"wp","href":"https:\/\/api.w.org\/{rel}","templated":true}]}}