{"id":64856,"date":"2020-12-04T09:33:38","date_gmt":"2020-12-04T12:33:38","guid":{"rendered":"https:\/\/catolicanet.net\/wp-cnet\/?p=64856"},"modified":"2020-12-04T19:36:39","modified_gmt":"2020-12-04T22:36:39","slug":"rede-mundial-de-oracao-do-papa-torna-se-fundacao-vaticana-2","status":"publish","type":"post","link":"https:\/\/catolicanet.net\/wp-cnet\/rede-mundial-de-oracao-do-papa-torna-se-fundacao-vaticana-2\/","title":{"rendered":"REDE MUNDIAL DE ORA\u00c7\u00c3O DO PAPA TORNA-SE FUNDA\u00c7\u00c3O VATICANA"},"content":{"rendered":"<p style=\"text-align: justify;\">A Sala de Imprensa da Santa S\u00e9 divulgou um comunicado, nesta quinta-feira (03\/12), a prop\u00f3sito de um quir\u00f3grafo do Papa Francisco, datado 17 de novembro, com o qual o Pont\u00edfice erigiu, como pessoa jur\u00eddica can\u00f4nica e vaticana, a Funda\u00e7\u00e3o\u00a0<i>Rede Mundial de Ora\u00e7\u00e3o do Papa<\/i>, antigo Apostolado da Ora\u00e7\u00e3o, com sede no Estado da Cidade do Vaticano. O organismo continuar\u00e1 aos cuidados da Companhia de Jesus. Os estatutos, aprovados pelo Papa, entrar\u00e3o em vigor a partir de 17 de dezembro,\u00a0<i>ad experimentum<\/i>\u00a0por tr\u00eas anos a partir da data de aprova\u00e7\u00e3o.<\/p>\n<div style=\"text-align: justify;\">\n<div class=\"article__embed article__embed--unwrap article__embed--dark\">\n<div class=\"article__innerTitle\">O objetivo da Funda\u00e7\u00e3o \u00e9 coordenar e animar o vasto movimento espiritual, muito querido ao Santo Padre, que acolhe e difunde as inten\u00e7\u00f5es de ora\u00e7\u00e3o mensais propostas pelo Papa \u00e0 Igreja. Francisco nomeou o padre Frederic Fornos,\u00a0 diretor internacional da Funda\u00e7\u00e3o.<\/div>\n<div><\/div>\n<\/div>\n<\/div>\n<h2 style=\"text-align: justify;\">Rezar com o cora\u00e7\u00e3o sincero<\/h2>\n<p style=\"text-align: justify;\">A Rede Mundial de Ora\u00e7\u00e3o do Papa, antigo Apostolado da Ora\u00e7\u00e3o, teve in\u00edcio na Fran\u00e7a, em 1844, com o jesu\u00edta pe. Fran\u00e7ois-Xavier Gautrelet, fundada na espiritualidade do Sagrado Cora\u00e7\u00e3o de Jesus. Inicialmente destinado aos jovens jesu\u00edtas durante a forma\u00e7\u00e3o inicial, expandiu-se rapidamente como um apostolado de ora\u00e7\u00e3o para a miss\u00e3o da Igreja, alcan\u00e7ando cerca de 13 milh\u00f5es de membros em muitos pa\u00edses. Mais tarde, em 1915, nasceu sua se\u00e7\u00e3o juvenil, a Cruzada Eucar\u00edstica, hoje Movimento Eucar\u00edstico Juvenil.<\/p>\n<p style=\"text-align: justify;\">Alguns anos atr\u00e1s, o Papa Francisco instituiu a Rede Mundial de Ora\u00e7\u00e3o do Papa como Obra Pontif\u00edcia a fim de destacar o car\u00e1ter universal desse apostolado e a necessidade de que precisamos rezar cada vez mais e com o cora\u00e7\u00e3o sincero.<\/p>\n<p style=\"text-align: justify;\">A Rede Mundial de Ora\u00e7\u00e3o do Papa apoia sua miss\u00e3o de evangeliza\u00e7\u00e3o, permitindo \u201csair da \u2018globaliza\u00e7\u00e3o da indiferen\u00e7a\u2019 e abrir-se \u00e0 compaix\u00e3o pelo mundo.<\/p>\n<p style=\"text-align: justify;\">V\u00e1rias vezes os Estatutos passaram por emendas \u201ctornando-se cada vez mais um servi\u00e7o da Santa S\u00e9 pr\u00f3ximo \u00e0 da ora\u00e7\u00e3o pelas inten\u00e7\u00f5es do Santo Padre (como desejavam especialmente Le\u00e3o XIII e Pio XI). Em continua\u00e7\u00e3o com os seus predecessores, em 2018, Francisco quis que este servi\u00e7o ao Santo Padre, atrav\u00e9s da ora\u00e7\u00e3o, se tornasse uma Obra Pontif\u00edcia. \u201cVendo o Apostolado da Ora\u00e7\u00e3o como miss\u00e3o da Santa S\u00e9 confiada \u00e0 Companhia de Jesus, a partir de agora\u201d, l\u00ea-se a este respeito nos Estatutos, como Rede Mundial de Ora\u00e7\u00e3o do Papa, continua a liga\u00e7\u00e3o com a Companhia, mas se abre a uma dimens\u00e3o universal, colocando-se a servi\u00e7o de cada Igreja particular no mundo\u201d.<\/p>\n<h2 style=\"text-align: justify;\">Viver o car\u00e1ter mission\u00e1rio<\/h2>\n<p style=\"text-align: justify;\">A Rede Mundial de Ora\u00e7\u00e3o do Papa \u201cest\u00e1 aberta a todos os cat\u00f3licos que desejam despertar, renovar e viver o car\u00e1ter mission\u00e1rio que procede de seu batismo\u201d e prop\u00f5e um percurso espiritual chamado \u201cO Caminho do Cora\u00e7\u00e3o\u201d, que integra duas dimens\u00f5es: comprometer-se a promover as inten\u00e7\u00f5es de ora\u00e7\u00e3o do Papa que \u201cexpressam os desafios da humanidade e a miss\u00e3o da Igreja\u201d fazendo suas as alegrias e tristezas da humanidade e tamb\u00e9m deixar-se inspirar \u201cpara realizar obras de miseric\u00f3rdia espiritual e corporal\u201d. E a dimens\u00e3o ligada \u00e0 voca\u00e7\u00e3o mission\u00e1ria do batizado, \u201cpermitindo-lhe colaborar em sua vida cotidiana, com a miss\u00e3o que o Pai confiou a seu Filho\u201d. \u201cO Caminho do Cora\u00e7\u00e3o\u201d \u00e9 \u201cum processo espiritual estruturado pedagogicamente para identificar-se com o pensamento, a vontade e os projetos de Jesus\u201d. Desta forma, a pessoa\u00a0 batizada se prop\u00f5e a acolher e servir o Reino de Deus, motivada pela compaix\u00e3o no estilo do Filho de Deus\u201d, l\u00ea-se nos Estatutos.<\/p>\n<p style=\"text-align: justify;\">A Funda\u00e7\u00e3o, afirmam os Estatutos, est\u00e1 diretamente sujeita \u00e0 autoridade do Sumo Pont\u00edfice, que a governa atrav\u00e9s da Secretaria de Estado, levando em considera\u00e7\u00e3o a entrega hist\u00f3rica do Apostolado da Ora\u00e7\u00e3o \u00e0 Companhia de Jesus desde o in\u00edcio.<\/p>\n<p style=\"text-align: justify;\">Inten\u00e7\u00e3o de Ora\u00e7\u00e3o<\/p>\n<p style=\"text-align: justify;\">A Rede Mundial de Ora\u00e7\u00e3o do Papa \u00e9 a respons\u00e1vel por divulgar a s\u00e9rie \u201cO V\u00eddeo do Papa\u201d, uma iniciativa oficial de alcance global que tem como objetivo difundir as inten\u00e7\u00f5es de ora\u00e7\u00e3o mensais do Santo Padre. O projeto conta com o apoio do\u00a0<a href=\"https:\/\/lamachi.us2.list-manage.com\/track\/click?u=f4ad1af194e3c394ddd3c2b53&amp;id=ebd88d01b6&amp;e=dc6eac438a\" target=\"_blank\" rel=\"noopener noreferrer\" data-auth=\"NotApplicable\">Vatican Media<\/a>. Neste m\u00eas, o\u00a0<a href=\"https:\/\/lamachi.us2.list-manage.com\/track\/click?u=f4ad1af194e3c394ddd3c2b53&amp;id=ec92fe0b73&amp;e=dc6eac438a\" target=\"_blank\" rel=\"noopener noreferrer\" data-auth=\"NotApplicable\">V\u00eddeo do Papa<\/a>\u00a0\u00e9 sobre o poder da ora\u00e7\u00e3o para mudar a realidade e os cora\u00e7\u00f5es. Francisco pede que, por meio de uma vida de ora\u00e7\u00e3o, possamos nutrir nosso relacionamento com Jesus Cristo.<\/p>\n<div class=\"ast-oembed-container\" style=\"text-align: justify;\">\n<div>\n<div>\n<div class=\"rll-youtube-player\" data-src=\"https:\/\/www.youtube.com\/embed\/Si34LBs_1sw\" data-id=\"Si34LBs_1sw\" data-query=\"rel=0\">\n<div data-id=\"Si34LBs_1sw\" data-query=\"rel=0\" data-src=\"https:\/\/www.youtube.com\/embed\/Si34LBs_1sw\"><img loading=\"lazy\" decoding=\"async\" class=\"lazyloaded\" src=\"https:\/\/i.ytimg.com\/vi\/Si34LBs_1sw\/hqdefault.jpg\" alt=\"\" width=\"480\" height=\"360\" data-ll-status=\"loaded\" \/><\/p>\n<div class=\"play\"><\/div>\n<\/div>\n<\/div>\n<\/div>\n<\/div>\n<\/div>\n<p style=\"text-align: justify;\">\n<pre>Com informa\u00e7\u00f5es de Vatican News<\/pre>\n","protected":false},"excerpt":{"rendered":"<p>A Sala de Imprensa da Santa S\u00e9 divulgou um comunicado, nesta quinta-feira (03\/12), a prop\u00f3sito de um quir\u00f3grafo do Papa Francisco, datado 17 de novembro, com o qual o Pont\u00edfice erigiu, como pessoa jur\u00eddica can\u00f4nica e vaticana, a Funda\u00e7\u00e3o\u00a0Rede Mundial de Ora\u00e7\u00e3o do Papa, antigo Apostolado da Ora\u00e7\u00e3o, com sede no Estado da Cidade do [&hellip;]<\/p>\n","protected":false},"author":1,"featured_media":64857,"comment_status":"open","ping_status":"closed","sticky":false,"template":"","format":"standard","meta":{"footnotes":""},"categories":[7],"tags":[],"class_list":["post-64856","post","type-post","status-publish","format-standard","has-post-thumbnail","hentry","category-cnbb"],"_links":{"self":[{"href":"https:\/\/catolicanet.net\/wp-cnet\/wp-json\/wp\/v2\/posts\/64856","targetHints":{"allow":["GET"]}}],"collection":[{"href":"https:\/\/catolicanet.net\/wp-cnet\/wp-json\/wp\/v2\/posts"}],"about":[{"href":"https:\/\/catolicanet.net\/wp-cnet\/wp-json\/wp\/v2\/types\/post"}],"author":[{"embeddable":true,"href":"https:\/\/catolicanet.net\/wp-cnet\/wp-json\/wp\/v2\/users\/1"}],"replies":[{"embeddable":true,"href":"https:\/\/catolicanet.net\/wp-cnet\/wp-json\/wp\/v2\/comments?post=64856"}],"version-history":[{"count":1,"href":"https:\/\/catolicanet.net\/wp-cnet\/wp-json\/wp\/v2\/posts\/64856\/revisions"}],"predecessor-version":[{"id":64858,"href":"https:\/\/catolicanet.net\/wp-cnet\/wp-json\/wp\/v2\/posts\/64856\/revisions\/64858"}],"wp:featuredmedia":[{"embeddable":true,"href":"https:\/\/catolicanet.net\/wp-cnet\/wp-json\/wp\/v2\/media\/64857"}],"wp:attachment":[{"href":"https:\/\/catolicanet.net\/wp-cnet\/wp-json\/wp\/v2\/media?parent=64856"}],"wp:term":[{"taxonomy":"category","embeddable":true,"href":"https:\/\/catolicanet.net\/wp-cnet\/wp-json\/wp\/v2\/categories?post=64856"},{"taxonomy":"post_tag","embeddable":true,"href":"https:\/\/catolicanet.net\/wp-cnet\/wp-json\/wp\/v2\/tags?post=64856"}],"curies":[{"name":"wp","href":"https:\/\/api.w.org\/{rel}","templated":true}]}}