{"id":6485,"date":"2015-08-21T13:07:25","date_gmt":"2015-08-21T16:07:25","guid":{"rendered":"http:\/\/catolicanet.net\/wp-cnet\/cardeal-tauran-em-rimini-a-religiao-nao-divide-e-nao-gera-violencia\/"},"modified":"2017-04-11T14:51:48","modified_gmt":"2017-04-11T17:51:48","slug":"cardeal-tauran-em-rimini-a-religiao-nao-divide-e-nao-gera-violencia","status":"publish","type":"post","link":"https:\/\/catolicanet.net\/wp-cnet\/cardeal-tauran-em-rimini-a-religiao-nao-divide-e-nao-gera-violencia\/","title":{"rendered":"Cardeal Tauran em Rimini: a religi\u00e3o n\u00e3o divide e n\u00e3o gera viol\u00eancia"},"content":{"rendered":"<p style=\"text-align: justify;\"><img decoding=\"async\" src=\"http:\/\/catolicanet.com.br\/images\/stories\/geral\/ansa643586_articolo.jpg\" border=\"0\" align=\"left\" \/> \u201cA religi\u00e3o n\u00e3o divide e n\u00e3o gera viol\u00eancia\u201d: eis a mensagem do Cardeal Jean-Louis Tauran, Presidente do Pontif\u00edcio Conselho para o Di\u00e1logo Inter-religioso, na inaugura\u00e7\u00e3o, na tarde desta quinta-feira, em Rimini, centro-oeste da It\u00e1lia, do tradicional Encontro de Amizade entre os Povos, promovido pelo Movimento \u201cComunh\u00e3o e Liberta\u00e7\u00e3o\u201d.<\/p>\n<p>Juntamente com expoentes do Islamismo, o rabino Haim Korsia, e do Juda\u00edsmo, prof. Azzedine Gaci, o Cardeal Tauran recorda que \u201cas religi\u00f5es n\u00e3o devem ser um problema, mas parte da sua solu\u00e7\u00e3o, em um mundo ferido pelo fundamentalismo e aterrorizado por atentados, perpetrados por uma minoria an\u00f4nima.<\/p>\n<p>Os tr\u00eas expoentes das grandes religi\u00f5es monote\u00edstas afirmam seu \u201cn\u00e3o\u201d decidido aos sectarismos e \u00e0s devia\u00e7\u00f5es e seu \u201csim\u201d ao respeito da dignidade humana e a uma responsabilidade sempre maior dos guias espirituais.<\/p>\n<p>O Cardeal Tauran, por sua vez, frisa que \u201ca toler\u00e2ncia \u00e9 um termo que implica a ideia de aceita\u00e7\u00e3o e n\u00e3o de partilha\u201d. \u00c9 preciso dar um passo adiante, afirma, acatando a exist\u00eancia do outro como condi\u00e7\u00e3o essencial da pr\u00f3pria exist\u00eancia. Eis a prova que enriquece a vida de um ser humano.<\/p>\n<p>Vivemos em um mundo muito paradoxal, conclui o Cardeal franc\u00eas: de um lado, alguns proclamam a morte de Deus e a n\u00e3o necessidade de Deus; de outro, nunca se ouviu falar tanto de Deus, como em nossos dias. \u201cCrist\u00e3os, Judeus e Mu\u00e7ulmanos devem acolher tr\u00eas desafios: a identidade da nossa f\u00e9; o altru\u00edsmo com os irm\u00e3os das outras religi\u00f5es; enfim, sinceridade nas nossas inten\u00e7\u00f5es. O di\u00e1logo inter-religioso deve favorecer a convers\u00e3o, o di\u00e1logo e a verdade\u201d!<\/p>\n<p style=\"text-align: justify;\">Fonte: R\u00e1dio Vaticano<\/p>\n","protected":false},"excerpt":{"rendered":"<p>\u201cA religi\u00e3o n\u00e3o divide e n\u00e3o gera viol\u00eancia\u201d: eis a mensagem do Cardeal Jean-Louis Tauran, Presidente do Pontif\u00edcio Conselho para o Di\u00e1logo Inter-religioso, na inaugura\u00e7\u00e3o, na tarde desta quinta-feira, em Rimini, centro-oeste da It\u00e1lia, do tradicional Encontro de Amizade entre os Povos, promovido pelo Movimento \u201cComunh\u00e3o e Liberta\u00e7\u00e3o\u201d. Juntamente com expoentes do Islamismo, o rabino [&hellip;]<\/p>\n","protected":false},"author":1,"featured_media":0,"comment_status":"closed","ping_status":"closed","sticky":false,"template":"","format":"standard","meta":{"footnotes":""},"categories":[3],"tags":[],"class_list":["post-6485","post","type-post","status-publish","format-standard","hentry","category-vaticano"],"_links":{"self":[{"href":"https:\/\/catolicanet.net\/wp-cnet\/wp-json\/wp\/v2\/posts\/6485","targetHints":{"allow":["GET"]}}],"collection":[{"href":"https:\/\/catolicanet.net\/wp-cnet\/wp-json\/wp\/v2\/posts"}],"about":[{"href":"https:\/\/catolicanet.net\/wp-cnet\/wp-json\/wp\/v2\/types\/post"}],"author":[{"embeddable":true,"href":"https:\/\/catolicanet.net\/wp-cnet\/wp-json\/wp\/v2\/users\/1"}],"replies":[{"embeddable":true,"href":"https:\/\/catolicanet.net\/wp-cnet\/wp-json\/wp\/v2\/comments?post=6485"}],"version-history":[{"count":1,"href":"https:\/\/catolicanet.net\/wp-cnet\/wp-json\/wp\/v2\/posts\/6485\/revisions"}],"predecessor-version":[{"id":11413,"href":"https:\/\/catolicanet.net\/wp-cnet\/wp-json\/wp\/v2\/posts\/6485\/revisions\/11413"}],"wp:attachment":[{"href":"https:\/\/catolicanet.net\/wp-cnet\/wp-json\/wp\/v2\/media?parent=6485"}],"wp:term":[{"taxonomy":"category","embeddable":true,"href":"https:\/\/catolicanet.net\/wp-cnet\/wp-json\/wp\/v2\/categories?post=6485"},{"taxonomy":"post_tag","embeddable":true,"href":"https:\/\/catolicanet.net\/wp-cnet\/wp-json\/wp\/v2\/tags?post=6485"}],"curies":[{"name":"wp","href":"https:\/\/api.w.org\/{rel}","templated":true}]}}