{"id":64846,"date":"2020-12-04T09:43:23","date_gmt":"2020-12-04T12:43:23","guid":{"rendered":"https:\/\/catolicanet.net\/wp-cnet\/?p=64846"},"modified":"2020-12-04T11:58:11","modified_gmt":"2020-12-04T14:58:11","slug":"o-papa-com-amizade-social-nao-havera-guerras","status":"publish","type":"post","link":"https:\/\/catolicanet.net\/wp-cnet\/o-papa-com-amizade-social-nao-havera-guerras\/","title":{"rendered":"O Papa: com amizade social n\u00e3o haver\u00e1 guerras"},"content":{"rendered":"<div class=\"article__subTitle\" style=\"text-align: justify;\">Francisco fala aos participantes do 23\u00ba Dia da Pastoral Social na Argentina, enfatizando o tema da &#8220;Fraternidade e amizade social&#8221;. &#8220;Olhando como vai o mundo, guerras para todo lado, estamos vivendo a Terceira Guerra Mundial em peda\u00e7os. Isto n\u00e3o \u00e9 amizade social&#8221;, ressalta na mensagem de v\u00eddeo.<\/div>\n<div class=\"title__separator\" style=\"text-align: justify;\"><\/div>\n<div class=\"article__text \">\n<div style=\"text-align: justify;\">\n<div class=\"article__embed article__embed--unwrap article__embed--dark\">\n<div>\n<p><iframe loading=\"lazy\" title=\"O Papa: com amizade social n\u00e3o haver\u00e1 guerras\" width=\"696\" height=\"392\" src=\"https:\/\/www.youtube.com\/embed\/NmGRAlEL2dY?feature=oembed\" frameborder=\"0\" allow=\"accelerometer; autoplay; clipboard-write; encrypted-media; gyroscope; picture-in-picture\" allowfullscreen><\/iframe><\/p>\n<\/div>\n<\/div>\n<\/div>\n<p style=\"text-align: justify;\"><b>Mariangela Jaguraba &#8211; Vatican News<\/b><\/p>\n<p style=\"text-align: justify;\">Foi divulgada, na tarde desta quinta-feira (03\/12), a videomensagem do Papa Francisco para o 23\u00ba Dia da Pastoral Social na Argentina sobre o tema \u201cPor uma cultura do encontro, um pa\u00eds para todos. Fraternidade e amizade social\u201d.<\/p>\n<div style=\"text-align: justify;\">\n<div class=\"article__embed article__embed--unwrap article__embed--dark\">\n<div class=\"article__innerTitle\">Ou\u00e7a e compartilhe<\/div>\n<div>\n<!--[if lt IE 9]><script>document.createElement('audio');<\/script><![endif]-->\n<audio class=\"wp-audio-shortcode\" id=\"audio-64846-1\" preload=\"none\" style=\"width: 100%;\" controls=\"controls\"><source type=\"audio\/mpeg\" src=\"https:\/\/media.vaticannews.va\/media\/audio\/s1\/2020\/12\/04\/10\/135810824_F135810824.mp3?_=1\" \/><a href=\"https:\/\/media.vaticannews.va\/media\/audio\/s1\/2020\/12\/04\/10\/135810824_F135810824.mp3\">https:\/\/media.vaticannews.va\/media\/audio\/s1\/2020\/12\/04\/10\/135810824_F135810824.mp3<\/a><\/audio>\n<\/div>\n<\/div>\n<\/div>\n<p style=\"text-align: justify;\">Este \u00e9 um tema que preocupa o Pont\u00edfice, \u201cporque pelo pecado, pelas tend\u00eancias, vamos sempre em dire\u00e7\u00e3o \u00e0 inimizade, \u00e0 guerra, esquecendo que a nossa voca\u00e7\u00e3o \u00e9 a da harmonia, da fraternidade, \u00e9 ser irm\u00e3os. Amizade social\u201d.<\/p>\n<h2 style=\"text-align: justify;\">Inimigos da amizade social<\/h2>\n<p style=\"text-align: justify;\">\u201cOlhando como vai o mundo, guerras para todo lado, estamos vivendo a Terceira Guerra Mundial em peda\u00e7os. Isto n\u00e3o \u00e9 amizade social. Olhamos muitos pa\u00edses onde n\u00e3o se sabe dialogar, se grita. Antes que a outra pessoa termine de expressar o seu pensamento, j\u00e1 estamos respondendo, sem ter ouvido\u201d, sublinha na mensagem de v\u00eddeo.<\/p>\n<p style=\"text-align: justify;\">Segundo Francisco, \u201cn\u00e3o pode haver amizade social sem ouvir, sem ouvir o outro. Para ouvir o outro deve haver no meu cora\u00e7\u00e3o a convic\u00e7\u00e3o de que o outro tem algo de bom para me dizer\u201d.<\/p>\n<p style=\"text-align: justify;\">A seguir, o Papa cita dois grandes inimigos da amizade social. \u201cO primeiro s\u00e3o as\u00a0<b>ideologias<\/b>\u00a0que comandam tudo. Elas tendem a comandar e as ideologias conseguem desarmar a concretude da natureza humana. O segundo inimigo s\u00e3o as\u00a0<b>paix\u00f5es<\/b>. A paix\u00e3o muitas vezes tenta eliminar o outro. N\u00e3o deixa o outro ocupar o seu lugar.\u201d<\/p>\n<h2 style=\"text-align: justify;\">Existe muita inimizade social<\/h2>\n<p style=\"text-align: justify;\">\u201cIdeologias e paix\u00f5es em todo o mundo v\u00e3o contra a amizade social. \u00c9 verdade que existem bons n\u00facleos de amizade social no mundo, mas tamb\u00e9m \u00e9 verdade que existe muita, muita inimizade social\u201d, frisa o Papa.<\/p>\n<p style=\"text-align: justify;\">O Pont\u00edfice mencionou como exemplo as guerras, mas convidou a olhar para algumas periferias. \u201cOlhamos para as crian\u00e7as sem escola, para as pessoas que passam fome, para as pessoas que n\u00e3o t\u00eam assist\u00eancia m\u00e9dica, para a imensa quantidade de pessoas que n\u00e3o t\u00eam \u00e1gua encanada, para as pessoas que n\u00e3o t\u00eam acesso ao m\u00ednimo para viver com dignidade. Esses s\u00e3o os sinais de que no mundo de hoje n\u00e3o existe amizade social.\u201d<\/p>\n<p style=\"text-align: justify;\">De acordo com o Papa, devemos nos perguntar se existe amizade social ao nosso redor, nos lugares onde vivemos, onde trabalhamos.<\/p>\n<h2 style=\"text-align: justify;\">Se houver amizade social, n\u00e3o haver\u00e1 guerras<\/h2>\n<p style=\"text-align: justify;\">\u201cSe houver amizade social, n\u00e3o haver\u00e1 guerras ou necessidades de qualquer tipo, e nenhuma educa\u00e7\u00e3o que n\u00e3o funcione bem. N\u00e3o nos esque\u00e7amos dos dois grandes inimigos: as ideologias que querem tomar posse da experi\u00eancia vivida de um povo e as paix\u00f5es, que s\u00e3o sempre como um rolo compressor, que v\u00e3o adiante e destroem em vez de dialogar.\u201d<\/p>\n<p style=\"text-align: justify;\">O Papa conclui a videomensagem, convidando os participantes do 23\u00ba Dia da Pastoral Social a darem o melhor de si e serem concretos, \u201ca n\u00e3o refletir no abstrato, mas com os p\u00e9s no ch\u00e3o, com dados concretos\u201d.<\/p>\n<\/div>\n","protected":false},"excerpt":{"rendered":"<p>Francisco fala aos participantes do 23\u00ba Dia da Pastoral Social na Argentina, enfatizando o tema da &#8220;Fraternidade e amizade social&#8221;. &#8220;Olhando como vai o mundo, guerras para todo lado, estamos vivendo a Terceira Guerra Mundial em peda\u00e7os. Isto n\u00e3o \u00e9 amizade social&#8221;, ressalta na mensagem de v\u00eddeo. Mariangela Jaguraba &#8211; Vatican News Foi divulgada, na [&hellip;]<\/p>\n","protected":false},"author":1,"featured_media":64847,"comment_status":"open","ping_status":"closed","sticky":false,"template":"","format":"standard","meta":{"footnotes":""},"categories":[3],"tags":[],"class_list":["post-64846","post","type-post","status-publish","format-standard","has-post-thumbnail","hentry","category-vaticano"],"_links":{"self":[{"href":"https:\/\/catolicanet.net\/wp-cnet\/wp-json\/wp\/v2\/posts\/64846","targetHints":{"allow":["GET"]}}],"collection":[{"href":"https:\/\/catolicanet.net\/wp-cnet\/wp-json\/wp\/v2\/posts"}],"about":[{"href":"https:\/\/catolicanet.net\/wp-cnet\/wp-json\/wp\/v2\/types\/post"}],"author":[{"embeddable":true,"href":"https:\/\/catolicanet.net\/wp-cnet\/wp-json\/wp\/v2\/users\/1"}],"replies":[{"embeddable":true,"href":"https:\/\/catolicanet.net\/wp-cnet\/wp-json\/wp\/v2\/comments?post=64846"}],"version-history":[{"count":1,"href":"https:\/\/catolicanet.net\/wp-cnet\/wp-json\/wp\/v2\/posts\/64846\/revisions"}],"predecessor-version":[{"id":64848,"href":"https:\/\/catolicanet.net\/wp-cnet\/wp-json\/wp\/v2\/posts\/64846\/revisions\/64848"}],"wp:featuredmedia":[{"embeddable":true,"href":"https:\/\/catolicanet.net\/wp-cnet\/wp-json\/wp\/v2\/media\/64847"}],"wp:attachment":[{"href":"https:\/\/catolicanet.net\/wp-cnet\/wp-json\/wp\/v2\/media?parent=64846"}],"wp:term":[{"taxonomy":"category","embeddable":true,"href":"https:\/\/catolicanet.net\/wp-cnet\/wp-json\/wp\/v2\/categories?post=64846"},{"taxonomy":"post_tag","embeddable":true,"href":"https:\/\/catolicanet.net\/wp-cnet\/wp-json\/wp\/v2\/tags?post=64846"}],"curies":[{"name":"wp","href":"https:\/\/api.w.org\/{rel}","templated":true}]}}