{"id":64820,"date":"2020-12-01T09:39:07","date_gmt":"2020-12-01T12:39:07","guid":{"rendered":"https:\/\/catolicanet.net\/wp-cnet\/?p=64820"},"modified":"2020-12-01T16:57:25","modified_gmt":"2020-12-01T19:57:25","slug":"live-sobre-a-fratelli-tutti-nesta-terca-feira-trata-das-religioes-a-servico-da-fraternidade-no-mundo","status":"publish","type":"post","link":"https:\/\/catolicanet.net\/wp-cnet\/live-sobre-a-fratelli-tutti-nesta-terca-feira-trata-das-religioes-a-servico-da-fraternidade-no-mundo\/","title":{"rendered":"LIVE SOBRE A FRATELLI TUTTI NESTA TER\u00c7A-FEIRA TRATA DAS RELIGI\u00d5ES A SERVI\u00c7O DA FRATERNIDADE NO MUNDO"},"content":{"rendered":"<p style=\"text-align: justify;\">Nesta ter\u00e7a-feira, a live promovida pela Confer\u00eancia Nacional dos Bispos do Brasil (CNBB) para aprofundar a enc\u00edclica Fratelli Tutti, do Papa Francisco, vai abordar o cap\u00edtulo oitavo, no qual o Papa Francisco reflete sobre \u201cAs religi\u00f5es a servi\u00e7o da Fraternidade no Mundo\u201d. Ser\u00e1 poss\u00edvel acompanhar pelas redes sociais da CNBB, a partir das 17h.<\/p>\n<p style=\"text-align: justify;\">A media\u00e7\u00e3o ser\u00e1 feita pelo\u00a0secretario executivo de Campanhas da CNBB, padre Patriky Samuel Batista. S\u00e3o os participantes: o bispo de Ponta de Pedras (PA), dom Teodoro Mendes Tavares, membro da Comiss\u00e3o Episcopal Pastoral para o Ecumenismo e o Di\u00e1logo Inter-Religioso da CNBB, e o subsecret\u00e1rio adjunto de Pastoral da CNBB e assessor da Comiss\u00e3o para o Ecumenismo, padre Marcus Barbosa.<\/p>\n<p style=\"text-align: justify;\"><img loading=\"lazy\" decoding=\"async\" class=\"wp-image-255907 alignleft lazyloaded\" src=\"https:\/\/eadn-wc02-718006.nxedge.io\/cdn\/wp-content\/uploads\/2020\/12\/Live-fratelli-Tutti-01122020-1-300x300.jpeg\" sizes=\"auto, (max-width: 234px) 100vw, 234px\" srcset=\"https:\/\/eadn-wc02-718006.nxedge.io\/cdn\/wp-content\/uploads\/2020\/12\/Live-fratelli-Tutti-01122020-1-300x300.jpeg 300w, https:\/\/eadn-wc02-718006.nxedge.io\/cdn\/wp-content\/uploads\/2020\/12\/Live-fratelli-Tutti-01122020-1-1024x1024.jpeg 1024w, https:\/\/eadn-wc02-718006.nxedge.io\/cdn\/wp-content\/uploads\/2020\/12\/Live-fratelli-Tutti-01122020-1-150x150.jpeg 150w, https:\/\/eadn-wc02-718006.nxedge.io\/cdn\/wp-content\/uploads\/2020\/12\/Live-fratelli-Tutti-01122020-1-768x768.jpeg 768w, https:\/\/eadn-wc02-718006.nxedge.io\/cdn\/wp-content\/uploads\/2020\/12\/Live-fratelli-Tutti-01122020-1-800x800.jpeg 800w, https:\/\/eadn-wc02-718006.nxedge.io\/cdn\/wp-content\/uploads\/2020\/12\/Live-fratelli-Tutti-01122020-1-500x500.jpeg 500w, https:\/\/eadn-wc02-718006.nxedge.io\/cdn\/wp-content\/uploads\/2020\/12\/Live-fratelli-Tutti-01122020-1.jpeg 1080w\" alt=\"\" width=\"234\" height=\"234\" data-ll-status=\"loaded\" \/>O Papa Francisco introduz este trecho do documento falando que as v\u00e1rias religi\u00f5es, \u201cao partir do reconhecimento do valor de cada pessoa humana como criatura chamada a ser filho ou filha de Deus, oferecem uma preciosa contribui\u00e7\u00e3o para a constru\u00e7\u00e3o da fraternidade e a defesa da justi\u00e7a na sociedade\u201d. Para o pont\u00edfice, no texto sobre a Fraternidade humana, o di\u00e1logo entre pessoas de diferentes religi\u00f5es n\u00e3o se faz apenas por diplomacia, amabilidade ou toler\u00e2ncia. \u201cComo ensinaram os bispos da \u00cdndia, \u00abo objetivo do di\u00e1logo \u00e9 estabelecer amizade, paz, harmonia e partilhar valores e experi\u00eancias morais e espirituais num esp\u00edrito de verdade e amor\u00bb.\u201d<\/p>\n<p style=\"text-align: justify;\">Acompanhe:<\/p>\n<div class=\"ast-oembed-container\" style=\"text-align: justify;\">\n<div class=\"rll-youtube-player\" data-src=\"https:\/\/www.youtube.com\/embed\/5urvk4Yp8fs\" data-id=\"5urvk4Yp8fs\" data-query=\"rel=0\">\n<div data-id=\"5urvk4Yp8fs\" data-query=\"rel=0\" data-src=\"https:\/\/www.youtube.com\/embed\/5urvk4Yp8fs\">\n<p><iframe loading=\"lazy\" title=\"#FratelliTutti | As Religi\u00f5es a Servi\u00e7o da Fraternidade no mund0\" width=\"696\" height=\"392\" src=\"https:\/\/www.youtube.com\/embed\/5urvk4Yp8fs?feature=oembed\" frameborder=\"0\" allow=\"accelerometer; autoplay; clipboard-write; encrypted-media; gyroscope; picture-in-picture\" allowfullscreen><\/iframe><\/p>\n<div class=\"play\"><\/div>\n<\/div>\n<\/div>\n<\/div>\n<p style=\"text-align: justify;\">\n<p style=\"text-align: justify;\"><a href=\"https:\/\/www.youtube.com\/channel\/UCxfekMH-WelNkVckwJ0C0cw\">Canal da CNBB no Youtube<\/a><\/p>\n<p style=\"text-align: justify;\"><a href=\"https:\/\/www.facebook.com\/cnbbnacional\/\">(3) CNBB \u2013 Confer\u00eancia dos Bispos | Facebook<\/a><\/p>\n","protected":false},"excerpt":{"rendered":"<p>Nesta ter\u00e7a-feira, a live promovida pela Confer\u00eancia Nacional dos Bispos do Brasil (CNBB) para aprofundar a enc\u00edclica Fratelli Tutti, do Papa Francisco, vai abordar o cap\u00edtulo oitavo, no qual o Papa Francisco reflete sobre \u201cAs religi\u00f5es a servi\u00e7o da Fraternidade no Mundo\u201d. Ser\u00e1 poss\u00edvel acompanhar pelas redes sociais da CNBB, a partir das 17h. A [&hellip;]<\/p>\n","protected":false},"author":1,"featured_media":64821,"comment_status":"open","ping_status":"closed","sticky":false,"template":"","format":"standard","meta":{"footnotes":""},"categories":[7],"tags":[],"class_list":["post-64820","post","type-post","status-publish","format-standard","has-post-thumbnail","hentry","category-cnbb"],"_links":{"self":[{"href":"https:\/\/catolicanet.net\/wp-cnet\/wp-json\/wp\/v2\/posts\/64820","targetHints":{"allow":["GET"]}}],"collection":[{"href":"https:\/\/catolicanet.net\/wp-cnet\/wp-json\/wp\/v2\/posts"}],"about":[{"href":"https:\/\/catolicanet.net\/wp-cnet\/wp-json\/wp\/v2\/types\/post"}],"author":[{"embeddable":true,"href":"https:\/\/catolicanet.net\/wp-cnet\/wp-json\/wp\/v2\/users\/1"}],"replies":[{"embeddable":true,"href":"https:\/\/catolicanet.net\/wp-cnet\/wp-json\/wp\/v2\/comments?post=64820"}],"version-history":[{"count":1,"href":"https:\/\/catolicanet.net\/wp-cnet\/wp-json\/wp\/v2\/posts\/64820\/revisions"}],"predecessor-version":[{"id":64822,"href":"https:\/\/catolicanet.net\/wp-cnet\/wp-json\/wp\/v2\/posts\/64820\/revisions\/64822"}],"wp:featuredmedia":[{"embeddable":true,"href":"https:\/\/catolicanet.net\/wp-cnet\/wp-json\/wp\/v2\/media\/64821"}],"wp:attachment":[{"href":"https:\/\/catolicanet.net\/wp-cnet\/wp-json\/wp\/v2\/media?parent=64820"}],"wp:term":[{"taxonomy":"category","embeddable":true,"href":"https:\/\/catolicanet.net\/wp-cnet\/wp-json\/wp\/v2\/categories?post=64820"},{"taxonomy":"post_tag","embeddable":true,"href":"https:\/\/catolicanet.net\/wp-cnet\/wp-json\/wp\/v2\/tags?post=64820"}],"curies":[{"name":"wp","href":"https:\/\/api.w.org\/{rel}","templated":true}]}}