{"id":64770,"date":"2020-11-30T10:12:24","date_gmt":"2020-11-30T13:12:24","guid":{"rendered":"https:\/\/catolicanet.net\/wp-cnet\/?p=64770"},"modified":"2020-11-30T13:14:16","modified_gmt":"2020-11-30T16:14:16","slug":"esta-e-a-oracao-que-o-papa-francisco-propoe-para-rezar-a-cada-dia-no-advento","status":"publish","type":"post","link":"https:\/\/catolicanet.net\/wp-cnet\/esta-e-a-oracao-que-o-papa-francisco-propoe-para-rezar-a-cada-dia-no-advento\/","title":{"rendered":"Esta \u00e9 a ora\u00e7\u00e3o que o Papa Francisco prop\u00f5e para rezar a cada dia no Advento"},"content":{"rendered":"<p style=\"text-align: justify;\">O Papa Francisco prop\u00f4s aos crist\u00e3os que durante o\u00a0Advento\u00a0convidem Deus a estar presente em suas vidas com esta ora\u00e7\u00e3o: &#8220;Vem, Senhor Jesus&#8221;.<\/p>\n<p style=\"text-align: justify;\">Trata-se, explicou o Pont\u00edfice, de uma ora\u00e7\u00e3o simples que \u201cpodemos diz\u00ea-la ao princ\u00edpio de cada dia e repeti-la com frequ\u00eancia, antes das reuni\u00f5es, do estudo, do trabalho e das decis\u00f5es a tomar, nos momentos mais importantes e nos de prova\u00e7\u00e3o\u201d.<\/p>\n<p style=\"text-align: justify;\">O Santo Padre fez esta proposta durante a\u00a0Missa\u00a0que celebrou neste domingo, 29 de novembro, Primeiro Domingo do Advento, na Bas\u00edlica de S\u00e3o Pedro, no Vaticano, juntamente com 11 dos 13\u00a0cardeais\u00a0criados ontem no Consist\u00f3rio P\u00fablico Ordin\u00e1rio.<\/p>\n<p style=\"text-align: justify;\">Francisco assinalou que por meio desta ora\u00e7\u00e3o, \u201cVem, Senhor Jesus\u201d, pronunciada todos os dias, \u201cinvocando assim a sua proximidade, treinaremos a nossa vigil\u00e2ncia\u201d. \u201cUma ora\u00e7\u00e3o breve, mas vinda do cora\u00e7\u00e3o. Repitamo-la neste tempo de Advento: \u2018Vem, Senhor Jesus!\u2019\u201d.<\/p>\n<p style=\"text-align: justify;\">Em sua homilia, o Papa Francisco refletiu sobre duas palavras-chave sugeridas pelas leituras do dia: proximidade e vigil\u00e2ncia. \u201cProximidade de Deus e vigil\u00e2ncia nossa: enquanto o profeta Isa\u00edas diz que Deus est\u00e1 perto de n\u00f3s, Jesus, no Evangelho, exorta-nos a vigiar \u00e0 espera d\u2019Ele\u201d.<\/p>\n<p style=\"text-align: justify;\">Explicou que &#8220;o Advento \u00e9 o tempo para nos lembrarmos da proximidade de Deus, que desceu at\u00e9 n\u00f3s\u201d.<\/p>\n<p style=\"text-align: justify;\">\u201cE a primeira mensagem do Advento e do Ano Lit\u00fargico \u00e9 tamb\u00e9m reconhecer Deus pr\u00f3ximo e dizer-Lhe: \u2018Aproximai-Vos de novo!\u2019. Ele quer vir para junto de n\u00f3s, mas\u2026 prop\u00f5e-Se; n\u00e3o Se imp\u00f5e. Cabe a n\u00f3s n\u00e3o nos cansarmos de Lhe dizer: \u2018Vinde!\u2019. Cabe a n\u00f3s repetir a ora\u00e7\u00e3o do Advento: \u2018Vinde!\u2019. Jesus \u2013 lembra-nos o Advento \u2013 veio entre n\u00f3s e voltar\u00e1 no fim dos tempos. Mas \u2013 perguntamo-nos \u2013 de que nos servem tais vindas, se n\u00e3o vem hoje \u00e0 nossa\u00a0vida? Convidemo-Lo\u201d.<\/p>\n<p style=\"text-align: justify;\">Por isso, \u201c\u00e9 importante permanecer vigilantes, porque na vida \u00e9 um erro perder-se em mil coisas e n\u00e3o se dar conta de Deus\u201d.<\/p>\n<p style=\"text-align: justify;\">O Papa chamou a aten\u00e7\u00e3o para o fato de que se Deus pede aos crist\u00e3os para vigiar, \u201cquer dizer que nos encontramos na noite. \u00c9 verdade! Agora n\u00e3o vivemos no dia, mas \u00e0 espera do dia por entre obscuridades e fadigas\u201d.<\/p>\n<p style=\"text-align: justify;\">No entanto, o convite a vigiar cont\u00e9m tamb\u00e9m um apelo \u00e0 esperan\u00e7a, porque tamb\u00e9m implica que \u201co dia chegar\u00e1, quando estivermos com o Senhor. Chegar\u00e1, n\u00e3o desfale\u00e7amos! A noite passar\u00e1, surgir\u00e1 o Senhor e vir\u00e1 julgar-nos, Ele que morreu na cruz por n\u00f3s. Vigiar \u00e9 esperar isto, \u00e9 n\u00e3o se deixar dominar pelo des\u00e2nimo: a isto chama-se viver na esperan\u00e7a\u201d.<\/p>\n<p style=\"text-align: justify;\">O Papa explicou a natureza daquela vig\u00edlia com este exemplo: \u201cComo antes de nascer fomos esperados por quem nos amava, assim agora somos esperados pelo Amor em pessoa. E, se somos esperados no C\u00e9u, para qu\u00ea viver de pretens\u00f5es terrenas? Para qu\u00ea esfalfar-se por um pouco de dinheiro, de fama, de sucesso\u2026 coisas todas que passam? Para qu\u00ea perder tempo a lamentar-se da noite, se nos espera a luz do dia?\u201d.<\/p>\n<p style=\"text-align: justify;\">\u201cManter-se acordado n\u00e3o \u00e9 f\u00e1cil; antes, \u00e9 uma coisa muito dif\u00edcil: \u00e9 natural dormir de noite. N\u00e3o o conseguiram os disc\u00edpulos de Jesus, a quem Ele dissera que vigiassem \u2018\u00e0 tarde, \u00e0 meia-noite, ao cantar do galo, de manh\u00e3zinha\u2019. E, precisamente nessas horas, n\u00e3o estiveram vigilantes\u201d.<\/p>\n<p style=\"text-align: justify;\">Nesse sentido, alertou que \u201ch\u00e1 um sono perigoso: o sono da mediocridade. Sobrev\u00e9m quando esquecemos o primeiro amor e avan\u00e7amos apenas por in\u00e9rcia, prestando aten\u00e7\u00e3o somente a viver tranquilos\u201d.<\/p>\n<p style=\"text-align: justify;\">\u201cMas, sem \u00edmpetos de amor a Deus, sem esperar a sua novidade, tornamo-nos med\u00edocres, t\u00edbios, mundanos. E isto corr\u00f3i a f\u00e9, porque a f\u00e9 \u00e9 o contr\u00e1rio da mediocridade: \u00e9 desejo ardente de Deus, aud\u00e1cia cont\u00ednua em converter-se, coragem de amar, \u00e9 caminhar sempre para diante\u201d.<\/p>\n<p style=\"text-align: justify;\">Ent\u00e3o, \u201ccomo podemos despertar do sono da mediocridade? Com a vigil\u00e2ncia da ora\u00e7\u00e3o. Rezar \u00e9 acender uma luz na noite. A ora\u00e7\u00e3o desperta da tibieza duma vida horizontal, levanta o olhar para o alto, sintoniza-nos com o Senhor\u201d.<\/p>\n<p style=\"text-align: justify;\">\u201cA ora\u00e7\u00e3o permite a Deus estar perto de n\u00f3s; por isso liberta da solid\u00e3o e d\u00e1 esperan\u00e7a. A ora\u00e7\u00e3o oxigena a vida: tal como n\u00e3o se pode viver sem respirar, assim tamb\u00e9m n\u00e3o se pode ser crist\u00e3o sem rezar\u201d.<\/p>\n<p style=\"text-align: justify;\">H\u00e1 tamb\u00e9m um segundo sono interior, advertiu o Papa: \u201co sono da indiferen\u00e7a. Os indiferentes veem tudo igual, como se fosse de noite; e n\u00e3o se interessam por quem est\u00e1 perto deles. Quando orbitamos apenas em torno de n\u00f3s mesmos e das nossas necessidades, indiferentes \u00e0s dos outros, a noite desce sobre o cora\u00e7\u00e3o\u201d.<\/p>\n<p style=\"text-align: justify;\">\u201cRapidamente come\u00e7amos a lamentar-nos de tudo, sentindo-nos v\u00edtima de todos e, por fim, tramamo-los em tudo. Lamenta\u00e7\u00f5es, sensa\u00e7\u00e3o de ser v\u00edtima e conjuras: \u00e9 uma corrente\u2026 Atualmente, parece que esta noite caiu sobre muitos: reivindicam para si pr\u00f3prios e desinteressam-se dos outros\u201d.<\/p>\n<p style=\"text-align: justify;\">Da mesma forma, \u201cacordar deste sono da indiferen\u00e7a? Com a vigil\u00e2ncia da caridade. Para projetar luz sobre o referido sono da mediocridade, da tibieza, temos a vigil\u00e2ncia da ora\u00e7\u00e3o. Para despertar deste sono da indiferen\u00e7a, temos a vigil\u00e2ncia da caridade. A caridade \u00e9 o cora\u00e7\u00e3o pulsante do crist\u00e3o: tal como n\u00e3o se pode viver sem pulsa\u00e7\u00e3o, assim tamb\u00e9m n\u00e3o se pode ser crist\u00e3o sem caridade\u201d.<\/p>\n<p style=\"text-align: justify;\">O Papa Francisco finalizou sua homilia: \u201crezar e amar: aqui est\u00e1 a vigil\u00e2ncia. Quando a\u00a0Igreja\u00a0adora a Deus e serve o pr\u00f3ximo, n\u00e3o vive na noite. Ainda que esteja cansada e provada, caminha rumo ao Senhor\u201d.<\/p>\n<p style=\"text-align: justify;\"><em>Publicado originalmente em\u00a0<a href=\"https:\/\/www.aciprensa.com\/noticias\/esta-es-la-oracion-que-el-papa-francisco-propone-para-rezar-cada-dia-en-adviento-80237\">ACI Prensa<\/a>. Traduzido e adaptado por Natalia Zimbr\u00e3o.<\/em><\/p>\n","protected":false},"excerpt":{"rendered":"<p>O Papa Francisco prop\u00f4s aos crist\u00e3os que durante o\u00a0Advento\u00a0convidem Deus a estar presente em suas vidas com esta ora\u00e7\u00e3o: &#8220;Vem, Senhor Jesus&#8221;. Trata-se, explicou o Pont\u00edfice, de uma ora\u00e7\u00e3o simples que \u201cpodemos diz\u00ea-la ao princ\u00edpio de cada dia e repeti-la com frequ\u00eancia, antes das reuni\u00f5es, do estudo, do trabalho e das decis\u00f5es a tomar, nos [&hellip;]<\/p>\n","protected":false},"author":1,"featured_media":64771,"comment_status":"open","ping_status":"closed","sticky":false,"template":"","format":"standard","meta":{"footnotes":""},"categories":[4,13],"tags":[],"class_list":["post-64770","post","type-post","status-publish","format-standard","has-post-thumbnail","hentry","category-cotidiano","category-featured"],"_links":{"self":[{"href":"https:\/\/catolicanet.net\/wp-cnet\/wp-json\/wp\/v2\/posts\/64770","targetHints":{"allow":["GET"]}}],"collection":[{"href":"https:\/\/catolicanet.net\/wp-cnet\/wp-json\/wp\/v2\/posts"}],"about":[{"href":"https:\/\/catolicanet.net\/wp-cnet\/wp-json\/wp\/v2\/types\/post"}],"author":[{"embeddable":true,"href":"https:\/\/catolicanet.net\/wp-cnet\/wp-json\/wp\/v2\/users\/1"}],"replies":[{"embeddable":true,"href":"https:\/\/catolicanet.net\/wp-cnet\/wp-json\/wp\/v2\/comments?post=64770"}],"version-history":[{"count":1,"href":"https:\/\/catolicanet.net\/wp-cnet\/wp-json\/wp\/v2\/posts\/64770\/revisions"}],"predecessor-version":[{"id":64772,"href":"https:\/\/catolicanet.net\/wp-cnet\/wp-json\/wp\/v2\/posts\/64770\/revisions\/64772"}],"wp:featuredmedia":[{"embeddable":true,"href":"https:\/\/catolicanet.net\/wp-cnet\/wp-json\/wp\/v2\/media\/64771"}],"wp:attachment":[{"href":"https:\/\/catolicanet.net\/wp-cnet\/wp-json\/wp\/v2\/media?parent=64770"}],"wp:term":[{"taxonomy":"category","embeddable":true,"href":"https:\/\/catolicanet.net\/wp-cnet\/wp-json\/wp\/v2\/categories?post=64770"},{"taxonomy":"post_tag","embeddable":true,"href":"https:\/\/catolicanet.net\/wp-cnet\/wp-json\/wp\/v2\/tags?post=64770"}],"curies":[{"name":"wp","href":"https:\/\/api.w.org\/{rel}","templated":true}]}}