{"id":64758,"date":"2020-11-30T10:05:31","date_gmt":"2020-11-30T13:05:31","guid":{"rendered":"https:\/\/catolicanet.net\/wp-cnet\/?p=64758"},"modified":"2020-11-30T13:06:54","modified_gmt":"2020-11-30T16:06:54","slug":"conheca-o-perfil-e-a-geografia-do-colegio-de-cardeais-com-a-criacao-de-13-novos-membros-no-sabado-28-de-novembro","status":"publish","type":"post","link":"https:\/\/catolicanet.net\/wp-cnet\/conheca-o-perfil-e-a-geografia-do-colegio-de-cardeais-com-a-criacao-de-13-novos-membros-no-sabado-28-de-novembro\/","title":{"rendered":"CONHE\u00c7A O PERFIL E A GEOGRAFIA DO COL\u00c9GIO DE CARDEAIS COM A CRIA\u00c7\u00c3O DE 13 NOVOS MEMBROS NO S\u00c1BADO, 28 DE NOVEMBRO"},"content":{"rendered":"<p style=\"text-align: justify;\">Por alguns s\u00e9culos tinham sido 30. Depois Sisto V em 1586 elevou-os a 70, mas nada a ver com a amplitude que conhecemos hoje, um grupo de pessoas que representa tamb\u00e9m geograficamente os evang\u00e9licos \u201cextremos confins da terra\u201d. O Col\u00e9gio dos Cardeais na sua dimens\u00e3o e composi\u00e7\u00e3o atuais \u00e9 uma escolha que amadurece gradualmente no s\u00e9culo XX. Foi Jo\u00e3o XXIII quem primeiro \u201cviolou\u201d o limite hist\u00f3rico de Sisto V, tanto que as p\u00farpuras que no final dos \u00faltimos Pontificados entre os s\u00e9culos XIX e XX tinham oscilado numa m\u00e9dia de 60 membros, na morte do Papa Roncalli eram 82 e entre eles h\u00e1 tra\u00e7os som\u00e1ticos in\u00e9ditos, com os primeiros cardeais filipino, japon\u00eas, africano.<\/p>\n<h2 style=\"text-align: justify;\">Col\u00e9gio \u201cglobal\u201d<\/h2>\n<p style=\"text-align: justify;\">Passaram-se poucos anos e Paulo VI completou o trabalho. Ele criou 143 cardeais, ampliando ainda mais a \u201clatitude\u201d das suas proveni\u00eancias (o primeiro neozeland\u00eas, o primeiro malgaxe, o primeiro cingal\u00eas, etc.), determinou o lugar dos Patriarcas Orientais no Col\u00e9gio e, sobretudo, estabeleceu o limiar ainda hoje v\u00e1lido de 80 anos para ter direito a voto num eventual Conclave. Na morte do Papa Montini havia 129 cardeais, um n\u00famero que \u00e9 um prel\u00fadio a uma nova mudan\u00e7a realizada por Jo\u00e3o Paulo II. Com o Papa Wojtyla, o Col\u00e9gio Cardinal\u00edcio tornou-se uma express\u00e3o completa da mundialidade e dos 231 cardeais de cerca de setenta pa\u00edses por ele criados em nove Consist\u00f3rios (at\u00e9 mesmo 42 no Consist\u00f3rio de 2001, um recorde para a Igreja), existem ainda 16 cardeais eleitores dos 65 presentes no grupo, o mais velho dos quais \u00e9 Jozef Tomko, de 96 anos, criado em 1985.<\/p>\n<h2 style=\"text-align: justify;\">Mais idoso, mais jovem<\/h2>\n<p style=\"text-align: justify;\">O Pontificado de Bento XVI viu tamb\u00e9m a entrada no Col\u00e9gio de 90 cardeais em cinco Consist\u00f3rios. Entre aqueles que obtiveram o barrete do Papa em\u00e9rito h\u00e1 atualmente 39 eleitores e 30 n\u00e3o-eleitores, incluindo o mais idoso de todo o grupo, o franc\u00eas de 96 anos Albert Vanhoye, que foi criado cardeal em 2006. Ao Papa Francisco pertence a cria\u00e7\u00e3o do mais jovem cardeal vivo, Dieudonn\u00e9 Nzapalainga \u2013 com apenas 49 anos de idade em 2016 no momento da publica\u00e7\u00e3o \u2013 que, nas vestes de Metropolita de Bangui, \u00e9 tamb\u00e9m o primeiro cardeal nascido na Rep\u00fablica Centro-Africana.<\/p>\n<h2 style=\"text-align: justify;\">Francisco, cardeais e periferias<\/h2>\n<p style=\"text-align: justify;\">Com o deste de 28 de novembro, Francisco ter\u00e1 presidido ao seu s\u00e9timo Consist\u00f3rio e criado um total de 101 cardeais, 73 dos quais se encontram atualmente entre os que t\u00eam direito de voto num eventual Conclave. Para o Papa das \u201cperiferias\u201d a convoca\u00e7\u00e3o deste s\u00e1bado tamb\u00e9m mostra o in\u00edcio e o retorno. Ao primeiro caso pertence Brunei e Ruanda \u2013 pa\u00edses que fazem a sua entrada hist\u00f3rica no Col\u00e9gio \u2013 ao segundo caso pertence Malta, que por um pouco tempo n\u00e3o estava representada, ou seja, desde a morte do cardeal Prosper Grech ocorrida em dezembro de 2019. Ao Pontificado de Francisco tamb\u00e9m pertencem outros recordes.<\/p>\n<p style=\"text-align: justify;\">Entre outros, o das sedes cardinal\u00edcias em pa\u00edses que nunca a tiveram (al\u00e9m da j\u00e1 citada Rep\u00fablica Centro-Africana, Brunei e Ruanda, tamb\u00e9m Haiti, Dominica, Birm\u00e2nia, Panam\u00e1, Cabo Verde, Tonga, Bangladesh, Papua Nova Guin\u00e9, Mal\u00e1sia, Lesoto, Mali, Su\u00e9cia, Laos, El Salvador, Luxemburgo), o primeiro cardeal afro-americano (o metropolita\u00a0 de Washington Wilton Gregory), o primeiro nascido ap\u00f3s o Conc\u00edlio (Nzapalainga), o primeiro convertido ao catolicismo desde os tempos de Jean-Marie Lustiger (Bispo de Estocolmo Anders Arborelius, luterano de nascimento).<\/p>\n<h2 style=\"text-align: justify;\">Curiosidade<\/h2>\n<p style=\"text-align: justify;\">Alguns nomes est\u00e3o ligados a algumas curiosidades estat\u00edsticas. Por exemplo, o tailand\u00eas Michael Michai Kitbunchu, de 91 anos, em\u00e9rito de Bangcoc, \u00e9 o que faz parte do Col\u00e9gio dos Cardeais h\u00e1 mais tempo (37 anos). Um recorde de dura\u00e7\u00e3o partilhado com o neozeland\u00eas Thomas Stafford Williams, 90 anos de idade, ordin\u00e1rio militar em\u00e9rito do seu pa\u00eds. Ambos receberam o barrete do Papa Wojtyla em 1983.<\/p>\n<p style=\"text-align: justify;\">Outro dado diz respeito \u00e0 presen\u00e7a de fam\u00edlias religiosas no atual Col\u00e9gio: s\u00e3o 26, para um total de 51 cardeais (29 eleitores) que vestem o h\u00e1bito do seu Instituto sob a p\u00farpura. Os mais representados s\u00e3o os Salesianos (9), seguidos pelos Jesu\u00edtas (7). Note-se que com o Padre Mauro Gambetti, guardi\u00e3o do Sacro Convento de Assis, a Ordem dos Franciscanos Conventuais tamb\u00e9m se torna parte do grupo dos cardeais.<\/p>\n<p style=\"text-align: justify;\">Tamb\u00e9m a geografia, como foi dito, especialmente pela vontade do Papa Francisco, continua a se redesenhar, expandindo o mapa do Col\u00e9gio, que atinge agora 90 pa\u00edses representados, da Alb\u00e2nia ao Vietn\u00e3, com o grupo dos cardeais italianos (47) o mais numeroso, seguido pelos Estados Unidos (15) e Espanha (14). Do ponto de vista dos continentes, a Europa conta, entre eleitores e n\u00e3o-eleitores, 106 cardeais, \u00c1frica 30, \u00c1sia 27. A Am\u00e9rica do Norte conta 26, Am\u00e9rica do Sul 25, Am\u00e9rica Central 9 e finalmente Oce\u00e2nia 6. O Brasil tem 9 cardeais, 4 eleitores e 5 n\u00e3o eleitores:\u00a0AGNELO Geraldo Majella;\u00a0ASSIS Raymundo DAMASCENO;\u00a0AVIZ Jo\u00e3o BRAZ de;\u00a0da ROCHA S\u00e9rgio;\u00a0FALC\u00c3O FREIRE Jos\u00e9;\u00a0HUMMES Cl\u00e1udio;\u00a0SCHEID Eus\u00e9bio Oscar;\u00a0SCHERER Odilo Pedro; TEMPESTA Orani Jo\u00e3o.\u00a0Portugal tem 5, tr\u00eas dos quais eleitores.<\/p>\n<p style=\"text-align: justify;\">Com informa\u00e7\u00f5es do\u00a0<a href=\"https:\/\/www.vaticannews.va\/pt\/vaticano\/news\/2020-11\/neste-sabado-o-consistorio-numeros-recordes-e-curiosidades.html\">VaticanNews<\/a><\/p>\n","protected":false},"excerpt":{"rendered":"<p>Por alguns s\u00e9culos tinham sido 30. Depois Sisto V em 1586 elevou-os a 70, mas nada a ver com a amplitude que conhecemos hoje, um grupo de pessoas que representa tamb\u00e9m geograficamente os evang\u00e9licos \u201cextremos confins da terra\u201d. O Col\u00e9gio dos Cardeais na sua dimens\u00e3o e composi\u00e7\u00e3o atuais \u00e9 uma escolha que amadurece gradualmente no [&hellip;]<\/p>\n","protected":false},"author":1,"featured_media":64759,"comment_status":"open","ping_status":"closed","sticky":false,"template":"","format":"standard","meta":{"footnotes":""},"categories":[7,13],"tags":[],"class_list":["post-64758","post","type-post","status-publish","format-standard","has-post-thumbnail","hentry","category-cnbb","category-featured"],"_links":{"self":[{"href":"https:\/\/catolicanet.net\/wp-cnet\/wp-json\/wp\/v2\/posts\/64758","targetHints":{"allow":["GET"]}}],"collection":[{"href":"https:\/\/catolicanet.net\/wp-cnet\/wp-json\/wp\/v2\/posts"}],"about":[{"href":"https:\/\/catolicanet.net\/wp-cnet\/wp-json\/wp\/v2\/types\/post"}],"author":[{"embeddable":true,"href":"https:\/\/catolicanet.net\/wp-cnet\/wp-json\/wp\/v2\/users\/1"}],"replies":[{"embeddable":true,"href":"https:\/\/catolicanet.net\/wp-cnet\/wp-json\/wp\/v2\/comments?post=64758"}],"version-history":[{"count":1,"href":"https:\/\/catolicanet.net\/wp-cnet\/wp-json\/wp\/v2\/posts\/64758\/revisions"}],"predecessor-version":[{"id":64760,"href":"https:\/\/catolicanet.net\/wp-cnet\/wp-json\/wp\/v2\/posts\/64758\/revisions\/64760"}],"wp:featuredmedia":[{"embeddable":true,"href":"https:\/\/catolicanet.net\/wp-cnet\/wp-json\/wp\/v2\/media\/64759"}],"wp:attachment":[{"href":"https:\/\/catolicanet.net\/wp-cnet\/wp-json\/wp\/v2\/media?parent=64758"}],"wp:term":[{"taxonomy":"category","embeddable":true,"href":"https:\/\/catolicanet.net\/wp-cnet\/wp-json\/wp\/v2\/categories?post=64758"},{"taxonomy":"post_tag","embeddable":true,"href":"https:\/\/catolicanet.net\/wp-cnet\/wp-json\/wp\/v2\/tags?post=64758"}],"curies":[{"name":"wp","href":"https:\/\/api.w.org\/{rel}","templated":true}]}}