{"id":64732,"date":"2020-11-27T10:01:42","date_gmt":"2020-11-27T13:01:42","guid":{"rendered":"https:\/\/catolicanet.net\/wp-cnet\/?p=64732"},"modified":"2020-11-27T13:04:15","modified_gmt":"2020-11-27T16:04:15","slug":"suposto-surto-de-covid-19-entre-padres-do-santuario-de-aparecida-o-que-se-sabe","status":"publish","type":"post","link":"https:\/\/catolicanet.net\/wp-cnet\/suposto-surto-de-covid-19-entre-padres-do-santuario-de-aparecida-o-que-se-sabe\/","title":{"rendered":"Suposto surto de covid-19 entre padres do Santu\u00e1rio de Aparecida: o que se sabe"},"content":{"rendered":"<h2 class=\"subtitle\" style=\"text-align: justify;\">Ap\u00f3s falecimento do pe. Carlos Artur, nesta semana, v\u00eam circulando pelas redes sociais informa\u00e7\u00f5es n\u00e3o confirmadas sobre outros 6 casos<\/h2>\n<p style=\"text-align: justify;\">Suposto surto de covid-19 entre padres do Santu\u00e1rio de Aparecida: o que se sabe de fato \u00e9 que, oficialmente, n\u00e3o h\u00e1 religiosos com testagem positiva para a doen\u00e7a at\u00e9 o momento. A\u00a0<a href=\"https:\/\/www.a12.com\/redentoristas\/noticias\/morre-padre-carlos-artur-um-missionario-de-aparecida-aos-73-anos\" target=\"_blank\" rel=\"noopener noreferrer\">informa\u00e7\u00e3o vem dos pr\u00f3prios redentoristas<\/a>, a congrega\u00e7\u00e3o respons\u00e1vel pelo Santu\u00e1rio Nacional.<\/p>\n<p style=\"text-align: justify;\">V\u00eam circulando pelas redes sociais informa\u00e7\u00f5es ainda n\u00e3o confirmadas de que 6 padres da congrega\u00e7\u00e3o teriam testado positivo para o coronav\u00edrus, todos eles do convento redentorista situado no santu\u00e1rio. Vivem no local 34 padres.<\/p>\n<p style=\"text-align: justify;\">Segundo a m\u00eddia local, a Vigil\u00e2ncia Epidemiol\u00f3gica de Aparecida acompanhar\u00e1 a situa\u00e7\u00e3o dos sacerdotes depois do falecimento do pe. Carlos Artur Annuncia\u00e7\u00e3o, ex-reitor do Santu\u00e1rio. Aos 73 anos, ele veio a falecer na madrugada desta quarta-feira, 25 de novembro, com suspeita de covid-19.<\/p>\n<p style=\"text-align: justify;\">O Santu\u00e1rio, por\u00e9m, comunicou que ainda n\u00e3o foi confirmado se o pe. Carlos tinha de fato a doen\u00e7a. Em nota, os redentoristas complementam:<\/p>\n<blockquote><p>\u201cO Santu\u00e1rio Nacional refor\u00e7a que segue as orienta\u00e7\u00f5es das autoridades sanit\u00e1rias no que se refere aos cuidados com a sa\u00fade dos Mission\u00e1rios Redentoristas que atuam na Bas\u00edlica\u201d.<\/p><\/blockquote>\n<p style=\"text-align: justify;\">Portanto, ainda n\u00e3o h\u00e1 confirma\u00e7\u00e3o oficial, de parte da congrega\u00e7\u00e3o, sobre o suposto surto de covid-19 entre padres do Santu\u00e1rio de Aparecida.<\/p>\n<div class=\"nativo-inread\" style=\"text-align: justify;\"><\/div>\n<p style=\"text-align: justify;\">Caso haja testagem positiva, as informa\u00e7\u00f5es ser\u00e3o prestadas oportunamente. Todos os cuidados necess\u00e1rios continuar\u00e3o a ser tomados para proteger tanto os religiosos redentoristas quanto os fi\u00e9is que visitam o Santu\u00e1rio, que j\u00e1 adota os protocolos sanit\u00e1rios determinados pelas autoridades. Al\u00e9m disso, a congrega\u00e7\u00e3o contar\u00e1 com o apoio da Vigil\u00e2ncia Epidemiol\u00f3gica do munic\u00edpio de Aparecida.<\/p>\n<h3 style=\"text-align: justify;\">Pe. Carlos Artur Annuncia\u00e7\u00e3o<\/h3>\n<p style=\"text-align: justify;\">O mission\u00e1rio estava internado no Hospital Frei Galv\u00e3o, de Guaratinguet\u00e1, SP, desde a semana passada, devido a um quadro de pneumonia. Neste ano, ele tinha completado 50 anos de profiss\u00e3o religiosa e 43 de sacerd\u00f3cio. Ele estava na congrega\u00e7\u00e3o j\u00e1 fazia 55 anos, dos quais passou 28 no Santu\u00e1rio Nacional de Aparecida. Ali, foi reitor durante quatro anos, al\u00e9m de vig\u00e1rio episcopal e superior da comunidade religiosa.<\/p>\n<div id=\"article-desk-content-p6-ad_2020_11_27_suposto-surto-de-covid-19-entre-padres-do-santuario-de-aparecida-o-que-se-sabe\" class=\"css-y9mcup\" style=\"text-align: justify;\" data-google-query-id=\"CJarl86Mo-0CFakmuQYdGNcFFg\">\n<div id=\"google_ads_iframe_64500793\/PT_DESK_ARTICLE_WELCOME_1X1_0__container__\"><\/div>\n<\/div>\n<p style=\"text-align: justify;\">O\u00a0<a href=\"https:\/\/www.a12.com\/redentoristas\/noticias\/morre-padre-carlos-artur-um-missionario-de-aparecida-aos-73-anos\" target=\"_blank\" rel=\"noopener noreferrer\">portal A12<\/a>, do Santu\u00e1rio, recordou que o pe. Carlos era \u201cdono de um carisma inigual\u00e1vel\u201d e \u201cemprestou sua voz marcante para anunciar a Palavra de Deus e divulgar a devo\u00e7\u00e3o a Nossa Senhora Aparecida, especialmente no Santu\u00e1rio Nacional e na R\u00e1dio Aparecida, atrav\u00e9s das in\u00fameras vezes que rezou a Consagra\u00e7\u00e3o a Nossa Senhora Aparecida\u201d.<\/p>\n<p style=\"text-align: justify;\">O funeral aconteceu nesta quinta-feira, 26, com a participa\u00e7\u00e3o de familiares do pe. Carlos na Santa Missa. O sepultamento, realizado em seguida, n\u00e3o teve cortejo devido aos protocolos sanit\u00e1rios em vigor.<\/p>\n<p style=\"text-align: justify;\">Na homilia da Missa de ex\u00e9quias, o pe. Camilo J\u00fanior destacou:<\/p>\n<blockquote><p>\u201cEle testemunhou sua f\u00e9, amou Jesus e deixa com certeza, no cora\u00e7\u00e3o de todos n\u00f3s, familiares, confrades e amigos, uma bela lembran\u00e7a de algu\u00e9m que serviu a Jesus com alegria e que amou Nossa Senhora, a M\u00e3e Aparecida. Por isso, esta cerim\u00f4nia \u00e9 de gratid\u00e3o a Deus por uma vida t\u00e3o especial\u201d.<\/p><\/blockquote>\n<p style=\"text-align: justify;\">Que Deus receba o pe. Carlos em Seu Abra\u00e7o Eterno de Pai.<\/p>\n","protected":false},"excerpt":{"rendered":"<p>Ap\u00f3s falecimento do pe. Carlos Artur, nesta semana, v\u00eam circulando pelas redes sociais informa\u00e7\u00f5es n\u00e3o confirmadas sobre outros 6 casos Suposto surto de covid-19 entre padres do Santu\u00e1rio de Aparecida: o que se sabe de fato \u00e9 que, oficialmente, n\u00e3o h\u00e1 religiosos com testagem positiva para a doen\u00e7a at\u00e9 o momento. A\u00a0informa\u00e7\u00e3o vem dos pr\u00f3prios [&hellip;]<\/p>\n","protected":false},"author":1,"featured_media":64733,"comment_status":"open","ping_status":"closed","sticky":false,"template":"","format":"standard","meta":{"footnotes":""},"categories":[4,13],"tags":[],"class_list":["post-64732","post","type-post","status-publish","format-standard","has-post-thumbnail","hentry","category-cotidiano","category-featured"],"_links":{"self":[{"href":"https:\/\/catolicanet.net\/wp-cnet\/wp-json\/wp\/v2\/posts\/64732","targetHints":{"allow":["GET"]}}],"collection":[{"href":"https:\/\/catolicanet.net\/wp-cnet\/wp-json\/wp\/v2\/posts"}],"about":[{"href":"https:\/\/catolicanet.net\/wp-cnet\/wp-json\/wp\/v2\/types\/post"}],"author":[{"embeddable":true,"href":"https:\/\/catolicanet.net\/wp-cnet\/wp-json\/wp\/v2\/users\/1"}],"replies":[{"embeddable":true,"href":"https:\/\/catolicanet.net\/wp-cnet\/wp-json\/wp\/v2\/comments?post=64732"}],"version-history":[{"count":1,"href":"https:\/\/catolicanet.net\/wp-cnet\/wp-json\/wp\/v2\/posts\/64732\/revisions"}],"predecessor-version":[{"id":64734,"href":"https:\/\/catolicanet.net\/wp-cnet\/wp-json\/wp\/v2\/posts\/64732\/revisions\/64734"}],"wp:featuredmedia":[{"embeddable":true,"href":"https:\/\/catolicanet.net\/wp-cnet\/wp-json\/wp\/v2\/media\/64733"}],"wp:attachment":[{"href":"https:\/\/catolicanet.net\/wp-cnet\/wp-json\/wp\/v2\/media?parent=64732"}],"wp:term":[{"taxonomy":"category","embeddable":true,"href":"https:\/\/catolicanet.net\/wp-cnet\/wp-json\/wp\/v2\/categories?post=64732"},{"taxonomy":"post_tag","embeddable":true,"href":"https:\/\/catolicanet.net\/wp-cnet\/wp-json\/wp\/v2\/tags?post=64732"}],"curies":[{"name":"wp","href":"https:\/\/api.w.org\/{rel}","templated":true}]}}