{"id":64729,"date":"2020-11-27T09:58:41","date_gmt":"2020-11-27T12:58:41","guid":{"rendered":"https:\/\/catolicanet.net\/wp-cnet\/?p=64729"},"modified":"2020-11-27T13:01:21","modified_gmt":"2020-11-27T16:01:21","slug":"no-brasil-cidade-da-primeira-igreja-da-medalha-milagrosa-e-marcada-pelo-milagre-da-chuva","status":"publish","type":"post","link":"https:\/\/catolicanet.net\/wp-cnet\/no-brasil-cidade-da-primeira-igreja-da-medalha-milagrosa-e-marcada-pelo-milagre-da-chuva\/","title":{"rendered":"No Brasil, cidade da primeira Igreja da Medalha Milagrosa \u00e9 marcada pelo \u201cMilagre da Chuva\u201d"},"content":{"rendered":"<div id=\"main_image_wrapper\" class=\"main_image_wrapper\">\n<div id=\"main_image_container\" class=\"main_image_container\">\n<div class=\"main_caption\" style=\"text-align: justify;\">Santu\u00e1rio da Medalha Milagrosa, em Monte Si\u00e3o (MG) &#8211; Foto: Facebook Santu\u00e1rio da Medalha Milagrosa<\/div>\n<\/div>\n<\/div>\n<div class=\"custom_images\" style=\"text-align: justify;\"><\/div>\n<div>\n<p style=\"text-align: justify;\">No sul de Minas Gerais, Monte Si\u00e3o \u00e9 uma cidade que pode ser considerada uma terra de gra\u00e7as, mais especificamente, terra de Nossa Senhora da Medalha Milagrosa. L\u00e1 est\u00e1 situada e primeira\u00a0<a href=\"https:\/\/www.acidigital.com\/igreja\/index.html\">Igreja<\/a>\u00a0do mundo dedicada a esta devo\u00e7\u00e3o mariana e onde, por intercess\u00e3o da Virgem, a popula\u00e7\u00e3o viu acabar um per\u00edodo de seca.<\/p>\n<p style=\"text-align: justify;\">Em 1830, na Fran\u00e7a, Nossa Senhora apareceu para a Irm\u00e3 Catarina de Labour\u00e9 e lhe pediu que cunhasse medalhas conforme lhe era mostrado: a Virgem com os bra\u00e7os estendidos, dos quais saiam raios de luz, em p\u00e9 sobre um globo, pisando em uma serpente, com a inscri\u00e7\u00e3o \u201c\u00d3 Maria concebida sem pecado, rogai por n\u00f3s que recorremos a v\u00f3s\u201d ao seu redor; na parte de tr\u00e1s, a letra \u201cM\u201d com uma cruz por cima e, em baixo, o cora\u00e7\u00e3o de Jesus, rodeado por uma coroa de espinhos, e o cora\u00e7\u00e3o de Nossa Senhora, transpassado por uma espada, e ao redor, doze estrelas.<\/p>\n<p style=\"text-align: justify;\">\u00c0 religiosa, Maria prometeu abundantes gra\u00e7as aos que usassem essa medalha. A devo\u00e7\u00e3o logo se espalhou pelo mundo e chegou ao Brasil. J\u00e1 em 1849 \u2013 apenas 19 anos ap\u00f3s as apari\u00e7\u00f5es na Fran\u00e7a \u2013, foi constru\u00edda a primeira Igreja dedicada \u00e0 Medalha Milagrosa, em Monte Si\u00e3o (MG).<\/p>\n<p style=\"text-align: justify;\">Segundo o site da Arquidiocese de Pouso Alegre, no ano das apari\u00e7\u00f5es da Virgem \u00e0 Santa Catarina Labour\u00e9, a regi\u00e3o de Monte Si\u00e3o era habitada por cerca de 105 fam\u00edlias cat\u00f3licas, n\u00e3o havia Igreja nem padre e a comunica\u00e7\u00e3o era prec\u00e1ria. Mas, os relatos indicam que, por volta de 1838, quando o lugarejo foi \u201celevado a arraial do Jabuticabal, a devo\u00e7\u00e3o da Medalha Milagrosa j\u00e1 estava ali\u201d.<\/p>\n<div class=\"ad_inline\" style=\"text-align: justify;\"><\/div>\n<p style=\"text-align: justify;\">\n<p style=\"text-align: justify;\">Em 29 de mar\u00e7o de 1949, foi autorizada a edifica\u00e7\u00e3o da capela de Nossa Senhora da Medalha Milagrosa. Sua respectiva b\u00ean\u00e7\u00e3o oficial ocorreu a 13 de abril de 1850.<\/p>\n<p style=\"text-align: justify;\">Entretanto, a hist\u00f3ria mais marcante das gra\u00e7as concedidas a esse povo pela\u00a0<a href=\"https:\/\/www.acidigital.com\/Maria\/index.html\">Virgem Maria<\/a>\u00a0se deu em torno da imagem de Nossa Senhora da Medalha Milagrosa do altar-mor da Igreja. A pe\u00e7a foi trazida de Portugal, em 1860, e, em 1937 foi retirada de l\u00e1, a pedido do ent\u00e3o Bispo, pois possu\u00eda tra\u00e7os femininos e sensuais que delineiam seu busto e cintura.<\/p>\n<div class=\"fb-post fb_iframe_widget\" style=\"text-align: justify;\" data-href=\"https:\/\/www.facebook.com\/santuariodamedalhamilagrosa\/photos\/a.1891000294314183\/2608973755850163\/\" data-show-text=\"true\" data-width=\"\"><iframe loading=\"lazy\" class=\"\" title=\"fb:post Facebook Social Plugin\" src=\"https:\/\/www.facebook.com\/v2.4\/plugins\/post.php?app_id=737069099741807&amp;channel=https%3A%2F%2Fstaticxx.facebook.com%2Fx%2Fconnect%2Fxd_arbiter%2F%3Fversion%3D46%23cb%3Df2d57e388b43af8%26domain%3Dwww.acidigital.com%26origin%3Dhttps%253A%252F%252Fwww.acidigital.com%252Fff2d1f8c9854%26relation%3Dparent.parent&amp;container_width=582&amp;href=https%3A%2F%2Fwww.facebook.com%2Fsantuariodamedalhamilagrosa%2Fphotos%2Fa.1891000294314183%2F2608973755850163%2F&amp;locale=es_LA&amp;sdk=joey&amp;show_text=true&amp;width=\" name=\"f236b0c0ef28144\" width=\"1000px\" height=\"1000px\" frameborder=\"0\" scrolling=\"no\" allowfullscreen=\"allowfullscreen\" data-testid=\"fb:post Facebook Social Plugin\"><\/iframe><\/div>\n<p style=\"text-align: justify;\">A imagem foi levada para uma capela na zona rural e os fi\u00e9is logo sentiram por sua aus\u00eancia. Ap\u00f3s essa data, conforme assinalam os relatos, a cidade \u201cfoi assolada por uma grande seca\u201d, at\u00e9 1939.<\/p>\n<p style=\"text-align: justify;\">Segundo relatos, chovia normalmente em todas as cidades da regi\u00e3o, menos em Monte Si\u00e3o, e o povo associava a falta de chuva, \u00e0 aus\u00eancia da imagem da Padroeira.<\/p>\n<p style=\"text-align: justify;\">Foi ent\u00e3o que um grupo de fi\u00e9is decidiu solicitar ao padre que a imagem fosse colocada novamente no altar-mor e, a poder de muito questionamento foi permitida a volta da imagem da Padroeira.<\/p>\n<p style=\"text-align: justify;\">Isto aconteceu no dia 5 de novembro de 1939. Era uma tarde ensolarada, quando a prociss\u00e3o composta pelo p\u00e1roco, autoridades, banda de m\u00fasica e principalmente o povo, trazia o andor com a Imagem da Padroeira. Chegando na entrada da cidade come\u00e7ou a cair os primeiros pingos e em seguida uma grande chuva, fazendo com que a pr\u00f3pria imagem e os seus fi\u00e9is devotos entrassem na Igreja todos molhados. A ocasi\u00e3o foi chamada \u201cDia do Milagre da Chuva\u201d.<\/p>\n<p style=\"text-align: justify;\">A partir de ent\u00e3o, as planta\u00e7\u00f5es prosperaram, as cria\u00e7\u00f5es n\u00e3o morreram mais e o ciclo da chuva voltou ao normal.<\/p>\n<p style=\"text-align: justify;\">Esta foi a primeira das muitas gra\u00e7as que a popula\u00e7\u00e3o de Monte Si\u00e3o recebe ainda hoje sob a intercess\u00e3o de Nossa Senhora da Medalha Milagrosa.<\/p>\n<div class=\"fb-post fb_iframe_widget\" style=\"text-align: justify;\" data-href=\"https:\/\/www.facebook.com\/santuariodamedalhamilagrosa\/photos\/a.834302099984013\/3047038715376996\/\" data-show-text=\"true\" data-width=\"\"><iframe loading=\"lazy\" class=\"\" title=\"fb:post Facebook Social Plugin\" src=\"https:\/\/www.facebook.com\/v2.4\/plugins\/post.php?app_id=737069099741807&amp;channel=https%3A%2F%2Fstaticxx.facebook.com%2Fx%2Fconnect%2Fxd_arbiter%2F%3Fversion%3D46%23cb%3Df34b850f50970c8%26domain%3Dwww.acidigital.com%26origin%3Dhttps%253A%252F%252Fwww.acidigital.com%252Fff2d1f8c9854%26relation%3Dparent.parent&amp;container_width=582&amp;href=https%3A%2F%2Fwww.facebook.com%2Fsantuariodamedalhamilagrosa%2Fphotos%2Fa.834302099984013%2F3047038715376996%2F&amp;locale=es_LA&amp;sdk=joey&amp;show_text=true&amp;width=\" name=\"f1b0b6219b06a0c\" width=\"1000px\" height=\"1000px\" frameborder=\"0\" scrolling=\"no\" allowfullscreen=\"allowfullscreen\" data-testid=\"fb:post Facebook Social Plugin\"><\/iframe><\/div>\n<p style=\"text-align: justify;\">A hist\u00f3ria desse lugar e o grande fluxo de devotos que recebe fizeram com que, em 5 de novembro de 1999, Igreja Matriz fosse elevada a Santu\u00e1rio de Nossa Senhora da Medalha Milagrosa, um local que vive com especial fervor o dia 27 de novembro, ao celebrar sua padroeira.<\/p>\n<\/div>\n","protected":false},"excerpt":{"rendered":"<p>Santu\u00e1rio da Medalha Milagrosa, em Monte Si\u00e3o (MG) &#8211; Foto: Facebook Santu\u00e1rio da Medalha Milagrosa No sul de Minas Gerais, Monte Si\u00e3o \u00e9 uma cidade que pode ser considerada uma terra de gra\u00e7as, mais especificamente, terra de Nossa Senhora da Medalha Milagrosa. L\u00e1 est\u00e1 situada e primeira\u00a0Igreja\u00a0do mundo dedicada a esta devo\u00e7\u00e3o mariana e onde, [&hellip;]<\/p>\n","protected":false},"author":1,"featured_media":64730,"comment_status":"open","ping_status":"closed","sticky":false,"template":"","format":"standard","meta":{"footnotes":""},"categories":[4],"tags":[],"class_list":["post-64729","post","type-post","status-publish","format-standard","has-post-thumbnail","hentry","category-cotidiano"],"_links":{"self":[{"href":"https:\/\/catolicanet.net\/wp-cnet\/wp-json\/wp\/v2\/posts\/64729","targetHints":{"allow":["GET"]}}],"collection":[{"href":"https:\/\/catolicanet.net\/wp-cnet\/wp-json\/wp\/v2\/posts"}],"about":[{"href":"https:\/\/catolicanet.net\/wp-cnet\/wp-json\/wp\/v2\/types\/post"}],"author":[{"embeddable":true,"href":"https:\/\/catolicanet.net\/wp-cnet\/wp-json\/wp\/v2\/users\/1"}],"replies":[{"embeddable":true,"href":"https:\/\/catolicanet.net\/wp-cnet\/wp-json\/wp\/v2\/comments?post=64729"}],"version-history":[{"count":1,"href":"https:\/\/catolicanet.net\/wp-cnet\/wp-json\/wp\/v2\/posts\/64729\/revisions"}],"predecessor-version":[{"id":64731,"href":"https:\/\/catolicanet.net\/wp-cnet\/wp-json\/wp\/v2\/posts\/64729\/revisions\/64731"}],"wp:featuredmedia":[{"embeddable":true,"href":"https:\/\/catolicanet.net\/wp-cnet\/wp-json\/wp\/v2\/media\/64730"}],"wp:attachment":[{"href":"https:\/\/catolicanet.net\/wp-cnet\/wp-json\/wp\/v2\/media?parent=64729"}],"wp:term":[{"taxonomy":"category","embeddable":true,"href":"https:\/\/catolicanet.net\/wp-cnet\/wp-json\/wp\/v2\/categories?post=64729"},{"taxonomy":"post_tag","embeddable":true,"href":"https:\/\/catolicanet.net\/wp-cnet\/wp-json\/wp\/v2\/tags?post=64729"}],"curies":[{"name":"wp","href":"https:\/\/api.w.org\/{rel}","templated":true}]}}