{"id":64726,"date":"2020-11-27T09:53:17","date_gmt":"2020-11-27T12:53:17","guid":{"rendered":"https:\/\/catolicanet.net\/wp-cnet\/?p=64726"},"modified":"2020-11-27T12:55:16","modified_gmt":"2020-11-27T15:55:16","slug":"advento-e-tempo-de-piedosa-e-alegre-expectativa-para-a-segunda-vinda-de-cristo-e-para-o-natal","status":"publish","type":"post","link":"https:\/\/catolicanet.net\/wp-cnet\/advento-e-tempo-de-piedosa-e-alegre-expectativa-para-a-segunda-vinda-de-cristo-e-para-o-natal\/","title":{"rendered":"ADVENTO \u00c9 TEMPO DE PIEDOSA E ALEGRE EXPECTATIVA PARA A SEGUNDA VINDA DE CRISTO E PARA O NATAL"},"content":{"rendered":"<div class=\"elementor-element elementor-element-3a087bd2 elementor-widget elementor-widget-theme-post-content\" data-id=\"3a087bd2\" data-element_type=\"widget\" data-widget_type=\"theme-post-content.default\">\n<div class=\"elementor-widget-container\">\n<p style=\"text-align: justify;\">A Igreja inicia no pr\u00f3ximo domingo, 29 de novembro, o Tempo do Advento, per\u00edodo que antecede e prepara para a celebra\u00e7\u00e3o da Solenidade do Natal, o nascimento de Jesus. Mas este tempo especial tem outra caracter\u00edstica importante: \u00e9 per\u00edodo em que os cora\u00e7\u00f5es se voltam para a expectativa da segunda vinda do Cristo no fim dos tempos.<\/p>\n<p style=\"text-align: justify;\">Essa dupla caracter\u00edstica do Tempo do Advento foi destacada pelo bispo de Paranagu\u00e1 (PR) e presidente da Comiss\u00e3o Episcopal Pastoral para a Liturgia da Confer\u00eancia Nacional dos Bispos do Brasil (CNBB), dom Edmar Peron, em live promovida pela editora Edi\u00e7\u00f5es CNBB. Na ocasi\u00e3o, dom Edmar conversou com os assessores respons\u00e1veis pelos setores Pastoral Lit\u00fargica e M\u00fasica Lit\u00fargica, respectivamente, padre Leonardo Pinheiro e o irm\u00e3o jesu\u00edta Fernando Vieira.<\/p>\n<blockquote><p>\u201cN\u00f3s iniciamos o Advento com aquela caracter\u00edstica do retorno do Senhor, a vinda gloriosa do Cristo. Esperar a vinda, um dos aspectos dos primeiros domingos do Advento, \u00e9 a vinda no final dos tempos, a manifesta\u00e7\u00e3o gloriosa de Jesus. As leituras falar\u00e3o disso, as ora\u00e7\u00f5es falar\u00e3o disso e os cantos precisar\u00e3o falar tamb\u00e9m dessa espiritualidade\u201d, afirmou dom Edmar.<\/p><\/blockquote>\n<p style=\"text-align: justify;\">Mais \u00e0 frente, do terceiro domingo em diante frente, o olhar \u00e9 voltado para o Natal especificamente. \u201c\u00c9 como se a liturgia dissesse assim: \u2018O Senhor n\u00e3o retornou ainda, e por isso ent\u00e3o, voltemos nosso olhar para o Mist\u00e9rio da sua encarna\u00e7\u00e3o, o nascimento em Bel\u00e9m\u2019\u201d, ensina dom Edmar.<\/p>\n<p style=\"text-align: justify;\">Assim, a din\u00e2mica da dupla caracter\u00edstica do Advento divide-se em duas partes: os primeiros dois domingos, normalmente, eles ajudam a olhar para o Senhor que vem, \u201ceis que de longe vem o Senhor, aquele que voltar\u00e1 em sua gl\u00f3ria\u201d. O terceiro domingo marca a passagem para a outra expectativa. \u201cAgora nos voltamos para o mist\u00e9rio do Natal, o mist\u00e9rio do nascimento do Senhor. Se todo o tempo \u00e9 de alegre expectativa, o terceiro domingo refor\u00e7a esta caracter\u00edstica de todo o Tempo do Advento\u201d, explica dom Edmar Peron.<\/p>\n<p style=\"text-align: justify;\">A dupla caracter\u00edstica sobre o Tempo do Advento est\u00e1 descrita nas Normas Universais do Ano Lit\u00fargico e do Calend\u00e1rio, documento no qual se justifica que o Tempo do Advento \u201cse apresenta como um tempo de piedosa e alegre expectativa\u201d.<\/p>\n<h3 style=\"text-align: justify;\">Cuidados e prepara\u00e7\u00e3o<\/h3>\n<p style=\"text-align: justify;\">Durante a live promovida pela Edi\u00e7\u00f5es CNBB, no dia 10 de novembro, dom Edmar, irm\u00e3o Fernando e padre Leonardo ainda ressaltaram cuidados na prepara\u00e7\u00e3o lit\u00fargica desse tempo.<\/p>\n<blockquote><p>\u201cO modo como n\u00f3s organizamos e tornamos ornado ou n\u00e3o o espa\u00e7o, nos ajuda a bem celebrar. Conta o lugar, a organiza\u00e7\u00e3o desse lugar, mas conta, principalmente, o canto. Tudo no espa\u00e7o celebrativo, na organiza\u00e7\u00e3o da liturgia e, especialmente dos cantos, precisa guardar esta dupla caracter\u00edstica: a vinda gloriosa do Senhor no final dos tempos e a sua manifesta\u00e7\u00e3o, nascendo de Maria por obra do Esp\u00edrito Santo\u201d, disse dom Edmar, refor\u00e7ando a import\u00e2ncia de cuidar do espa\u00e7o e da m\u00fasica lit\u00fargica.<\/p><\/blockquote>\n<p style=\"text-align: justify;\">Ao refor\u00e7ar o ensinamento da constitui\u00e7\u00e3o conciliar\u00a0<em>Sacrossantum Concilium \u2013<\/em>\u00a0sobre a Sagrada Liturgia, de que a m\u00fasica \u00e9 parte integrante da liturgia, irm\u00e3o Fernando Vieira orientou sobre a escolha dos c\u00e2nticos para as celebra\u00e7\u00f5es deste tempo.<\/p>\n<blockquote><p>\u201cCada domingo, tanto no Lecion\u00e1rio, quanto no Missal, est\u00e1 tudo pronto l\u00e1 dentro. Existem as ant\u00edfonas para a entrada, as ant\u00edfonas para a comunh\u00e3o. No caso do canto da comunh\u00e3o, eu posso escolher ou a ant\u00edfona que est\u00e1 pronta l\u00e1 no missal para cada domingo ou um canto que fa\u00e7a uma ponte, uma liga\u00e7\u00e3o com o Evangelho daquele domingo do Tempo do Advento\u201d, orientou.<\/p><\/blockquote>\n<h3 style=\"text-align: justify;\">Alegre expectativa para o encontro<\/h3>\n<p style=\"text-align: justify;\">Dom Edmar ainda fez uma reflex\u00e3o sobre a necessidade de refletir durante a prepara\u00e7\u00e3o para a chegada do Salvador sobre nossos sonhos, sobre aquilo que trazemos em nossos cora\u00e7\u00f5es dentro da realidade em que estamos vivendo no Brasil e no mundo, sobre as nossas expectativas.<\/p>\n<blockquote><p>\u201cSonhar pode sim fazer com que nossos cora\u00e7\u00f5es se preparem com alegria para o encontro. Essa para mim \u00e9 a segunda caracter\u00edstica importante. Advento tem que incutir em nossos cora\u00e7\u00f5es a possibilidade de um encontro. O encontro definitivo com o Senhor, aquele que se dar\u00e1 no \u00faltimo dia, na sua manifesta\u00e7\u00e3o gloriosa, em nossas vidas, para o mundo inteiro, para toda a cria\u00e7\u00e3o, o cosmo todo. E o encontro com o Senhor no nascimento concreto, no mist\u00e9rio da sua encarna\u00e7\u00e3o em Bel\u00e9m. Alegria precisa estar sempre ligada a sonhos, utopias e ao encontro. Quando nos encontramos com a pessoa amada, a\u00ed sim a alegria chega ao seu auge\u201d.<\/p><\/blockquote>\n<p style=\"text-align: justify;\">Indicando a necessidade de \u201cfugir\u201d de uma compreens\u00e3o intimista desse encontro, dom Edmar sublinha que, no Natal, a humanidade que se abre ao novo: \u201c\u00e9 a terra inteira que acolhe o Salvador e eu, com o mundo todo, no meio daqueles que os anjos dir\u00e3o na noite do Natal, paz aos homens que Deus ama. Isto \u00e9, a pessoa humana amada por Deus\u201d.<\/p>\n<p style=\"text-align: justify;\">Confira a live na \u00edntegra sobre a prepara\u00e7\u00e3o para o Tempo do Advento:<\/p>\n<p><iframe loading=\"lazy\" title=\"PREPARA\u00c7\u00c3O PARA O ADVENTO\" width=\"696\" height=\"392\" src=\"https:\/\/www.youtube.com\/embed\/M97kP_dl_-0?feature=oembed\" frameborder=\"0\" allow=\"accelerometer; autoplay; clipboard-write; encrypted-media; gyroscope; picture-in-picture\" allowfullscreen><\/iframe><\/p>\n<\/div>\n<\/div>\n","protected":false},"excerpt":{"rendered":"<p>A Igreja inicia no pr\u00f3ximo domingo, 29 de novembro, o Tempo do Advento, per\u00edodo que antecede e prepara para a celebra\u00e7\u00e3o da Solenidade do Natal, o nascimento de Jesus. Mas este tempo especial tem outra caracter\u00edstica importante: \u00e9 per\u00edodo em que os cora\u00e7\u00f5es se voltam para a expectativa da segunda vinda do Cristo no fim [&hellip;]<\/p>\n","protected":false},"author":1,"featured_media":64727,"comment_status":"open","ping_status":"closed","sticky":false,"template":"","format":"standard","meta":{"footnotes":""},"categories":[7,13],"tags":[],"class_list":["post-64726","post","type-post","status-publish","format-standard","has-post-thumbnail","hentry","category-cnbb","category-featured"],"_links":{"self":[{"href":"https:\/\/catolicanet.net\/wp-cnet\/wp-json\/wp\/v2\/posts\/64726","targetHints":{"allow":["GET"]}}],"collection":[{"href":"https:\/\/catolicanet.net\/wp-cnet\/wp-json\/wp\/v2\/posts"}],"about":[{"href":"https:\/\/catolicanet.net\/wp-cnet\/wp-json\/wp\/v2\/types\/post"}],"author":[{"embeddable":true,"href":"https:\/\/catolicanet.net\/wp-cnet\/wp-json\/wp\/v2\/users\/1"}],"replies":[{"embeddable":true,"href":"https:\/\/catolicanet.net\/wp-cnet\/wp-json\/wp\/v2\/comments?post=64726"}],"version-history":[{"count":1,"href":"https:\/\/catolicanet.net\/wp-cnet\/wp-json\/wp\/v2\/posts\/64726\/revisions"}],"predecessor-version":[{"id":64728,"href":"https:\/\/catolicanet.net\/wp-cnet\/wp-json\/wp\/v2\/posts\/64726\/revisions\/64728"}],"wp:featuredmedia":[{"embeddable":true,"href":"https:\/\/catolicanet.net\/wp-cnet\/wp-json\/wp\/v2\/media\/64727"}],"wp:attachment":[{"href":"https:\/\/catolicanet.net\/wp-cnet\/wp-json\/wp\/v2\/media?parent=64726"}],"wp:term":[{"taxonomy":"category","embeddable":true,"href":"https:\/\/catolicanet.net\/wp-cnet\/wp-json\/wp\/v2\/categories?post=64726"},{"taxonomy":"post_tag","embeddable":true,"href":"https:\/\/catolicanet.net\/wp-cnet\/wp-json\/wp\/v2\/tags?post=64726"}],"curies":[{"name":"wp","href":"https:\/\/api.w.org\/{rel}","templated":true}]}}