{"id":64720,"date":"2020-11-27T09:50:15","date_gmt":"2020-11-27T12:50:15","guid":{"rendered":"https:\/\/catolicanet.net\/wp-cnet\/?p=64720"},"modified":"2020-11-27T12:51:15","modified_gmt":"2020-11-27T15:51:15","slug":"campanha-10-milhoes-de-estrelas-realiza-momento-celebrativo-no-proximo-sabado-28-11-as-19h30","status":"publish","type":"post","link":"https:\/\/catolicanet.net\/wp-cnet\/campanha-10-milhoes-de-estrelas-realiza-momento-celebrativo-no-proximo-sabado-28-11-as-19h30\/","title":{"rendered":"CAMPANHA 10 MILH\u00d5ES DE ESTRELAS REALIZA MOMENTO CELEBRATIVO NO PR\u00d3XIMO S\u00c1BADO, 28\/11, \u00c0S 19H30"},"content":{"rendered":"<p style=\"text-align: justify;\">No pr\u00f3ximo s\u00e1bado, 28 de novembro, \u00e0s 19h30 acontece, por meio de videoconfer\u00eancia, o momento celebrativo da campanha 10 Milh\u00f5es de Estrelas. A data marca o in\u00edcio do tempo lit\u00fargico do Advento. A campanha \u00e9 uma iniciativa da C\u00e1ritas Brasileira em todo o pa\u00eds. A articula\u00e7\u00e3o no Distrito Federal conta com as parcerias da Confer\u00eancia Nacional dos Bispos do Brasil (CNBB), Confer\u00eancia dos Religiosos do Brasil (CRB), Grupo Ecum\u00eanico de Bras\u00edlia (GEB) e C\u00e1ritas Arquidiocesana de Bras\u00edlia.<\/p>\n<p style=\"text-align: justify;\">A partir da motiva\u00e7\u00e3o da Campanha da Fraternidade 2020, a iniciativa traz o slogan \u201cViu, cuidou e o mundo inteiro se iluminou!\u201d. O lema que anima as a\u00e7\u00f5es da campanha 10 Milh\u00f5es de Estrelas este ano traz ainda a inspira\u00e7\u00e3o b\u00edblica do evangelista S\u00e3o Mateus: \u201cBrilhe vossa luz para que vejam as vossas boas obras\u201d (Mt 5,16).<\/p>\n<p style=\"text-align: justify;\">A campanha 10 Milh\u00f5es de Estrelas \u00e9 uma iniciativa permanente da C\u00e1ritas Brasileira que se repete a cada ano, no per\u00edodo do Advento e Natal, como gesto concreto e coletivo, na perspectiva da consolida\u00e7\u00e3o da cultura de paz, da justi\u00e7a social e de uma espiritualidade comprometida com a vida humana e com os direitos da natureza, como destaca o diretor-executivo da C\u00e1ritas Brasileira, Carlos Humberto Campos: \u201cA campanha indica a possibilidade de que as fam\u00edlias, os grupos, as comunidades possam construir e viver um Advento e o Natal na perspectiva do projeto de Jesus Cristo, em busca de um futuro melhor e mais justo para toda a cria\u00e7\u00e3o, em nossa Casa Comum, o planeta Terra\u201d, enfatiza.<\/p>\n<p style=\"text-align: justify;\">A celebra\u00e7\u00e3o por videoconfer\u00eancia, no pr\u00f3ximo s\u00e1bado (28), ser\u00e1 ecum\u00eanica e vai marcar o in\u00edcio do Advento. \u201cNa perspectiva de iniciarmos esse tempo de prepara\u00e7\u00e3o para o Natal, estamos convidado todas as pessoas a refletirem n\u00e3o s\u00f3 sobre a quest\u00e3o da paz que \u00e9 o tema central da campanha, mas tamb\u00e9m sobre esse momento de pandemia de Covid-19 e o aumento da pobreza e da fome no pa\u00eds\u201d, destaca o assessor nacional da C\u00e1ritas Brasileira, Jaime Conrado.<\/p>\n<h3 style=\"text-align: justify;\">S\u00edmbolo de luz<\/h3>\n<p style=\"text-align: justify;\"><img loading=\"lazy\" decoding=\"async\" class=\"size-medium wp-image-255810 alignright lazyloaded\" src=\"https:\/\/eadn-wc02-718006.nxedge.io\/cdn\/wp-content\/uploads\/2020\/11\/Dez-milh%C3%B5es-de-Estrelas-298x300.png\" sizes=\"auto, (max-width: 298px) 100vw, 298px\" srcset=\"https:\/\/eadn-wc02-718006.nxedge.io\/cdn\/wp-content\/uploads\/2020\/11\/Dez-milh\u00f5es-de-Estrelas-298x300.png 298w, https:\/\/eadn-wc02-718006.nxedge.io\/cdn\/wp-content\/uploads\/2020\/11\/Dez-milh\u00f5es-de-Estrelas-150x150.png 150w, https:\/\/eadn-wc02-718006.nxedge.io\/cdn\/wp-content\/uploads\/2020\/11\/Dez-milh\u00f5es-de-Estrelas.jpg 367w\" alt=\"\" width=\"298\" height=\"300\" data-ll-status=\"loaded\" \/>A vela da paz \u00e9 o objeto que marca as a\u00e7\u00f5es da campanha. Um dos gestos concretos previstos \u00e9 o acendimento dessa vela em momentos celebrativos ou em fam\u00edlia na noite de Natal, como explica Conrado. \u201cN\u00f3s convidamos toda sociedade a acender a vela da campanha na noite do Natal trazendo essas reflex\u00f5es e pedindo que essa chama traga mais sabedoria, mais sa\u00fade, mais esperan\u00e7a ao povo brasileiro\u201d, conclui.<\/p>\n<p style=\"text-align: justify;\">A campanha 10 Milh\u00f5es de Estrelas teve in\u00edcio em Annecy, na Fran\u00e7a, em 1984. Em 1991 a campanha propagou-se por todo o pa\u00eds e passou a ser realizada no per\u00edodo do Natal. Mas foi no ano de 2002 que a a\u00e7\u00e3o come\u00e7ou seu percurso pelo mundo. No Brasil o projeto teve sua primeira edi\u00e7\u00e3o em 2014. A partir da\u00ed a C\u00e1ritas Brasileira lidera essa mobiliza\u00e7\u00e3o que tem o objetivo de iluminar pensamentos e inspirar gestos de solidariedade humana para a constru\u00e7\u00e3o de um mundo socialmente mais justo para todas as pessoas e espiritualmente mais conectado com Deus e com os irm\u00e3os e irm\u00e3s independente de etnia racial ou cren\u00e7a religiosa.<\/p>\n<p style=\"text-align: justify;\">Acompanhe a v\u00eddeoconfer\u00eancia \u2013\u00a0<a href=\"https:\/\/zoom.us\/j\/92282323492?pwd=cVdzbzR5b0dqc2c5SFBaTUFUQmdOQT09#success\">https:\/\/bit.ly\/10milhoesdeestrelas<\/a><\/p>\n<p style=\"text-align: justify;\">Informa\u00e7\u00f5es: Jucelene Rocha \u2013 comunicacao@caritas.org.br<\/p>\n","protected":false},"excerpt":{"rendered":"<p>No pr\u00f3ximo s\u00e1bado, 28 de novembro, \u00e0s 19h30 acontece, por meio de videoconfer\u00eancia, o momento celebrativo da campanha 10 Milh\u00f5es de Estrelas. A data marca o in\u00edcio do tempo lit\u00fargico do Advento. A campanha \u00e9 uma iniciativa da C\u00e1ritas Brasileira em todo o pa\u00eds. A articula\u00e7\u00e3o no Distrito Federal conta com as parcerias da Confer\u00eancia [&hellip;]<\/p>\n","protected":false},"author":1,"featured_media":64721,"comment_status":"open","ping_status":"closed","sticky":false,"template":"","format":"standard","meta":{"footnotes":""},"categories":[7],"tags":[],"class_list":["post-64720","post","type-post","status-publish","format-standard","has-post-thumbnail","hentry","category-cnbb"],"_links":{"self":[{"href":"https:\/\/catolicanet.net\/wp-cnet\/wp-json\/wp\/v2\/posts\/64720","targetHints":{"allow":["GET"]}}],"collection":[{"href":"https:\/\/catolicanet.net\/wp-cnet\/wp-json\/wp\/v2\/posts"}],"about":[{"href":"https:\/\/catolicanet.net\/wp-cnet\/wp-json\/wp\/v2\/types\/post"}],"author":[{"embeddable":true,"href":"https:\/\/catolicanet.net\/wp-cnet\/wp-json\/wp\/v2\/users\/1"}],"replies":[{"embeddable":true,"href":"https:\/\/catolicanet.net\/wp-cnet\/wp-json\/wp\/v2\/comments?post=64720"}],"version-history":[{"count":1,"href":"https:\/\/catolicanet.net\/wp-cnet\/wp-json\/wp\/v2\/posts\/64720\/revisions"}],"predecessor-version":[{"id":64722,"href":"https:\/\/catolicanet.net\/wp-cnet\/wp-json\/wp\/v2\/posts\/64720\/revisions\/64722"}],"wp:featuredmedia":[{"embeddable":true,"href":"https:\/\/catolicanet.net\/wp-cnet\/wp-json\/wp\/v2\/media\/64721"}],"wp:attachment":[{"href":"https:\/\/catolicanet.net\/wp-cnet\/wp-json\/wp\/v2\/media?parent=64720"}],"wp:term":[{"taxonomy":"category","embeddable":true,"href":"https:\/\/catolicanet.net\/wp-cnet\/wp-json\/wp\/v2\/categories?post=64720"},{"taxonomy":"post_tag","embeddable":true,"href":"https:\/\/catolicanet.net\/wp-cnet\/wp-json\/wp\/v2\/tags?post=64720"}],"curies":[{"name":"wp","href":"https:\/\/api.w.org\/{rel}","templated":true}]}}