{"id":64717,"date":"2020-11-27T09:48:46","date_gmt":"2020-11-27T12:48:46","guid":{"rendered":"https:\/\/catolicanet.net\/wp-cnet\/?p=64717"},"modified":"2020-11-27T12:49:45","modified_gmt":"2020-11-27T15:49:45","slug":"para-a-recuperacao-das-pessoas-cancerosas-o-afeto-e-a-compaixao-sao-fundamentais-afirma-bispo-referencial-da-pastoral-da-saude","status":"publish","type":"post","link":"https:\/\/catolicanet.net\/wp-cnet\/para-a-recuperacao-das-pessoas-cancerosas-o-afeto-e-a-compaixao-sao-fundamentais-afirma-bispo-referencial-da-pastoral-da-saude\/","title":{"rendered":"\u201cPARA A RECUPERA\u00c7\u00c3O DAS PESSOAS CANCEROSAS O AFETO E A COMPAIX\u00c3O S\u00c3O FUNDAMENTAIS\u201d, AFIRMA BISPO REFERENCIAL DA PASTORAL DA SA\u00daDE"},"content":{"rendered":"<p style=\"text-align: justify;\">Neste dia 27 de novembro comemora-se o Dia Nacional de combate ao C\u00e2ncer, data em que s\u00e3o lembradas as batalhas que s\u00e3o travadas diariamente contra uma das grandes doen\u00e7as no mundo atualmente.<\/p>\n<p style=\"text-align: justify;\">De acordo com dados da Organiza\u00e7\u00e3o Mundial da Sa\u00fade (OMS), o c\u00e2ncer \u00e9 a segunda causa de mortes no Brasil e no mundo atualmente, perdendo apenas para as doen\u00e7as cardiovasculares. Ainda de acordo com o \u00f3rg\u00e3o, at\u00e9 2030 os n\u00fameros podem crescer, chegando a 27 milh\u00f5es de casos incidentes de c\u00e2ncer, 17 milh\u00f5es de mortes por c\u00e2ncer e 75 milh\u00f5es de pessoas vivas, anualmente, com c\u00e2ncer.<\/p>\n<p style=\"text-align: justify;\">Em 1988, o Dia Nacional de Combate ao C\u00e2ncer foi criado pelo Minist\u00e9rio da Sa\u00fade para ampliar o conhecimento da popula\u00e7\u00e3o sobre o tratamento e, principalmente, para refor\u00e7ar a preven\u00e7\u00e3o da doen\u00e7a.<\/p>\n<blockquote><p>\u201cO combate ao c\u00e2ncer tem sido aprimorado com tratamentos, especialmente com diagn\u00f3sticos, mas essas campanhas visam principalmente \u00e0 preven\u00e7\u00e3o. A preven\u00e7\u00e3o do c\u00e2ncer sup\u00f5e uma vida sem estresse, com alimenta\u00e7\u00e3o saud\u00e1vel e ainda claro se h\u00e1 antecedentes familiares, pois o genotipo deve ser observado. Mas, cada vez mais se reconhece o aspecto emocional, a import\u00e2ncia dessa interface entre as doen\u00e7as psicol\u00f3gicas com o c\u00e2ncer\u201d, afirma o bispo referencial da Pastoral da Sa\u00fade, dom Roberto Francisco Ferrer\u00eda Paz.<\/p><\/blockquote>\n<h3 style=\"text-align: justify;\"><strong>Novembro Azul<\/strong><\/h3>\n<p style=\"text-align: justify;\">Tamb\u00e9m o m\u00eas de novembro, conhecido como Novembro Azul, foi criado com o objetivo de chamar aten\u00e7\u00e3o para a preven\u00e7\u00e3o e o dign\u00f3stico precoce das doen\u00e7as que atingem a popula\u00e7\u00e3o masculinas, com \u00eanfase no c\u00e2ncer de pr\u00f3stata.<\/p>\n<p style=\"text-align: justify;\">Dados do Minist\u00e9rio da Sa\u00fade informam que diariamente, 42 homens morrem em decorr\u00eancia do c\u00e2ncer de pr\u00f3stata e, aproximadamente, 3 milh\u00f5es vivem com a doen\u00e7a. J\u00e1 o Instituto Nacional de C\u00e2ncer (Inca), divulgou que foram diagnosticados 68.220 novos casos de c\u00e2ncer de pr\u00f3stata e cerca de 15 mil mortes\/ano em decorr\u00eancia da doen\u00e7a no Brasil, para cada ano do bi\u00eanio 2018\/2019.<\/p>\n<p style=\"text-align: justify;\">\u00c9 o tipo de c\u00e2ncer mais frequente entre os homens brasileiros, depois do c\u00e2ncer de pele, ocorrendo geralmente\u00a0 em homens mais velhos \u2013 cerca de 6 em cada 10 casos s\u00e3o diagnosticados em pacientes com mais de 65 anos.<\/p>\n<blockquote><p>\u201cNo novembro azul temos que ampliar, ainda, o cuidado, a preven\u00e7\u00e3o dos homens que ainda por preconceito, lamentavelmente, houve o aumento dos casos nesses \u00faltimos tempos. Preconceitos ligados a uma imagem de masculinidade bastante err\u00f4nea, porque ser homem \u00e9 ter cuidado, \u00e9 justamente aceitar os diagn\u00f3sticos que possam ser realmente mais precisos na averigua\u00e7\u00e3o e detec\u00e7\u00e3o do c\u00e2ncer\u201d, afirma o bispo referencial da Pastoral da Sa\u00fade, dom Roberto Ferrer\u00eda Paz.<\/p><\/blockquote>\n<h3 style=\"text-align: justify;\"><strong>Pastoral da Sa\u00fade<\/strong><\/h3>\n<p style=\"text-align: justify;\">A Pastoral da Sa\u00fade tem um grande papel de evangeliza\u00e7\u00e3o dentro e fora da Igreja. \u00c9 ela que tem o dever de conscientizar sobre os enfermos e tudo que est\u00e1 relacionado com a \u00e1rea da sa\u00fade, inclusive no combate ao c\u00e2ncer.<\/p>\n<blockquote><p>\u201cComo Pastoral da Sa\u00fade fazemos nosso chamado \u00e0s fam\u00edlias a refletirem especialmente no caso do c\u00e2ncer infantil. \u00c9 importante termos muita ternura, muita acolhida e digamos assim, nesse tempo de pandemia, a presen\u00e7a da comunidade \u00e9 essencial para esses casos mostrando o quanto a pessoa cancerosa faz parte da nossa grande fam\u00edlia\u201d, enfatiza dom Roberto.<\/p><\/blockquote>\n<p style=\"text-align: justify;\">E complementa: \u201cPara a recupera\u00e7\u00e3o das pessoas cancerosas o afeto, a compaix\u00e3o, o sentido da vida s\u00e3o fundamentais\u201d.<\/p>\n<p style=\"text-align: justify;\">\n<pre>Com informa\u00e7\u00f5es do Minist\u00e9rio da Sa\u00fade. Foto de capa: Marijana1\/Pixabay<\/pre>\n","protected":false},"excerpt":{"rendered":"<p>Neste dia 27 de novembro comemora-se o Dia Nacional de combate ao C\u00e2ncer, data em que s\u00e3o lembradas as batalhas que s\u00e3o travadas diariamente contra uma das grandes doen\u00e7as no mundo atualmente. De acordo com dados da Organiza\u00e7\u00e3o Mundial da Sa\u00fade (OMS), o c\u00e2ncer \u00e9 a segunda causa de mortes no Brasil e no mundo [&hellip;]<\/p>\n","protected":false},"author":1,"featured_media":64718,"comment_status":"open","ping_status":"closed","sticky":false,"template":"","format":"standard","meta":{"footnotes":""},"categories":[7],"tags":[],"class_list":["post-64717","post","type-post","status-publish","format-standard","has-post-thumbnail","hentry","category-cnbb"],"_links":{"self":[{"href":"https:\/\/catolicanet.net\/wp-cnet\/wp-json\/wp\/v2\/posts\/64717","targetHints":{"allow":["GET"]}}],"collection":[{"href":"https:\/\/catolicanet.net\/wp-cnet\/wp-json\/wp\/v2\/posts"}],"about":[{"href":"https:\/\/catolicanet.net\/wp-cnet\/wp-json\/wp\/v2\/types\/post"}],"author":[{"embeddable":true,"href":"https:\/\/catolicanet.net\/wp-cnet\/wp-json\/wp\/v2\/users\/1"}],"replies":[{"embeddable":true,"href":"https:\/\/catolicanet.net\/wp-cnet\/wp-json\/wp\/v2\/comments?post=64717"}],"version-history":[{"count":1,"href":"https:\/\/catolicanet.net\/wp-cnet\/wp-json\/wp\/v2\/posts\/64717\/revisions"}],"predecessor-version":[{"id":64719,"href":"https:\/\/catolicanet.net\/wp-cnet\/wp-json\/wp\/v2\/posts\/64717\/revisions\/64719"}],"wp:featuredmedia":[{"embeddable":true,"href":"https:\/\/catolicanet.net\/wp-cnet\/wp-json\/wp\/v2\/media\/64718"}],"wp:attachment":[{"href":"https:\/\/catolicanet.net\/wp-cnet\/wp-json\/wp\/v2\/media?parent=64717"}],"wp:term":[{"taxonomy":"category","embeddable":true,"href":"https:\/\/catolicanet.net\/wp-cnet\/wp-json\/wp\/v2\/categories?post=64717"},{"taxonomy":"post_tag","embeddable":true,"href":"https:\/\/catolicanet.net\/wp-cnet\/wp-json\/wp\/v2\/tags?post=64717"}],"curies":[{"name":"wp","href":"https:\/\/api.w.org\/{rel}","templated":true}]}}