{"id":64695,"date":"2020-11-27T09:17:20","date_gmt":"2020-11-27T12:17:20","guid":{"rendered":"https:\/\/catolicanet.net\/wp-cnet\/?p=64695"},"modified":"2020-11-27T12:27:52","modified_gmt":"2020-11-27T15:27:52","slug":"papa-francisco-para-nos-cristaos-o-futuro-e-a-esperanca","status":"publish","type":"post","link":"https:\/\/catolicanet.net\/wp-cnet\/papa-francisco-para-nos-cristaos-o-futuro-e-a-esperanca\/","title":{"rendered":"Papa Francisco: para n\u00f3s, crist\u00e3os, o futuro \u00e9 a esperan\u00e7a"},"content":{"rendered":"<div class=\"article__subTitle\" style=\"text-align: justify;\">O Papa Francisco assim inaugura o Festival italiano da Doutrina Social: \u201cA esperan\u00e7a \u00e9 a virtude de um cora\u00e7\u00e3o que n\u00e3o se fecha na escurid\u00e3o, n\u00e3o para no passado, n\u00e3o sobrevive presente, mas sabe ver o amanh\u00e3. Para n\u00f3s, crist\u00e3os, que significa o amanh\u00e3? \u00c9 a vida redimida, a alegria do dom do encontro com o amor trinit\u00e1rio\u201d.<\/div>\n<div class=\"title__separator\" style=\"text-align: justify;\"><\/div>\n<div class=\"article__text \">\n<p style=\"text-align: justify;\"><b>Vatican News\u00a0<\/b><\/p>\n<p style=\"text-align: justify;\">Teve in\u00edcio esta quinta-feira, 26 de novembro, a X Edi\u00e7\u00e3o italiana da Doutrina Social, sobre o tema \u201cMem\u00f3ria do futuro\u201d. At\u00e9 o dia 29, participam do evento empres\u00e1rios e profissionais do \u00e2mbito da coopera\u00e7\u00e3o, da economia e da cultura. A abertura foi feita pelo Papa Francisco, atrav\u00e9s de uma videomensagem em que exorta a \u201cfrequentar o futuro\u201d, a ter o olhar e o cora\u00e7\u00e3o \u201corientados escatologicamente\u201d.<\/p>\n<div style=\"text-align: justify;\">\n<div class=\"article__embed article__embed--border embed_style\">\n<blockquote><p>\u201cPara n\u00f3s, crist\u00e3os, o futuro tem um nome e este nome \u00e9 &#8220;esperan\u00e7a&#8221;. A esperan\u00e7a \u00e9 a virtude de um cora\u00e7\u00e3o que n\u00e3o se fecha na escurid\u00e3o, n\u00e3o para no passado, n\u00e3o sobrevive presente, mas sabe ver o amanh\u00e3. Para n\u00f3s, crist\u00e3os, que significa o amanh\u00e3? \u00c9 a vida redimida, a alegria do dom do encontro com o amor trinit\u00e1rio. Neste sentido, ser Igreja significa ter o olhar e o cora\u00e7\u00e3o criativos e orientados escatologicamente, sem ceder \u00e0 tenta\u00e7\u00e3o da nostalgia, que \u00e9, a todos os efeitos, uma verdadeira \u201cpatologia espiritual\u201d.\u201d<\/p><\/blockquote>\n<\/div>\n<\/div>\n<p style=\"text-align: justify;\"><b>Viver a mem\u00f3ria do futuro<\/b><\/p>\n<p style=\"text-align: justify;\">O Papa convida a colher a mais aut\u00eantica \u201cdin\u00e2mica dos crist\u00e3os\u201d, que \u201cn\u00e3o \u00e9 reter nostalgicamente o passado, mas ter acesso \u00e0 mem\u00f3ria eterna do Pai, e isto \u00e9 poss\u00edvel vivendo uma vida de caridade\u201d. Portanto, \u201cn\u00e3o a nostalgia que bloqueia a criatividade e nos torna pessoas r\u00edgidas e ideol\u00f3gicas tamb\u00e9m no \u00e2mbito social, pol\u00edtico e eclesial\u201d. Mas a mem\u00f3ria \u201cintrinsecamente relacionada ao amor e \u00e0 experi\u00eancia, que se torna uma das dimens\u00f5es mais profundas da pessoa humana\u201d. Papa Francisco evoca ent\u00e3o o sentido do Festival deste ano:<\/p>\n<p style=\"text-align: justify;\">&#8220;Viver a mem\u00f3ria do futuro significa empenhar-se a fazer de modo que a Igreja, o grande povo de Deus (LG, 6), possa constituir na terra o in\u00edcio e o broto do reino de Deus. Viver como fi\u00e9is imersos na sociedade, manifestando a vida de Deus que recebemos como dom no Batismo, para que se possa fazer mem\u00f3ria agora daquela vida futura na qual estaremos juntos diante do Pai, do Filho e do Esp\u00edrito Santo. Esta atitude nos ajuda a superar a tenta\u00e7\u00e3o da utopia, de reduzir o an\u00fancio do Evangelho no simples horizonte sociol\u00f3gico ou de nos comprometer no marketing das v\u00e1rias teorias econ\u00f4micas ou fac\u00e7\u00f5es pol\u00edticas. No mundo, \u00e9 preciso estar com a for\u00e7a e a criatividade da vida de Deus em n\u00f3s: assim, saberemos fascinar o cora\u00e7\u00e3o e o olhar das pessoas ao Evangelho de Jesus, ajudaremos a fazer fecundar projetos de nova economia inclusiva e de pol\u00edtica capaz de amor.&#8221;<\/p>\n<p style=\"text-align: justify;\">O programa do Festival prev\u00ea in\u00fameros eventos, entre os quais semin\u00e1rios e confer\u00eancias, que poder\u00e3o ser seguidos no site www.dottrinasociale.it ao vivo.<\/p>\n<\/div>\n","protected":false},"excerpt":{"rendered":"<p>O Papa Francisco assim inaugura o Festival italiano da Doutrina Social: \u201cA esperan\u00e7a \u00e9 a virtude de um cora\u00e7\u00e3o que n\u00e3o se fecha na escurid\u00e3o, n\u00e3o para no passado, n\u00e3o sobrevive presente, mas sabe ver o amanh\u00e3. Para n\u00f3s, crist\u00e3os, que significa o amanh\u00e3? \u00c9 a vida redimida, a alegria do dom do encontro com [&hellip;]<\/p>\n","protected":false},"author":1,"featured_media":64696,"comment_status":"open","ping_status":"closed","sticky":false,"template":"","format":"standard","meta":{"footnotes":""},"categories":[13,3],"tags":[],"class_list":["post-64695","post","type-post","status-publish","format-standard","has-post-thumbnail","hentry","category-featured","category-vaticano"],"_links":{"self":[{"href":"https:\/\/catolicanet.net\/wp-cnet\/wp-json\/wp\/v2\/posts\/64695","targetHints":{"allow":["GET"]}}],"collection":[{"href":"https:\/\/catolicanet.net\/wp-cnet\/wp-json\/wp\/v2\/posts"}],"about":[{"href":"https:\/\/catolicanet.net\/wp-cnet\/wp-json\/wp\/v2\/types\/post"}],"author":[{"embeddable":true,"href":"https:\/\/catolicanet.net\/wp-cnet\/wp-json\/wp\/v2\/users\/1"}],"replies":[{"embeddable":true,"href":"https:\/\/catolicanet.net\/wp-cnet\/wp-json\/wp\/v2\/comments?post=64695"}],"version-history":[{"count":1,"href":"https:\/\/catolicanet.net\/wp-cnet\/wp-json\/wp\/v2\/posts\/64695\/revisions"}],"predecessor-version":[{"id":64697,"href":"https:\/\/catolicanet.net\/wp-cnet\/wp-json\/wp\/v2\/posts\/64695\/revisions\/64697"}],"wp:featuredmedia":[{"embeddable":true,"href":"https:\/\/catolicanet.net\/wp-cnet\/wp-json\/wp\/v2\/media\/64696"}],"wp:attachment":[{"href":"https:\/\/catolicanet.net\/wp-cnet\/wp-json\/wp\/v2\/media?parent=64695"}],"wp:term":[{"taxonomy":"category","embeddable":true,"href":"https:\/\/catolicanet.net\/wp-cnet\/wp-json\/wp\/v2\/categories?post=64695"},{"taxonomy":"post_tag","embeddable":true,"href":"https:\/\/catolicanet.net\/wp-cnet\/wp-json\/wp\/v2\/tags?post=64695"}],"curies":[{"name":"wp","href":"https:\/\/api.w.org\/{rel}","templated":true}]}}