{"id":64689,"date":"2020-11-26T10:18:56","date_gmt":"2020-11-26T13:18:56","guid":{"rendered":"https:\/\/catolicanet.net\/wp-cnet\/?p=64689"},"modified":"2020-11-26T11:22:40","modified_gmt":"2020-11-26T14:22:40","slug":"papa-preparar-se-para-o-natal-tambem-atraves-do-vatican-news","status":"publish","type":"post","link":"https:\/\/catolicanet.net\/wp-cnet\/papa-preparar-se-para-o-natal-tambem-atraves-do-vatican-news\/","title":{"rendered":"Papa: preparar-se para o Natal tamb\u00e9m atrav\u00e9s do Vatican News"},"content":{"rendered":"<div class=\"article__subTitle\">O Vatican News acolhe o incentivo do Papa Francisco e convida nossos seguidores a viver o Advento atrav\u00e9s do nosso conte\u00fado no Facebook, Twitter e Instagram: todos canais dispon\u00edveis em portugu\u00eas.<\/div>\n<div class=\"title__separator\"><\/div>\n<div class=\"article__text \">\n<p><b>Bianca Fraccalvieri \u2013 Vatican News<\/b><\/p>\n<p><iframe loading=\"lazy\" title=\"Papa: preparar-se para o Natal tamb\u00e9m atrav\u00e9s do Vatican News\" width=\"696\" height=\"392\" src=\"https:\/\/www.youtube.com\/embed\/K6Zn5a1G4aw?feature=oembed\" frameborder=\"0\" allow=\"accelerometer; autoplay; clipboard-write; encrypted-media; gyroscope; picture-in-picture\" allowfullscreen><\/iframe><\/p>\n<p style=\"text-align: justify;\">As redes sociais podem se tornar um aliado na prepara\u00e7\u00e3o para o Natal. E foi com este intuito que os jovens do Instituto Universit\u00e1rio Salesiano, em parceria com a \u201cCube R\u00e1dio\u201d, de Veneza, lan\u00e7am a iniciativa \u201cAdvento Green Dream\u201d &#8211; um percurso inspirado na Palavra de Deus de cada um dos quatro domingos que antecedem o Natal e na Carta Enc\u00edclica\u00a0<i>Laudato si\u2019<\/i>.<\/p>\n<p style=\"text-align: justify;\">Inscrevendo-se na newsletter, ser\u00e1 poss\u00edvel receber via e-mail 26 \u00edcones cotidianos com uma mensagem de 29 de novembro a 24 de dezembro.<\/p>\n<div style=\"text-align: justify;\">\n<div class=\"article__embed article__embed--unwrap article__embed--dark\">\n<div class=\"article__innerTitle\">Ou\u00e7a e compartilhe<\/div>\n<div>\n<!--[if lt IE 9]><script>document.createElement('audio');<\/script><![endif]-->\n<audio class=\"wp-audio-shortcode\" id=\"audio-64689-1\" preload=\"none\" style=\"width: 100%;\" controls=\"controls\"><source type=\"audio\/mpeg\" src=\"https:\/\/media.vaticannews.va\/media\/audio\/s1\/2020\/11\/26\/12\/135798498_F135798498.mp3?_=1\" \/><a href=\"https:\/\/media.vaticannews.va\/media\/audio\/s1\/2020\/11\/26\/12\/135798498_F135798498.mp3\">https:\/\/media.vaticannews.va\/media\/audio\/s1\/2020\/11\/26\/12\/135798498_F135798498.mp3<\/a><\/audio>\n<\/div>\n<\/div>\n<\/div>\n<p style=\"text-align: justify;\">Os idealizadores da iniciativa receberam uma videomensagem do Papa Francisco, que n\u00e3o s\u00f3 se limitou a agradecer, como os incentivou a envolverem outros jovens e os usu\u00e1rios da rede na prepara\u00e7\u00e3o do Santo Natal, \u201cinclusive atrav\u00e9s das redes sociais do Vatican News\u201d, difundindo a Palavra de Deus e convidando-os ao cuidado da casa comum\u201d.<b><\/b><\/p>\n<p style=\"text-align: justify;\">\u201cObrigado. Rezo por voc\u00eas e rezem por mim!\u201d, finalizou o Pont\u00edfice.<\/p>\n<p style=\"text-align: justify;\">O Vatican News acolhe o incentivo do Papa Francisco e convida nossos seguidores a viver o Advento atrav\u00e9s do nosso conte\u00fado no Facebook, Twitter e Instagram: todos canais dispon\u00edveis em portugu\u00eas.<\/p>\n<\/div>\n","protected":false},"excerpt":{"rendered":"<p>O Vatican News acolhe o incentivo do Papa Francisco e convida nossos seguidores a viver o Advento atrav\u00e9s do nosso conte\u00fado no Facebook, Twitter e Instagram: todos canais dispon\u00edveis em portugu\u00eas. Bianca Fraccalvieri \u2013 Vatican News As redes sociais podem se tornar um aliado na prepara\u00e7\u00e3o para o Natal. E foi com este intuito que [&hellip;]<\/p>\n","protected":false},"author":1,"featured_media":64690,"comment_status":"open","ping_status":"closed","sticky":false,"template":"","format":"standard","meta":{"footnotes":""},"categories":[13,3],"tags":[],"class_list":["post-64689","post","type-post","status-publish","format-standard","has-post-thumbnail","hentry","category-featured","category-vaticano"],"_links":{"self":[{"href":"https:\/\/catolicanet.net\/wp-cnet\/wp-json\/wp\/v2\/posts\/64689","targetHints":{"allow":["GET"]}}],"collection":[{"href":"https:\/\/catolicanet.net\/wp-cnet\/wp-json\/wp\/v2\/posts"}],"about":[{"href":"https:\/\/catolicanet.net\/wp-cnet\/wp-json\/wp\/v2\/types\/post"}],"author":[{"embeddable":true,"href":"https:\/\/catolicanet.net\/wp-cnet\/wp-json\/wp\/v2\/users\/1"}],"replies":[{"embeddable":true,"href":"https:\/\/catolicanet.net\/wp-cnet\/wp-json\/wp\/v2\/comments?post=64689"}],"version-history":[{"count":1,"href":"https:\/\/catolicanet.net\/wp-cnet\/wp-json\/wp\/v2\/posts\/64689\/revisions"}],"predecessor-version":[{"id":64691,"href":"https:\/\/catolicanet.net\/wp-cnet\/wp-json\/wp\/v2\/posts\/64689\/revisions\/64691"}],"wp:featuredmedia":[{"embeddable":true,"href":"https:\/\/catolicanet.net\/wp-cnet\/wp-json\/wp\/v2\/media\/64690"}],"wp:attachment":[{"href":"https:\/\/catolicanet.net\/wp-cnet\/wp-json\/wp\/v2\/media?parent=64689"}],"wp:term":[{"taxonomy":"category","embeddable":true,"href":"https:\/\/catolicanet.net\/wp-cnet\/wp-json\/wp\/v2\/categories?post=64689"},{"taxonomy":"post_tag","embeddable":true,"href":"https:\/\/catolicanet.net\/wp-cnet\/wp-json\/wp\/v2\/tags?post=64689"}],"curies":[{"name":"wp","href":"https:\/\/api.w.org\/{rel}","templated":true}]}}