{"id":64666,"date":"2020-11-21T10:23:58","date_gmt":"2020-11-21T13:23:58","guid":{"rendered":"https:\/\/catolicanet.net\/wp-cnet\/?p=64666"},"modified":"2020-11-23T13:25:23","modified_gmt":"2020-11-23T16:25:23","slug":"coleta-do-bem","status":"publish","type":"post","link":"https:\/\/catolicanet.net\/wp-cnet\/coleta-do-bem\/","title":{"rendered":"Coleta do Bem"},"content":{"rendered":"<p style=\"text-align: justify;\"><em>\u201cSomos Igreja: cuidamos da vida, cuidamos do an\u00fancio da Palavra e cuidamos dos pobres\u201d.\u00a0<\/em><em>\u201cConheceis a generosidade de Cristo.\u201d <\/em>(2Cor 8,9).<\/p>\n<p style=\"text-align: justify;\">A <em>Coleta do Bem<\/em> acontecer\u00e1 no final de semana (34\u00ba domingo do tempo comum), dias 21 e 22 de novembro, dia de Cristo Rei, em que celebramos o \u00faltimo domingo do Tempo Comum. Essa coleta une as coletas nacionais da Campanha da Fraternidade (transferida de domingo de Ramos) e a da Evangeliza\u00e7\u00e3o (adiantada do terceiro domingo do advento). A coleta da Solidariedade \u00e9 para as quest\u00f5es sociais das dioceses e da igreja no Brasil. A coleta da Evangeliza\u00e7\u00e3o tem o escopo evangelizador na diocese, regional e nacional. Essa a\u00e7\u00e3o \u00e9 como um gesto concreto dessas dias campanhas e tamb\u00e9m motivados pela celebra\u00e7\u00e3o do dia 15 de novembro quando celebramos o Dia do Pobre institu\u00eddo pelo Papa Francisco. As duas campanhas nacionais anuais s\u00e3o um modo de partilha dos cat\u00f3licos com as preocupa\u00e7\u00f5es sociais e de evangeliza\u00e7\u00e3o da igreja.<\/p>\n<p style=\"text-align: justify;\">O lema da Campanha da Evangeliza\u00e7\u00e3o que se inicia no domingo de Cristo Rei e vai at\u00e9 o terceiro domingo do advento \u00e9:\u00a0\u201c\u00c9 tempo de cuidar da evangeliza\u00e7\u00e3o\u201d e tem como lema: \u201cconheceis a generosidade de Cristo\u201d (2Cor 8,9). Com a coleta do bem recordamos que \u201csomos igreja, cuidados dos pobres\u201d. Ou seja: \u201cSomos Igreja: cuidamos da vida, cuidamos do an\u00fancio da Palavra e cuidamos dos pobres\u201d. Atrav\u00e9s do lema a Igreja quer dizer que se anunciamos a Palavra e consagramos a Eucaristia, nesses dois gestos participamos de duas grandes mesas, dentro do corpo m\u00edstico que \u00e9 a Igreja, nossa miss\u00e3o ap\u00f3s a celebra\u00e7\u00e3o da Eucaristia \u00e9 anunciar a palavra e partilhar o p\u00e3o com os menos favorecidos. E o lema tirado da Carta de S\u00e3o Paulo aos Cor\u00edntios nos impulsiona a viver a generosidade que Cristo viveu e as pessoas saber\u00e3o que somos d\u2019Ele se assim o fizermos.<\/p>\n<p style=\"text-align: justify;\">\u00c9 tempo de cuidar da evangeliza\u00e7\u00e3o, n\u00f3s como disc\u00edpulos mission\u00e1rios do Senhor que somos devemos evangelizar a todos, e n\u00e3o deixar que o an\u00fancio da Palavra fique somente no \u00e2mbito do templo, mas \u00e9 preciso levar esse anuncio as nossas casas, as periferias, escolas e trabalho. E da mesa do altar, onde somos todos irm\u00e3os e partilhamos a Eucaristia, somos impulsionados a partilhar o p\u00e3o com todos, inclusive os mais necessitados.<\/p>\n<p style=\"text-align: justify;\">A \u201cColeta do Bem\u201d e como tantas outras coletas que a Igreja realiza \u00e9 para ajudar a Igreja na sua miss\u00e3o evangelizadora no social e na miss\u00e3o. \u00c9 atrav\u00e9s dessas coletas que se faz poss\u00edvel chegar recursos tanto pelas quest\u00f5es sociais, como tamb\u00e9m de evangeliza\u00e7\u00e3o a tantos lugares do Brasil.<\/p>\n<p style=\"text-align: justify;\">Por isso, aquilo que doamos nessas campanhas \u00e9 destinado \u00e0 fraternidade e \u00e0 evangeliza\u00e7\u00e3o. \u00c9 para suprir a necessidade de tantos projetos sociais e de evangeliza\u00e7\u00e3o que sempre tem suas necessidades. Por isso temos essas campanhas, elas s\u00e3o um modo concreto de ser da Igreja, desde que tenham o seu devido destino. E essa Campanha vem num dia oportuno que \u00e9 a Solenidade de Jesus Cristo Rei do Universo, fechando assim o Ano Lit\u00fargico e podendo fazer a nossa parte de ajudar os que mais necessitam, na esperan\u00e7a confiante da vinda do Senhor. Essa celebra\u00e7\u00e3o se realiza no domingo ap\u00f3s celebrarmos IV Dia Mundial do Pobre por vontade e desejo do Papa Francisco de espalharmos a miseric\u00f3rdia e a compaix\u00e3o.<\/p>\n<p style=\"text-align: justify;\">Esse ano devido a pandemia da Covid-19 muitas pessoas perderam emprego, n\u00e3o conseguindo trazer o sustento para as suas fam\u00edlias. Algumas fam\u00edlias perderam seus entes queridos. S\u00e3o muitas necessidades para a evangeliza\u00e7\u00e3o e fraternidade em \u00e2mbito diocesano, regional e nacional.<\/p>\n<p style=\"text-align: justify;\">Por isso esse ano e, sobretudo no m\u00eas de novembro, somos chamados \u00e0 generosidade a abrir o nosso cora\u00e7\u00e3o a necessidade do irm\u00e3o, olhar para aquele que sofre e que est\u00e1 passando por uma situa\u00e7\u00e3o dif\u00edcil. Com essa pandemia estamos entrando num \u201cnovo\u201d normal, onde temos que ser mais generosos com os outros, sermos mais humildes e cuidando do pr\u00f3ximo.<\/p>\n<p style=\"text-align: justify;\">Vamos ser generosos. Por isso quem \u00e9 generoso na evangeliza\u00e7\u00e3o tem m\u00e9rito de evangelizador. Por isso rezemos a ora\u00e7\u00e3o para a Campanha da Evangeliza\u00e7\u00e3o 2020 e que nos motiva a viver essa coleta do bem englobando duas coletas nacionais:<\/p>\n<p style=\"text-align: justify;\"><strong><em>Ora\u00e7\u00e3o para a Campanha da Evangeliza\u00e7\u00e3o 2020<\/em><\/strong><\/p>\n<p style=\"text-align: justify;\"><em>Bendito sois, Deus da vida,<br \/>\naux\u00edlio dos pobres e vulner\u00e1veis,<br \/>\namparo daqueles que esperam em v\u00f3s.<br \/>\nAjudai-nos a testemunhar a alegria da evangeliza\u00e7\u00e3o,<br \/>\nem meio aos desafios do tempo presente.<br \/>\nBatizados e enviados para anunciar a Palavra, cuidar da vida e<br \/>\nevangelizar os pobres, vivendo<br \/>\nem comunidades eclesiais mission\u00e1rias,<br \/>\nqueremos renovar nossa responsabilidade com a miss\u00e3o da Igreja.<br \/>\nRenovai nossa esperan\u00e7a,<br \/>\nfortalecei nosso chamado,<br \/>\nenviai-nos em miss\u00e3o.<br \/>\nPor Jesus Cristo,<br \/>\nna for\u00e7a do Esp\u00edrito Santo.<br \/>\nAm\u00e9m.<\/em><\/p>\n<p style=\"text-align: justify;\">Motivados por Cristo e inspirados pelo Divino Esp\u00edrito Santo fa\u00e7amos generosamente a nossa coleta nesse domingo dia 22, cumprindo assim o que Jesus nos pediu, de sermos disc\u00edpulos e mission\u00e1rios dele. E se eu ajudo o meu irm\u00e3o que n\u00e3o vejo, Deus ajudara a n\u00f3s que n\u00e3o o vemos. Am\u00e9m.<\/p>\n","protected":false},"excerpt":{"rendered":"<p>\u201cSomos Igreja: cuidamos da vida, cuidamos do an\u00fancio da Palavra e cuidamos dos pobres\u201d.\u00a0\u201cConheceis a generosidade de Cristo.\u201d (2Cor 8,9). A Coleta do Bem acontecer\u00e1 no final de semana (34\u00ba domingo do tempo comum), dias 21 e 22 de novembro, dia de Cristo Rei, em que celebramos o \u00faltimo domingo do Tempo Comum. Essa coleta [&hellip;]<\/p>\n","protected":false},"author":5,"featured_media":55819,"comment_status":"open","ping_status":"closed","sticky":false,"template":"","format":"standard","meta":{"footnotes":""},"categories":[9],"tags":[],"class_list":["post-64666","post","type-post","status-publish","format-standard","has-post-thumbnail","hentry","category-artigos"],"_links":{"self":[{"href":"https:\/\/catolicanet.net\/wp-cnet\/wp-json\/wp\/v2\/posts\/64666","targetHints":{"allow":["GET"]}}],"collection":[{"href":"https:\/\/catolicanet.net\/wp-cnet\/wp-json\/wp\/v2\/posts"}],"about":[{"href":"https:\/\/catolicanet.net\/wp-cnet\/wp-json\/wp\/v2\/types\/post"}],"author":[{"embeddable":true,"href":"https:\/\/catolicanet.net\/wp-cnet\/wp-json\/wp\/v2\/users\/5"}],"replies":[{"embeddable":true,"href":"https:\/\/catolicanet.net\/wp-cnet\/wp-json\/wp\/v2\/comments?post=64666"}],"version-history":[{"count":1,"href":"https:\/\/catolicanet.net\/wp-cnet\/wp-json\/wp\/v2\/posts\/64666\/revisions"}],"predecessor-version":[{"id":64667,"href":"https:\/\/catolicanet.net\/wp-cnet\/wp-json\/wp\/v2\/posts\/64666\/revisions\/64667"}],"wp:featuredmedia":[{"embeddable":true,"href":"https:\/\/catolicanet.net\/wp-cnet\/wp-json\/wp\/v2\/media\/55819"}],"wp:attachment":[{"href":"https:\/\/catolicanet.net\/wp-cnet\/wp-json\/wp\/v2\/media?parent=64666"}],"wp:term":[{"taxonomy":"category","embeddable":true,"href":"https:\/\/catolicanet.net\/wp-cnet\/wp-json\/wp\/v2\/categories?post=64666"},{"taxonomy":"post_tag","embeddable":true,"href":"https:\/\/catolicanet.net\/wp-cnet\/wp-json\/wp\/v2\/tags?post=64666"}],"curies":[{"name":"wp","href":"https:\/\/api.w.org\/{rel}","templated":true}]}}