{"id":64657,"date":"2020-11-23T10:15:50","date_gmt":"2020-11-23T13:15:50","guid":{"rendered":"https:\/\/catolicanet.net\/wp-cnet\/?p=64657"},"modified":"2020-11-23T13:16:38","modified_gmt":"2020-11-23T16:16:38","slug":"voce-sabia-que-a-virgem-maria-adorava-cantar","status":"publish","type":"post","link":"https:\/\/catolicanet.net\/wp-cnet\/voce-sabia-que-a-virgem-maria-adorava-cantar\/","title":{"rendered":"Voc\u00ea sabia que a Virgem Maria adorava cantar?"},"content":{"rendered":"<h2 class=\"subtitle\" style=\"text-align: justify;\">O seu c\u00e2ntico &#8220;Magnificat&#8221; resume toda a espiritualidade crist\u00e3 sob a \u00f3tica da m\u00e3e do Salvador<\/h2>\n<p style=\"text-align: justify;\">Pouco se sabe sobre a vida de Nossa Senhora antes da Anuncia\u00e7\u00e3o. Entretanto, com base nas Escrituras e na Tradi\u00e7\u00e3o, podemos inferir que a Virgem Maria tinha o dom de cantar<\/p>\n<p style=\"text-align: justify;\">O site\u00a0<a href=\"https:\/\/www.a12.com\/redentoristas\/vocacional\/noticias\/maria-uma-jovem-que-adorava-cantar\" target=\"_blank\" rel=\"noopener noreferrer\">A12<\/a>\u00a0abordou o tema em um excelente artigo. O autor, Pe. An\u00edsio Tavares, lembra que ela deve ter cantado muito em sua vida. Mas a B\u00edblia nos deixou apenas um c\u00e2ntico atribu\u00eddo a ela. Trata-se do\u00a0<em>Magnificat<\/em>, um canto de louvor que est\u00e1 em no Evangelho de Lucas. A profundidade e alegria deste hino, portanto, podem ser os indicativos do dom que Maria tinha para o canto.<\/p>\n<h3 style=\"text-align: justify;\">O\u00a0<em>Magnificat<\/em><\/h3>\n<p style=\"text-align: justify;\">Conforme o Evangelho de Lucas, na casa de Isabel e de seu marido, onde antes reinava a tristeza pela falta de filhos, agora existe a alegria de uma crian\u00e7a prestes a nascer (Jo\u00e3o Batista). E quando Maria chega \u00e0 casa da prima, essa alegria transborda, j\u00e1 que Jesus est\u00e1 em seu ventre.<\/p>\n<p style=\"text-align: justify;\">O Papa Francisco falou sobre essa alegria movida pelo dom que Maria tinha de cantar:<\/p>\n<blockquote><p><em>\u201cE esta alegria plena se expressa com a voz de Maria na ora\u00e7\u00e3o estupenda do Magnificat. \u00c9 o canto de louvor a Deus que opera grandes coisas por meio das pessoas humildes, desconhecidas para o mundo, como \u00e9 a pr\u00f3pria Maria, como \u00e9 o seu esposo Jos\u00e9, e como \u00e9 tamb\u00e9m o local onde vivem, Nazar\u00e9. As grandes coisas que Deus fez com as pessoas humildes! As grandes coisas que o Senhor faz no mundo com os humildes, porque a humildade \u00e9 como um vazio, que deixa espa\u00e7o para Deus. O humilde \u00e9 poderoso, n\u00e3o porque \u00e9 forte. E esta \u00e9 a grandeza do humilde, da humildade.\u201d<\/em><\/p><\/blockquote>\n<p style=\"text-align: justify;\">J\u00e1 o Fr. Raniero Cantalamessa explica que o Magnificat lembra \u00a0\u00e0 Igreja qual \u00e9 o an\u00fancio essencial que deve proclamar ao mundo:<\/p>\n<blockquote><p><em>\u201cA Igreja vive e atua o c\u00e2ntico da Virgem quando repete com Maria: Derrubou os poderosos, mandou embora os ricos de m\u00e3os vazias!, e repete-o com f\u00e9, distinguindo este an\u00fancio de todos os outros pronunciamentos que tem tamb\u00e9m direito de fazer, em mat\u00e9ria de justi\u00e7a, de paz, de ordem social, enquanto int\u00e9rprete qualificada da lei natural e guarda do mandamento de Cristo do amor fraterno.\u201d<\/em><\/p><\/blockquote>\n<h3 style=\"text-align: justify;\">Para cantar e rezar<\/h3>\n<div class=\"nativo-inread\" style=\"text-align: justify;\"><\/div>\n<p style=\"text-align: justify;\">O Magnificat \u00e9, de fato, uma ora\u00e7\u00e3o B\u00edblica e um hino de louvor. A melodia pode at\u00e9 ficar por nossa conta, pois o mais importante \u00e9 refletir sobre as bel\u00edssimas palavras daquela que j\u00e1 carregava o Salvador do mundo em seu ventre. Portanto, quem reza o\u00a0<em>Magnificat<\/em>, se coloca junto \u00e0 Maria e testemunha para o mundo sua condi\u00e7\u00e3o servil e fraterna para com seu Criador:<\/p>\n<blockquote><p><em>\u201cA minha alma glorifica ao Senhor\u00a0<\/em><em>e o meu esp\u00edrito se alegra em Deus, meu Salvador.\u00a0<\/em><em>Porque p\u00f4s os olhos na humildade da sua serva:\u00a0<\/em><em>de hoje em diante me chamar\u00e3o bem-aventurada todas as gera\u00e7\u00f5es.\u00a0<\/em><em>O Todo-Poderoso fez em mim maravilhas:\u00a0<\/em><em>Santo \u00e9 o seu nome.\u00a0<\/em><em>A sua miseric\u00f3rdia se estende de gera\u00e7\u00e3o em gera\u00e7\u00e3o\u00a0<\/em><em>sobre aqueles que O temem.\u00a0<\/em><em>Manifestou o poder do seu bra\u00e7o\u00a0<\/em><em>e dispersou os soberbos.\u00a0<\/em><em>Derrubou os poderosos de seus tronos\u00a0<\/em><em>e exaltou os humildes.\u00a0<\/em><em>Aos famintos encheu de bens\u00a0<\/em><em>e aos ricos despediu de m\u00e3os vazias.\u00a0<\/em><em>Acolheu Israel seu servo,\u00a0<\/em><em>lembrado da sua miseric\u00f3rdia,\u00a0<\/em><em>como tinha prometido a nossos pais,\u00a0<\/em><em>a Abra\u00e3o e \u00e0 sua descend\u00eancia\u00a0<\/em><em>para sempre.\u201d (Lc 1, 46-55).\u00a0<\/em><\/p><\/blockquote>\n","protected":false},"excerpt":{"rendered":"<p>O seu c\u00e2ntico &#8220;Magnificat&#8221; resume toda a espiritualidade crist\u00e3 sob a \u00f3tica da m\u00e3e do Salvador Pouco se sabe sobre a vida de Nossa Senhora antes da Anuncia\u00e7\u00e3o. Entretanto, com base nas Escrituras e na Tradi\u00e7\u00e3o, podemos inferir que a Virgem Maria tinha o dom de cantar O site\u00a0A12\u00a0abordou o tema em um excelente artigo. [&hellip;]<\/p>\n","protected":false},"author":1,"featured_media":64658,"comment_status":"open","ping_status":"closed","sticky":false,"template":"","format":"standard","meta":{"footnotes":""},"categories":[4],"tags":[],"class_list":["post-64657","post","type-post","status-publish","format-standard","has-post-thumbnail","hentry","category-cotidiano"],"_links":{"self":[{"href":"https:\/\/catolicanet.net\/wp-cnet\/wp-json\/wp\/v2\/posts\/64657","targetHints":{"allow":["GET"]}}],"collection":[{"href":"https:\/\/catolicanet.net\/wp-cnet\/wp-json\/wp\/v2\/posts"}],"about":[{"href":"https:\/\/catolicanet.net\/wp-cnet\/wp-json\/wp\/v2\/types\/post"}],"author":[{"embeddable":true,"href":"https:\/\/catolicanet.net\/wp-cnet\/wp-json\/wp\/v2\/users\/1"}],"replies":[{"embeddable":true,"href":"https:\/\/catolicanet.net\/wp-cnet\/wp-json\/wp\/v2\/comments?post=64657"}],"version-history":[{"count":1,"href":"https:\/\/catolicanet.net\/wp-cnet\/wp-json\/wp\/v2\/posts\/64657\/revisions"}],"predecessor-version":[{"id":64659,"href":"https:\/\/catolicanet.net\/wp-cnet\/wp-json\/wp\/v2\/posts\/64657\/revisions\/64659"}],"wp:featuredmedia":[{"embeddable":true,"href":"https:\/\/catolicanet.net\/wp-cnet\/wp-json\/wp\/v2\/media\/64658"}],"wp:attachment":[{"href":"https:\/\/catolicanet.net\/wp-cnet\/wp-json\/wp\/v2\/media?parent=64657"}],"wp:term":[{"taxonomy":"category","embeddable":true,"href":"https:\/\/catolicanet.net\/wp-cnet\/wp-json\/wp\/v2\/categories?post=64657"},{"taxonomy":"post_tag","embeddable":true,"href":"https:\/\/catolicanet.net\/wp-cnet\/wp-json\/wp\/v2\/tags?post=64657"}],"curies":[{"name":"wp","href":"https:\/\/api.w.org\/{rel}","templated":true}]}}