{"id":6464,"date":"2015-08-20T16:49:11","date_gmt":"2015-08-20T19:49:11","guid":{"rendered":"http:\/\/catolicanet.net\/wp-cnet\/hino-da-jmj-2016-em-portugues-sera-lancado-em-aparecida\/"},"modified":"2017-04-11T10:27:53","modified_gmt":"2017-04-11T13:27:53","slug":"hino-da-jmj-2016-em-portugues-sera-lancado-em-aparecida","status":"publish","type":"post","link":"https:\/\/catolicanet.net\/wp-cnet\/hino-da-jmj-2016-em-portugues-sera-lancado-em-aparecida\/","title":{"rendered":"Hino da JMJ 2016 em portugu\u00eas ser\u00e1 lan\u00e7ado em Aparecida"},"content":{"rendered":"<p style=\"text-align: justify;\"><img decoding=\"async\" src=\"http:\/\/catolicanet.com.br\/images\/stories\/geral\/unnamed_4.jpg\" border=\"0\" align=\"left\" \/> A vers\u00e3o brasileira do Hino da Jornada Mundial da Juventude (JMJ) 2016 ser\u00e1 lan\u00e7ado nesta sexta-feira, 21, \u00e0s 18h40, no Santu\u00e1rio Nacional de Aparecida, durante 8\u00ba Encontro dos Respons\u00e1veis Diocesanos pela Evangeliza\u00e7\u00e3o da Juventude.<\/p>\n<p>A pr\u00f3xima JMJ, evento que re\u00fane jovens do mundo todo, acontecer\u00e1 de 25 a 31 de julho de 2016, na Crac\u00f3via, Pol\u00f4nia.\u00a0 <\/p>\n<p>Adaptada da original, em polon\u00eas, a can\u00e7\u00e3o \u00e9 uma composi\u00e7\u00e3o de Padre Zezinho e Padre Jo\u00e3ozinho, da Congrega\u00e7\u00e3o do Sagrado Cora\u00e7\u00e3o de Jesus, a pedido da Confer\u00eancia Nacional dos Bispos do Brasil (CNBB). O Hino foi gravado por jovens paroquianos de v\u00e1rias regi\u00f5es do pa\u00eds.<\/p>\n<p>Os autores da adapta\u00e7\u00e3o ao portugu\u00eas t\u00eam um extenso hist\u00f3rico de evangeliza\u00e7\u00e3o pela m\u00fasica, sobretudo \u00e0 juventude. Ambos estar\u00e3o presentes no Encontro para o lan\u00e7amento do Hino.<\/p>\n<p>O lan\u00e7amento acontecer\u00e1 no segundo dia do Encontro de Respons\u00e1veis pela Evangeliza\u00e7\u00e3o da Juventude, evento que come\u00e7ou nesta quinta-feira e segue at\u00e9 s\u00e1bado, 22, e tem como objetivo aprofundar os tr\u00eas eixos do projeto de evangeliza\u00e7\u00e3o dos jovens proposto pela CNBB: miss\u00e3o, assessoria e estruturas de acompanhamento.<\/p>\n<p>O evento busca dar continuidade ao processo de revitaliza\u00e7\u00e3o da Pastoral Juvenil. S\u00e3o convidados bispos referenciais, respons\u00e1veis e assessores adultos das Dioceses e de cada express\u00e3o juvenil. Entre os presentes, estar\u00e1 o Bispo de Caxias do Maranh\u00e3o e presidente da Comiss\u00e3o Episcopal Pastoral para a Juventude da CNBB, Dom Vilsom Basso, que conduzir\u00e1 o encontro.<\/p>\n<p>Outro projeto que ser\u00e1 abordado durante a programa\u00e7\u00e3o \u00e9 o Rota 300, que est\u00e1 envolvendo a juventude cat\u00f3lica na comemora\u00e7\u00e3o do Jubileu de 300 anos do encontro da Imagem de Nossa Senhora Aparecida nas \u00e1guas do Rio Para\u00edba do Sul, data a ser comemorada em 2017.<\/p>\n<p>Como prepara\u00e7\u00e3o para a celebrar este Jubileu, uma imagem peregrina de Nossa Senhora Aparecida est\u00e1 percorrendo as Dioceses do Brasil. O Projeto Rota 300 estimula que a acolhida da Imagem seja feita pela juventude local, fortalecendo o engajamento em suas comunidades de origem.<\/p>\n<p style=\"text-align: justify;\">Fonte: Acidigital<\/p>\n","protected":false},"excerpt":{"rendered":"<p>A vers\u00e3o brasileira do Hino da Jornada Mundial da Juventude (JMJ) 2016 ser\u00e1 lan\u00e7ado nesta sexta-feira, 21, \u00e0s 18h40, no Santu\u00e1rio Nacional de Aparecida, durante 8\u00ba Encontro dos Respons\u00e1veis Diocesanos pela Evangeliza\u00e7\u00e3o da Juventude. A pr\u00f3xima JMJ, evento que re\u00fane jovens do mundo todo, acontecer\u00e1 de 25 a 31 de julho de 2016, na Crac\u00f3via, [&hellip;]<\/p>\n","protected":false},"author":1,"featured_media":0,"comment_status":"closed","ping_status":"closed","sticky":false,"template":"","format":"standard","meta":{"footnotes":""},"categories":[4],"tags":[],"class_list":["post-6464","post","type-post","status-publish","format-standard","hentry","category-cotidiano"],"_links":{"self":[{"href":"https:\/\/catolicanet.net\/wp-cnet\/wp-json\/wp\/v2\/posts\/6464","targetHints":{"allow":["GET"]}}],"collection":[{"href":"https:\/\/catolicanet.net\/wp-cnet\/wp-json\/wp\/v2\/posts"}],"about":[{"href":"https:\/\/catolicanet.net\/wp-cnet\/wp-json\/wp\/v2\/types\/post"}],"author":[{"embeddable":true,"href":"https:\/\/catolicanet.net\/wp-cnet\/wp-json\/wp\/v2\/users\/1"}],"replies":[{"embeddable":true,"href":"https:\/\/catolicanet.net\/wp-cnet\/wp-json\/wp\/v2\/comments?post=6464"}],"version-history":[{"count":1,"href":"https:\/\/catolicanet.net\/wp-cnet\/wp-json\/wp\/v2\/posts\/6464\/revisions"}],"predecessor-version":[{"id":11233,"href":"https:\/\/catolicanet.net\/wp-cnet\/wp-json\/wp\/v2\/posts\/6464\/revisions\/11233"}],"wp:attachment":[{"href":"https:\/\/catolicanet.net\/wp-cnet\/wp-json\/wp\/v2\/media?parent=6464"}],"wp:term":[{"taxonomy":"category","embeddable":true,"href":"https:\/\/catolicanet.net\/wp-cnet\/wp-json\/wp\/v2\/categories?post=6464"},{"taxonomy":"post_tag","embeddable":true,"href":"https:\/\/catolicanet.net\/wp-cnet\/wp-json\/wp\/v2\/tags?post=6464"}],"curies":[{"name":"wp","href":"https:\/\/api.w.org\/{rel}","templated":true}]}}