{"id":64627,"date":"2020-11-23T09:59:17","date_gmt":"2020-11-23T12:59:17","guid":{"rendered":"https:\/\/catolicanet.net\/wp-cnet\/?p=64627"},"modified":"2020-11-23T13:00:27","modified_gmt":"2020-11-23T16:00:27","slug":"seguranca-digital-com-o-jornalista-yuri-almeida-e-tema-da-ultima-conexao-pascom-de-2020","status":"publish","type":"post","link":"https:\/\/catolicanet.net\/wp-cnet\/seguranca-digital-com-o-jornalista-yuri-almeida-e-tema-da-ultima-conexao-pascom-de-2020\/","title":{"rendered":"SEGURAN\u00c7A DIGITAL, COM O JORNALISTA YURI ALMEIDA, \u00c9 TEMA DA \u00daLTIMA CONEX\u00c3O PASCOM DE 2020"},"content":{"rendered":"<div class=\"elementor-element elementor-element-718bd97 elementor-widget__width-auto elementor-widget elementor-widget-heading\" data-id=\"718bd97\" data-element_type=\"widget\" data-widget_type=\"heading.default\">\n<div class=\"elementor-widget-container\">\n<p class=\"elementor-heading-title elementor-size-default\" style=\"text-align: justify;\">Nesta segunda-feira,\u00a023 de novembro,\u00a0acontece a \u00faltima Conex\u00e3o Pascom do ano de 2020. A transmiss\u00e3o ser\u00e1 pelo canal do\u00a0<a href=\"https:\/\/www.youtube.com\/channel\/UC_snVh3wBhAm_7Tbqkc803A\">YouTub<\/a>e e pela p\u00e1gina no\u00a0<a href=\"https:\/\/www.facebook.com\/pascom.brasil\/\">Facebook<\/a> da Pascom Brasil, com in\u00edcio\u00a0\u00e0s 20h.<\/p>\n<\/div>\n<\/div>\n<div class=\"elementor-element elementor-element-497fe2e elementor-widget elementor-widget-theme-post-content\" data-id=\"497fe2e\" data-element_type=\"widget\" data-widget_type=\"theme-post-content.default\">\n<div class=\"elementor-widget-container\">\n<p style=\"text-align: justify;\">O convidado \u00e9 o jornalista, professor e especialista em marketing digital,\u00a0<strong>Yuri Almeida<\/strong><strong>.\u00a0<\/strong>Ele reflete o tema\u00a0<strong>SEGURAN\u00c7A DIGITAL EM TEMPOS DE FAKE NEWS<\/strong>.<\/p>\n<p style=\"text-align: justify;\">O Papa Francisco, na mensagem para o Dia Mundial das Comunica\u00e7\u00f5es Sociais 2020, ao convidar os comunicadores a contarem boas hist\u00f3rias, chama a aten\u00e7\u00e3o para riscos que podem amea\u00e7ar a trama da vida e da nossa hist\u00f3ria.<\/p>\n<blockquote><p>Numa \u00e9poca em que se revela cada vez mais sofisticada a falsifica\u00e7\u00e3o, atingindo n\u00edveis exponenciais (o\u00a0<i>deepfake<\/i>), precisamos de sapi\u00eancia para patrocinar e criar narra\u00e7\u00f5es belas, verdadeiras e boas. Necessitamos de coragem para rejeitar as falsas e depravadas. Precisamos de paci\u00eancia e discernimento para descobrirmos hist\u00f3rias que nos ajudem a n\u00e3o perder o fio, no meio das in\u00fameras lacera\u00e7\u00f5es de hoje; hist\u00f3rias que tragam \u00e0 luz a verdade daquilo que somos, mesmo na heroicidade oculta do dia a dia. (cf. Papa Francisco, Mensagem Dia Mundial das Comunica\u00e7\u00f5es Sociais 2020)<\/p><\/blockquote>\n<h5 style=\"text-align: justify;\"><strong>Confira os temas que j\u00e1 foram trabalhados<\/strong><\/h5>\n<p style=\"text-align: justify;\">Para favorecer o eixo da forma\u00e7\u00e3o durante o per\u00edodo da pandemia, a Conex\u00e3o Pascom promoveu palestras durante todo o ano com temas de interesse para a pr\u00e1tica pastoral. Confira as edi\u00e7\u00f5es anteriores e compartilhe com seus amigos pasconeiros.<\/p>\n<p style=\"text-align: justify;\">A primeira Conex\u00e3o Pascom aconteceu no dia 04 de maio, em clima de celebra\u00e7\u00e3o do Dia Mundial das Comunica\u00e7\u00f5es Sociais e trouxe como tema:\u00a0<a href=\"https:\/\/www.youtube.com\/watch?v=c-yFI7rHTpA&amp;list=PLFjrOd9OWSw3-Kdr4-qqk7QUebvRqKJBK&amp;index=1\" data-rel=\"lightbox-video-0\"><strong>A VIDA SE FAZ HIST\u00d3RIA<\/strong><\/a>. Participaram deste momento o jornalista Pe. Rafael Vieira e a pesquisadora de cultura popular, S\u00e1lua Chequer.<\/p>\n<p style=\"text-align: justify;\">No dia 20 de junho, a jornalista vaticanista e mestre em Hist\u00f3ria da Igreja, Mirticeli Dias refletiu o tema\u00a0<a href=\"https:\/\/www.youtube.com\/watch?v=tTNxSRNbHpI&amp;list=PLFjrOd9OWSw3-Kdr4-qqk7QUebvRqKJBK&amp;index=2\" data-rel=\"lightbox-video-1\"><strong>RE-PENSAR O CRISTIANISMO: DO LIKE AO AM\u00c9M<\/strong><\/a>.<\/p>\n<p style=\"text-align: justify;\">A terceira conex\u00e3o contou com a presen\u00e7a da vice-reitor da Unisinos (RS) e doutor em Ci\u00eancias da Comunica\u00e7\u00e3o, padre Pedro Gilberto Gomes. O professor reflete o tema\u00a0<a href=\"https:\/\/www.youtube.com\/watch?v=6iwCdp_GzEs&amp;list=PLFjrOd9OWSw3-Kdr4-qqk7QUebvRqKJBK&amp;index=3\" data-rel=\"lightbox-video-2\"><strong>NOVAS NARRATIVAS PARA NOVOS TEMPOS NA COMUNICA\u00c7\u00c3O<\/strong><\/a>.<\/p>\n<p style=\"text-align: justify;\">Com a proximidade do m\u00eas da B\u00edblia, o Conex\u00e3o de Pascom realizado no dia 24 de agosto trouxe a tem\u00e1tica\u00a0<a href=\"https:\/\/www.youtube.com\/watch?v=ET1L5PvMC-8&amp;list=PLFjrOd9OWSw3-Kdr4-qqk7QUebvRqKJBK&amp;index=4\" data-rel=\"lightbox-video-3\"><strong>COMUNICAR A PALAVRA DE DEUS NA IGREJA EM SA\u00cdDA<\/strong><\/a>\u00a0e teve a presen\u00e7a do arcebispo de Belo Horizonte (MG) e presidente da CNBB, dom Walmor Oliveira de Azevedo.<\/p>\n<p style=\"text-align: justify;\">Em outubro, para marcar o Dia Nacional da Juventude, contamos com a presen\u00e7a da jornalista e doutoranda em Teologia pela PUC Rio, Andr\u00e9ia Gripp e do doutor em Educa\u00e7\u00e3o Professor na Faculdade de Educa\u00e7\u00e3o, da Universidade Federal do Rio Grande do Sul \u2013 UFRGS, Maur\u00edcio Perondi. Eles refletiram o tema\u00a0<a href=\"https:\/\/www.youtube.com\/watch?v=--cjckTTeug&amp;list=PLFjrOd9OWSw3-Kdr4-qqk7QUebvRqKJBK&amp;index=5\" data-rel=\"lightbox-video-4\"><strong>JUVENTUDES E AMBI\u00caNCIA DIGITAL: PERSPECTIVAS, COMPROMISSOS E PROFETISMO<\/strong><\/a>.<\/p>\n<\/div>\n<\/div>\n","protected":false},"excerpt":{"rendered":"<p>Nesta segunda-feira,\u00a023 de novembro,\u00a0acontece a \u00faltima Conex\u00e3o Pascom do ano de 2020. A transmiss\u00e3o ser\u00e1 pelo canal do\u00a0YouTube e pela p\u00e1gina no\u00a0Facebook da Pascom Brasil, com in\u00edcio\u00a0\u00e0s 20h. O convidado \u00e9 o jornalista, professor e especialista em marketing digital,\u00a0Yuri Almeida.\u00a0Ele reflete o tema\u00a0SEGURAN\u00c7A DIGITAL EM TEMPOS DE FAKE NEWS. O Papa Francisco, na mensagem para [&hellip;]<\/p>\n","protected":false},"author":1,"featured_media":64628,"comment_status":"open","ping_status":"closed","sticky":false,"template":"","format":"standard","meta":{"footnotes":""},"categories":[7],"tags":[],"class_list":["post-64627","post","type-post","status-publish","format-standard","has-post-thumbnail","hentry","category-cnbb"],"_links":{"self":[{"href":"https:\/\/catolicanet.net\/wp-cnet\/wp-json\/wp\/v2\/posts\/64627","targetHints":{"allow":["GET"]}}],"collection":[{"href":"https:\/\/catolicanet.net\/wp-cnet\/wp-json\/wp\/v2\/posts"}],"about":[{"href":"https:\/\/catolicanet.net\/wp-cnet\/wp-json\/wp\/v2\/types\/post"}],"author":[{"embeddable":true,"href":"https:\/\/catolicanet.net\/wp-cnet\/wp-json\/wp\/v2\/users\/1"}],"replies":[{"embeddable":true,"href":"https:\/\/catolicanet.net\/wp-cnet\/wp-json\/wp\/v2\/comments?post=64627"}],"version-history":[{"count":1,"href":"https:\/\/catolicanet.net\/wp-cnet\/wp-json\/wp\/v2\/posts\/64627\/revisions"}],"predecessor-version":[{"id":64629,"href":"https:\/\/catolicanet.net\/wp-cnet\/wp-json\/wp\/v2\/posts\/64627\/revisions\/64629"}],"wp:featuredmedia":[{"embeddable":true,"href":"https:\/\/catolicanet.net\/wp-cnet\/wp-json\/wp\/v2\/media\/64628"}],"wp:attachment":[{"href":"https:\/\/catolicanet.net\/wp-cnet\/wp-json\/wp\/v2\/media?parent=64627"}],"wp:term":[{"taxonomy":"category","embeddable":true,"href":"https:\/\/catolicanet.net\/wp-cnet\/wp-json\/wp\/v2\/categories?post=64627"},{"taxonomy":"post_tag","embeddable":true,"href":"https:\/\/catolicanet.net\/wp-cnet\/wp-json\/wp\/v2\/tags?post=64627"}],"curies":[{"name":"wp","href":"https:\/\/api.w.org\/{rel}","templated":true}]}}