{"id":64624,"date":"2020-11-23T09:55:37","date_gmt":"2020-11-23T12:55:37","guid":{"rendered":"https:\/\/catolicanet.net\/wp-cnet\/?p=64624"},"modified":"2020-11-23T12:58:55","modified_gmt":"2020-11-23T15:58:55","slug":"observatorio-racial-discute-crise-humanitaria-na-africa-com-bispo-brasileiro-em-pemba-dom-luiz-fernando-lisboa","status":"publish","type":"post","link":"https:\/\/catolicanet.net\/wp-cnet\/observatorio-racial-discute-crise-humanitaria-na-africa-com-bispo-brasileiro-em-pemba-dom-luiz-fernando-lisboa\/","title":{"rendered":"OBSERVAT\u00d3RIO RACIAL DISCUTE CRISE HUMANIT\u00c1RIA NA \u00c1FRICA COM BISPO BRASILEIRO EM PEMBA, DOM LUIZ FERNANDO LISBOA"},"content":{"rendered":"<p style=\"text-align: justify;\">O Observat\u00f3rio Racial Dom Jos\u00e9 Maria Pires, da Comiss\u00e3o Brasileira Justi\u00e7a e Paz (CBJP), recebe nesta segunda-feira, 23 de novembro, o bispo de Pemba, em Mo\u00e7ambique, dom Luiz Fernando Lisboa, juntamente com o diplomata aposentado Milton Rond\u00f3. O bispo tem sido uma voz consistente chamando a aten\u00e7\u00e3o para o agravamento da situa\u00e7\u00e3o humanit\u00e1ria na conturbada Prov\u00edncia de Cabo Delgado, no norte de Mo\u00e7ambique.<\/p>\n<p style=\"text-align: justify;\">Desde outubro de 2017, a prov\u00edncia de Cabo Delgado (norte de Mo\u00e7ambique) tem sido abalada por ataques mortais perpetrados por grupos armados cujas opera\u00e7\u00f5es est\u00e3o se tornando cada vez mais sofisticadas e uma fonte de ansiedade para os vizinhos de Mo\u00e7ambique, particularmente a Tanz\u00e2nia. Os ataques resultaram em centenas de mortos e o deslocamento de moradores devido ao clima de medo que reina na regi\u00e3o.<\/p>\n<p style=\"text-align: justify;\">A ONU alertou na \u00faltima semana para a \u201ccrise humanit\u00e1ria em larga escala\u201d que est\u00e1 sendo gerada tamb\u00e9m na fronteira entre Eti\u00f3pia e Sud\u00e3o, depois que milhares de pessoas fugiram de combates que acontecem na regi\u00e3o dissidente de Tigr\u00e9 h\u00e1 duas semanas. Preocupado com a amea\u00e7a \u00e0 estabilidade naquela regi\u00e3o, o Observat\u00f3rio Racial, buscar\u00e1 contribuir no alerta \u00e0 comunidade internacional para pressionar o encerramento da opera\u00e7\u00e3o militar e buscar mecanismos de a\u00e7\u00e3o humanit\u00e1ria por parte da Igreja e da sociedade no Brasil em busca de ajuda humanit\u00e1ria para a comunidade africana que padece neste momento.<\/p>\n<p style=\"text-align: justify;\"><strong>Servi\u00e7o:<\/strong><br \/>\nReuni\u00e3o do Observat\u00f3rio Dom Jos\u00e9 Maria Pires da CBJP<br \/>\nPresen\u00e7as: Dom Luiz Fernando Lisboa \u2013 bispo de Pemba, em Mo\u00e7ambique e o Diplomata aposentado Milton Rond\u00f3<br \/>\nQuando: segunda-feira, 23\/11<br \/>\nHor\u00e1rio: 18h<br \/>\nLocal: Plataforma Zoom (ID da reuni\u00e3o: 816 635 5682 \u2013 Senha de acesso: 160475)<\/p>\n<p style=\"text-align: justify;\">\n<pre>Com informa\u00e7\u00f5es da Comiss\u00e3o Brasileira de Justi\u00e7a e Paz<\/pre>\n","protected":false},"excerpt":{"rendered":"<p>O Observat\u00f3rio Racial Dom Jos\u00e9 Maria Pires, da Comiss\u00e3o Brasileira Justi\u00e7a e Paz (CBJP), recebe nesta segunda-feira, 23 de novembro, o bispo de Pemba, em Mo\u00e7ambique, dom Luiz Fernando Lisboa, juntamente com o diplomata aposentado Milton Rond\u00f3. O bispo tem sido uma voz consistente chamando a aten\u00e7\u00e3o para o agravamento da situa\u00e7\u00e3o humanit\u00e1ria na conturbada [&hellip;]<\/p>\n","protected":false},"author":1,"featured_media":64625,"comment_status":"open","ping_status":"closed","sticky":false,"template":"","format":"standard","meta":{"footnotes":""},"categories":[7],"tags":[],"class_list":["post-64624","post","type-post","status-publish","format-standard","has-post-thumbnail","hentry","category-cnbb"],"_links":{"self":[{"href":"https:\/\/catolicanet.net\/wp-cnet\/wp-json\/wp\/v2\/posts\/64624","targetHints":{"allow":["GET"]}}],"collection":[{"href":"https:\/\/catolicanet.net\/wp-cnet\/wp-json\/wp\/v2\/posts"}],"about":[{"href":"https:\/\/catolicanet.net\/wp-cnet\/wp-json\/wp\/v2\/types\/post"}],"author":[{"embeddable":true,"href":"https:\/\/catolicanet.net\/wp-cnet\/wp-json\/wp\/v2\/users\/1"}],"replies":[{"embeddable":true,"href":"https:\/\/catolicanet.net\/wp-cnet\/wp-json\/wp\/v2\/comments?post=64624"}],"version-history":[{"count":1,"href":"https:\/\/catolicanet.net\/wp-cnet\/wp-json\/wp\/v2\/posts\/64624\/revisions"}],"predecessor-version":[{"id":64626,"href":"https:\/\/catolicanet.net\/wp-cnet\/wp-json\/wp\/v2\/posts\/64624\/revisions\/64626"}],"wp:featuredmedia":[{"embeddable":true,"href":"https:\/\/catolicanet.net\/wp-cnet\/wp-json\/wp\/v2\/media\/64625"}],"wp:attachment":[{"href":"https:\/\/catolicanet.net\/wp-cnet\/wp-json\/wp\/v2\/media?parent=64624"}],"wp:term":[{"taxonomy":"category","embeddable":true,"href":"https:\/\/catolicanet.net\/wp-cnet\/wp-json\/wp\/v2\/categories?post=64624"},{"taxonomy":"post_tag","embeddable":true,"href":"https:\/\/catolicanet.net\/wp-cnet\/wp-json\/wp\/v2\/tags?post=64624"}],"curies":[{"name":"wp","href":"https:\/\/api.w.org\/{rel}","templated":true}]}}