{"id":64614,"date":"2020-11-23T09:40:20","date_gmt":"2020-11-23T12:40:20","guid":{"rendered":"https:\/\/catolicanet.net\/wp-cnet\/?p=64614"},"modified":"2020-11-23T12:41:56","modified_gmt":"2020-11-23T15:41:56","slug":"o-papa-a-medicos-e-enfermeiros-voces-sao-os-herois-anonimos-da-pandemia","status":"publish","type":"post","link":"https:\/\/catolicanet.net\/wp-cnet\/o-papa-a-medicos-e-enfermeiros-voces-sao-os-herois-anonimos-da-pandemia\/","title":{"rendered":"O Papa a m\u00e9dicos e enfermeiros: voc\u00eas s\u00e3o os her\u00f3is an\u00f4nimos da pandemia"},"content":{"rendered":"<div class=\"article__subTitle\" style=\"text-align: justify;\">\u201cQuero estar pr\u00f3ximo a todos os m\u00e9dicos e enfermeiros\u201d, afirma o Papa na videomensagem, \u201cespecialmente neste momento em que a pandemia nos chama a estar perto dos homens e mulheres que sofrem\u201d.<\/div>\n<div class=\"title__separator\" style=\"text-align: justify;\"><\/div>\n<div class=\"article__text \">\n<p style=\"text-align: justify;\"><b>Vatican News<\/b><\/p>\n<p><iframe loading=\"lazy\" title=\"D\u00eda de la Enfermer\u00eda | Agradecimiento\" width=\"696\" height=\"392\" src=\"https:\/\/www.youtube.com\/embed\/OUMavoY8n7Y?feature=oembed\" frameborder=\"0\" allow=\"accelerometer; autoplay; clipboard-write; encrypted-media; gyroscope; picture-in-picture\" allowfullscreen><\/iframe><\/p>\n<p style=\"text-align: justify;\">\u201cVoc\u00eas s\u00e3o os her\u00f3is an\u00f4nimos desta pandemia. Quantos de voc\u00eas deram a vida para estar perto dos doentes! Obrigado por sua proximidade, obrigado por sua ternura, obrigado pelo profissionalismo com que cuidam dos enfermos.\u201d<\/p>\n<div style=\"text-align: justify;\">\n<div class=\"article__embed article__embed--unwrap article__embed--dark\">\n<div class=\"article__innerTitle\">Ou\u00e7a e compartilhe<\/div>\n<div>\n<!--[if lt IE 9]><script>document.createElement('audio');<\/script><![endif]-->\n<audio class=\"wp-audio-shortcode\" id=\"audio-64614-1\" preload=\"none\" style=\"width: 100%;\" controls=\"controls\"><source type=\"audio\/mpeg\" src=\"https:\/\/media.vaticannews.va\/media\/audio\/s1\/2020\/11\/23\/12\/135795035_F135795035.mp3?_=1\" \/><a href=\"https:\/\/media.vaticannews.va\/media\/audio\/s1\/2020\/11\/23\/12\/135795035_F135795035.mp3\">https:\/\/media.vaticannews.va\/media\/audio\/s1\/2020\/11\/23\/12\/135795035_F135795035.mp3<\/a><\/audio>\n<\/div>\n<\/div>\n<\/div>\n<p style=\"text-align: justify;\">Com estas palavras o Papa Francisco expressa sua gratid\u00e3o a todos os m\u00e9dicos e enfermeiros da Argentina, atrav\u00e9s de uma videomensagem.<\/p>\n<p style=\"text-align: justify;\">As palavras do Papa foram divulgadas pela Comiss\u00e3o Episcopal para a Pastoral da Sa\u00fade, guiada por dom Alberto Bochatey, por ocasi\u00e3o de dois anivers\u00e1rios: no \u00faltimo s\u00e1bado, 21 de novembro, foi celebrado o \u201cDia dos Enfermeiros\u201d, coincidindo com a Festa de Nossa Senhora dos Rem\u00e9dios; e na quinta-feira, 3 de dezembro, ser\u00e1 celebrado o \u201cDia dos M\u00e9dicos\u201d.<\/p>\n<p style=\"text-align: justify;\">\u201cQuero estar pr\u00f3ximo a todos os m\u00e9dicos e enfermeiros\u201d, afirma o Papa na videomensagem, \u201cespecialmente neste momento em que a pandemia nos chama a estar perto dos homens e mulheres que sofrem\u201d.\u00a0\u201cRezo por voc\u00eas e pe\u00e7o ao Senhor que aben\u00e7oe, que aben\u00e7oe de todo cora\u00e7\u00e3o, cada um de voc\u00eas e suas fam\u00edlias, e que os acompanhe em seu trabalho e nos problemas que possam encontrar. Que o Senhor esteja junto de voc\u00eas, assim como voc\u00eas est\u00e3o junto dos doentes. Por favor, n\u00e3o se esque\u00e7am de rezar por mim\u201d, conclui o Pont\u00edfice.<\/p>\n<p style=\"text-align: justify;\">A mensagem de v\u00eddeo mostra imagens de profissionais de sa\u00fade envolvidos diariamente no cuidado dos doentes: nos hospitais, cl\u00ednicas e enfermarias, m\u00e9dicos e enfermeiros visitam, cuidam, consolam com seus gestos, suas palavras e seus olhares todas as pessoas que sofrem.<\/p>\n<p style=\"text-align: justify;\">Uma voz, no v\u00eddeo, expressa uma imensa gratid\u00e3o por seu trabalho, dirigindo \u201cuma sauda\u00e7\u00e3o calorosa e afetuosa a todos aqueles que nos d\u00e3o uma oportunidade todos os dias\u201d. \u201cQueremos agradecer-lhes por cuidar de n\u00f3s, por cuidar de nossas fam\u00edlias e amigos, por cuidar de nossa fragilidade, por cuidar de cada vida. Obrigado por estar perto de n\u00f3s, por nos alcan\u00e7ar, por nos ouvir, por pensar em n\u00f3s, por sua coragem, sua dedica\u00e7\u00e3o generosa, disponibilidade, servi\u00e7o abnegado, esfor\u00e7o, por nos acompanhar e apoiar na esperan\u00e7a. Que Deus aben\u00e7oe e cuide de todos os nossos m\u00e9dicos e enfermeiros hoje e sempre\u201d, conclui a videomensagem. As \u00faltimas imagens mostram sorrisos e olhares de alegria e al\u00edvio nos rostos de tantos doentes.<\/p>\n<p style=\"text-align: justify;\">Vatican News Service \u2013 IP\/MJ<\/p>\n<\/div>\n","protected":false},"excerpt":{"rendered":"<p>\u201cQuero estar pr\u00f3ximo a todos os m\u00e9dicos e enfermeiros\u201d, afirma o Papa na videomensagem, \u201cespecialmente neste momento em que a pandemia nos chama a estar perto dos homens e mulheres que sofrem\u201d. Vatican News \u201cVoc\u00eas s\u00e3o os her\u00f3is an\u00f4nimos desta pandemia. Quantos de voc\u00eas deram a vida para estar perto dos doentes! Obrigado por sua [&hellip;]<\/p>\n","protected":false},"author":1,"featured_media":64615,"comment_status":"open","ping_status":"closed","sticky":false,"template":"","format":"standard","meta":{"footnotes":""},"categories":[3],"tags":[],"class_list":["post-64614","post","type-post","status-publish","format-standard","has-post-thumbnail","hentry","category-vaticano"],"_links":{"self":[{"href":"https:\/\/catolicanet.net\/wp-cnet\/wp-json\/wp\/v2\/posts\/64614","targetHints":{"allow":["GET"]}}],"collection":[{"href":"https:\/\/catolicanet.net\/wp-cnet\/wp-json\/wp\/v2\/posts"}],"about":[{"href":"https:\/\/catolicanet.net\/wp-cnet\/wp-json\/wp\/v2\/types\/post"}],"author":[{"embeddable":true,"href":"https:\/\/catolicanet.net\/wp-cnet\/wp-json\/wp\/v2\/users\/1"}],"replies":[{"embeddable":true,"href":"https:\/\/catolicanet.net\/wp-cnet\/wp-json\/wp\/v2\/comments?post=64614"}],"version-history":[{"count":2,"href":"https:\/\/catolicanet.net\/wp-cnet\/wp-json\/wp\/v2\/posts\/64614\/revisions"}],"predecessor-version":[{"id":64617,"href":"https:\/\/catolicanet.net\/wp-cnet\/wp-json\/wp\/v2\/posts\/64614\/revisions\/64617"}],"wp:featuredmedia":[{"embeddable":true,"href":"https:\/\/catolicanet.net\/wp-cnet\/wp-json\/wp\/v2\/media\/64615"}],"wp:attachment":[{"href":"https:\/\/catolicanet.net\/wp-cnet\/wp-json\/wp\/v2\/media?parent=64614"}],"wp:term":[{"taxonomy":"category","embeddable":true,"href":"https:\/\/catolicanet.net\/wp-cnet\/wp-json\/wp\/v2\/categories?post=64614"},{"taxonomy":"post_tag","embeddable":true,"href":"https:\/\/catolicanet.net\/wp-cnet\/wp-json\/wp\/v2\/tags?post=64614"}],"curies":[{"name":"wp","href":"https:\/\/api.w.org\/{rel}","templated":true}]}}