{"id":64611,"date":"2020-11-23T09:38:43","date_gmt":"2020-11-23T12:38:43","guid":{"rendered":"https:\/\/catolicanet.net\/wp-cnet\/?p=64611"},"modified":"2020-11-23T12:39:47","modified_gmt":"2020-11-23T15:39:47","slug":"o-papa-aos-jovens-tornamo-nos-aquilo-que-escolhemos-tanto-no-bem-quanto-no-mal","status":"publish","type":"post","link":"https:\/\/catolicanet.net\/wp-cnet\/o-papa-aos-jovens-tornamo-nos-aquilo-que-escolhemos-tanto-no-bem-quanto-no-mal\/","title":{"rendered":"O Papa aos jovens: tornamo-nos aquilo que escolhemos, tanto no bem quanto no mal"},"content":{"rendered":"<div class=\"article__subTitle\" style=\"text-align: justify;\">Na homilia da missa na Solenidade de Cristo Rei, celebrada na Bas\u00edlica de S\u00e3o Pedro, na manh\u00e3 deste domingo, Francisco disse que n\u00e3o fomos feitos para sonhar os feriados ou o fim de semana, mas para realizar os sonhos de Deus neste mundo, fazendo grandes escolhas. &#8220;A beleza das escolhas depende do amor&#8221;, disse o Pont\u00edfice.<\/div>\n<div class=\"title__separator\" style=\"text-align: justify;\"><\/div>\n<div class=\"article__text \">\n<p style=\"text-align: justify;\"><b>Mariangela Jaguraba &#8211; Vatican News<\/b><\/p>\n<p style=\"text-align: justify;\">O Papa Francisco celebrou a missa na Solenidade de Nosso Senhor Jesus Cristo, Rei do Universo, na Bas\u00edlica de S\u00e3o Pedro, na manh\u00e3 deste domingo (22\/11), ocasi\u00e3o em que os jovens do Panam\u00e1 entregaram aos jovens de Portugal os s\u00edmbolos da Jornada Mundial da Juventude.<\/p>\n<div style=\"text-align: justify;\">\n<div class=\"article__embed article__embed--unwrap article__embed--dark\">\n<div class=\"article__innerTitle\">Ou\u00e7a e compartilhe<\/div>\n<div>\n<!--[if lt IE 9]><script>document.createElement('audio');<\/script><![endif]-->\n<audio class=\"wp-audio-shortcode\" id=\"audio-64611-1\" preload=\"none\" style=\"width: 100%;\" controls=\"controls\"><source type=\"audio\/mpeg\" src=\"https:\/\/media.vaticannews.va\/media\/audio\/s1\/2020\/11\/22\/15\/135794557_F135794557.mp3?_=1\" \/><a href=\"https:\/\/media.vaticannews.va\/media\/audio\/s1\/2020\/11\/22\/15\/135794557_F135794557.mp3\">https:\/\/media.vaticannews.va\/media\/audio\/s1\/2020\/11\/22\/15\/135794557_F135794557.mp3<\/a><\/audio>\n<\/div>\n<\/div>\n<\/div>\n<p style=\"text-align: justify;\">\u201cA p\u00e1gina que acabamos de ouvir \u00e9 a \u00faltima do Evangelho de Mateus antes da Paix\u00e3o: antes de nos doar o seu amor na cruz, Jesus transmite-nos suas \u00faltimas vontades. Ele nos diz que o bem que fizermos a um dos seus irm\u00e3os mais pequeninos, famintos, sedentos, estrangeiros, necessitados, doentes e encarcerados, ser\u00e1 feito a Ele\u201d, disse o Pont\u00edfice no in\u00edcio de sua homilia.<\/p>\n<p style=\"text-align: justify;\">Segundo o Papa, \u201cdeste modo o Senhor nos entrega a lista dos dons que deseja para as n\u00fapcias eternas conosco no C\u00e9u. S\u00e3o as obras de miseric\u00f3rdia que tornam eterna a nossa vida. Cada um de n\u00f3s pode interrogar-se: coloco-as em pr\u00e1tica? Ajudo algu\u00e9m que n\u00e3o me pode restituir? Sou amigo de uma pessoa pobre?\u201d. \u201cEu estou ali\u201d, diz Jesus, nos pobres. Eu estou ali, diz Jesus tamb\u00e9m aos jovens que \u201cprocuram realizar os sonhos da vida\u201d.<\/p>\n<h2 style=\"text-align: justify;\">Realizar os sonhos de Deus neste mundo<\/h2>\n<p style=\"text-align: justify;\"><i>Eu estou ali<\/i>: disse Jesus, s\u00e9culos atr\u00e1s, a um jovem soldado. Era um jovem de dezoito anos, ainda n\u00e3o batizado, que cortou o seu manto e deu metade ao pobre, suportando a zombaria de alguns ao redor. Esse jovem era S\u00e3o Martinho que teve um sonho e viu Jesus com a parte do manto que ele tinha coberto o pobre. \u201cS\u00e3o Martinho era um jovem que teve aquele sonho porque o viveu, mesmo sem saber, como os justos do Evangelho de hoje\u201d, sublinhou o Papa. A seguir, Francisco disse:<\/p>\n<p style=\"text-align: justify;\"><i>Queridos jovens, queridos irm\u00e3os e irm\u00e3s, n\u00e3o renunciemos aos grandes sonhos. N\u00e3o nos contentemos com o que \u00e9 devido. O Senhor n\u00e3o quer que restrinjamos os horizontes, n\u00e3o nos quer estacionados nas margens da vida, mas correndo para metas elevadas, com j\u00fabilo e ousadia. N\u00e3o fomos feitos para sonhar os feriados ou o fim de semana, mas para realizar os sonhos de Deus neste mundo. Ele tornou-nos capazes de sonhar, para abra\u00e7ar a beleza da vida. E as obras de miseric\u00f3rdia s\u00e3o as obras mais belas da vida.\u00a0As obras de miseric\u00f3rdia v\u00e3o ao centro de nossos grandes sonhos. Se voc\u00ea tem sonhos de verdadeira gl\u00f3ria, n\u00e3o da gl\u00f3ria passageira do mundo, mas da gl\u00f3ria de Deus, esta \u00e9 a estrada; pois as obras de miseric\u00f3rdia d\u00e3o mais gl\u00f3ria a Deus do que qualquer outra coisa. Ou\u00e7am bem isto: as obras de miseric\u00f3rdia d\u00e3o gl\u00f3ria a Deus mais do que qualquer outra coisa. Seremos julgados no final, sobre as obras de miseric\u00f3rdia.<\/i><\/p>\n<h2 style=\"text-align: justify;\">Escolhas banais levam a uma vida banal<\/h2>\n<p style=\"text-align: justify;\">\u201cMas, de onde se come\u00e7a para realizar grandes sonhos?\u201d, perguntou o Papa. \u201cDas\u00a0<i>grandes escolhas<\/i>. Hoje, o Evangelho tamb\u00e9m nos fala disto. No momento do ju\u00edzo final, o Senhor se baseia nas nossas escolhas. Quase parece que n\u00e3o julga: separa as ovelhas dos cabritos, mas ser bom ou mau depende de n\u00f3s. Ele apenas tira as consequ\u00eancias de nossas escolhas, as traz \u00e0 luz e as respeita. Assim a vida \u00e9 o tempo das escolhas vigorosas, decisivas e eternas.\u201d<\/p>\n<p style=\"text-align: justify;\"><i>Escolhas banais levam a uma vida banal; escolhas grandes tornam a vida grande. De fato, tornamo-nos aquilo que escolhemos, tanto no bem quanto no mal. Se escolhemos roubar, tornamo-nos ladr\u00f5es; se escolhemos pensar em n\u00f3s mesmos, tornamo-nos ego\u00edstas; se escolhemos odiar, tornamo-nos furiosos; se escolhemos passar horas no celular, tornamo-nos dependentes. Mas, se escolhermos Deus, nos tornamos mais amados a cada dia e, se optarmos por amar, nos tornamos felizes.\u00a0\u00c9 assim, porque a beleza das escolhas depende do amor. N\u00e3o se esque\u00e7am disso! Jesus sabe que, se vivermos fechados e na indiferen\u00e7a, ficamos paralisados; mas, se nos dedicarmos aos outros, nos tornamos livres. O Senhor da vida nos quer cheios de vida e nos d\u00e1 o segredo da vida: s\u00f3 a possu\u00edmos doando-a.<\/i><\/p>\n<p style=\"text-align: justify;\">\u201cMas existem obst\u00e1culos que tornam as escolhas dif\u00edceis: com frequ\u00eancia, s\u00e3o o medo, a inseguran\u00e7a, os porqu\u00eas sem resposta\u201d, disse ainda o Pont\u00edfice, ressaltando que \u201co amor pede para ir al\u00e9m, n\u00e3o ficar agarrados aos\u00a0<i>porqu\u00eas<\/i>\u00a0da vida, esperando que chegue do C\u00e9u uma resposta. Isso n\u00e3o. O amor impele a passar dos\u00a0<i>porqu\u00eas<\/i>\u00a0ao\u00a0<i>para quem<\/i>: do porque vivo, ao para quem vivo; do porqu\u00ea me acontece isto, ao para quem posso fazer o bem. Para quem? N\u00e3o s\u00f3 para mim; a vida j\u00e1 est\u00e1 cheia de escolhas que fazemos para n\u00f3s mesmos: ter um diploma, amigos, uma casa; satisfazer os pr\u00f3prios interesses e passatempos. De fato, corremos o risco de passar anos a pensar em n\u00f3s mesmos, sem come\u00e7ar a amar\u201d.<\/p>\n<h2 style=\"text-align: justify;\">Escolher o que lhe faz bem<\/h2>\n<p style=\"text-align: justify;\">Segundo Francisco, \u201cn\u00e3o existem apenas as d\u00favidas e os porqu\u00eas a insidiar as grandes escolhas generosas; existem muitos outros obst\u00e1culos\u201d.<\/p>\n<p style=\"text-align: justify;\"><i>Existe a febre do consumo, que narcotiza o cora\u00e7\u00e3o com coisas sup\u00e9rfluas. Existe a obsess\u00e3o pela divers\u00e3o, que parece o \u00fanico caminho para fugir dos problemas, quando, ao inv\u00e9s, \u00e9 apenas um adiamento do problema. Existe a fixa\u00e7\u00e3o nos pr\u00f3prios direitos de reivindicar, esquecendo o dever de ajudar. E, depois, h\u00e1 a grande ilus\u00e3o do amor, que parece algo a ser vivido ao som de emo\u00e7\u00f5es, quando amar \u00e9 principalmente dom, escolha e sacrif\u00edcio. Sobretudo hoje, escolher \u00e9 n\u00e3o se fazer domesticar pela homogeneiza\u00e7\u00e3o, \u00e9 n\u00e3o se deixar anestesiar pelos mecanismos de consumo, que desativam a originalidade, \u00e9 saber renunciar \u00e0s apar\u00eancias e \u00e0 exibi\u00e7\u00e3o. Escolher a vida \u00e9 lutar contra a mentalidade do usa-e-joga-fora e do tudo-e-imediatamente, para orientar a exist\u00eancia rumo \u00e0 meta do C\u00e9u, rumo aos sonhos de Deus.\u00a0Escolher a vida \u00e9 viver, e n\u00f3s nascemos para viver, n\u00e3o para sobreviver. Isto foi dito por um jovem como voc\u00eas [o Beato Pier Giorgio Frassati]: \u201cEu quero viver, n\u00e3o sobreviver\u201d.<\/i><\/p>\n<p style=\"text-align: justify;\">\u201cTodos os dias se apresentam muitas op\u00e7\u00f5es no cora\u00e7\u00e3o\u201d, disse ainda o Papa, dando um \u00faltimo conselho para se treinar a escolher bem.<\/p>\n<p style=\"text-align: justify;\"><i>Se olharmos dentro de n\u00f3s, veremos que muitas vezes surgem duas perguntas diferentes. A primeira: o que me apetece fazer? \u00c9 uma pergunta que engana frequentemente, porque insinua que o importante \u00e9 pensar em si mesmo e satisfazer todos os desejos e impulsos que me v\u00eam. Mas a pergunta que o Esp\u00edrito Santo sugere ao cora\u00e7\u00e3o \u00e9 outra: n\u00e3o aquilo que lhe apetece, mas aquilo que lhe faz bem. A escolha di\u00e1ria situa-se aqui: escolher entre o que me apetece fazer e o que me faz bem. Desta busca interior, podem nascer escolhas banais ou escolhas vitais, depende de n\u00f3s.<\/i><\/p>\n<\/div>\n","protected":false},"excerpt":{"rendered":"<p>Na homilia da missa na Solenidade de Cristo Rei, celebrada na Bas\u00edlica de S\u00e3o Pedro, na manh\u00e3 deste domingo, Francisco disse que n\u00e3o fomos feitos para sonhar os feriados ou o fim de semana, mas para realizar os sonhos de Deus neste mundo, fazendo grandes escolhas. &#8220;A beleza das escolhas depende do amor&#8221;, disse o [&hellip;]<\/p>\n","protected":false},"author":1,"featured_media":64612,"comment_status":"open","ping_status":"closed","sticky":false,"template":"","format":"standard","meta":{"footnotes":""},"categories":[3],"tags":[],"class_list":["post-64611","post","type-post","status-publish","format-standard","has-post-thumbnail","hentry","category-vaticano"],"_links":{"self":[{"href":"https:\/\/catolicanet.net\/wp-cnet\/wp-json\/wp\/v2\/posts\/64611","targetHints":{"allow":["GET"]}}],"collection":[{"href":"https:\/\/catolicanet.net\/wp-cnet\/wp-json\/wp\/v2\/posts"}],"about":[{"href":"https:\/\/catolicanet.net\/wp-cnet\/wp-json\/wp\/v2\/types\/post"}],"author":[{"embeddable":true,"href":"https:\/\/catolicanet.net\/wp-cnet\/wp-json\/wp\/v2\/users\/1"}],"replies":[{"embeddable":true,"href":"https:\/\/catolicanet.net\/wp-cnet\/wp-json\/wp\/v2\/comments?post=64611"}],"version-history":[{"count":1,"href":"https:\/\/catolicanet.net\/wp-cnet\/wp-json\/wp\/v2\/posts\/64611\/revisions"}],"predecessor-version":[{"id":64613,"href":"https:\/\/catolicanet.net\/wp-cnet\/wp-json\/wp\/v2\/posts\/64611\/revisions\/64613"}],"wp:featuredmedia":[{"embeddable":true,"href":"https:\/\/catolicanet.net\/wp-cnet\/wp-json\/wp\/v2\/media\/64612"}],"wp:attachment":[{"href":"https:\/\/catolicanet.net\/wp-cnet\/wp-json\/wp\/v2\/media?parent=64611"}],"wp:term":[{"taxonomy":"category","embeddable":true,"href":"https:\/\/catolicanet.net\/wp-cnet\/wp-json\/wp\/v2\/categories?post=64611"},{"taxonomy":"post_tag","embeddable":true,"href":"https:\/\/catolicanet.net\/wp-cnet\/wp-json\/wp\/v2\/tags?post=64611"}],"curies":[{"name":"wp","href":"https:\/\/api.w.org\/{rel}","templated":true}]}}