{"id":6461,"date":"2015-08-20T16:21:04","date_gmt":"2015-08-20T19:21:04","guid":{"rendered":"http:\/\/catolicanet.net\/wp-cnet\/uniao-dos-cristaos-a-comunidade-de-taize-celebra-hoje-os-seus-75-anos-de-fundacao\/"},"modified":"2017-04-11T10:29:49","modified_gmt":"2017-04-11T13:29:49","slug":"uniao-dos-cristaos-a-comunidade-de-taize-celebra-hoje-os-seus-75-anos-de-fundacao","status":"publish","type":"post","link":"https:\/\/catolicanet.net\/wp-cnet\/uniao-dos-cristaos-a-comunidade-de-taize-celebra-hoje-os-seus-75-anos-de-fundacao\/","title":{"rendered":"Uni\u00e3o dos crist\u00e3os: a comunidade de Taiz\u00e9 celebra hoje os seus 75 anos de funda\u00e7\u00e3o"},"content":{"rendered":"<p style=\"text-align: justify;\"><img decoding=\"async\" src=\"http:\/\/catolicanet.com.br\/images\/stories\/geral\/uniaoo.jpg\" border=\"0\" align=\"left\" \/>Uma mensagem de gratid\u00e3o e unidade \u00e9 enviada por Olav Tveit, secret\u00e1rio do Conselho Mundial de Igrejas<\/p>\n<p style=\"text-align: justify;\">A comunidade ecum\u00eanica de Taiz\u00e9, na Fran\u00e7a, est\u00e1 celebrando neste dia 20 de agosto os seus 75 anos de funda\u00e7\u00e3o. O ano de 2015 marca tamb\u00e9m os 100 anos do nascimento de seu fundador, o irm\u00e3o Roger Sch\u00fctz, bem como o d\u00e9cimo anivers\u00e1rio da sua tr\u00e1gica morte: ele foi apunhalado por uma mulher com transtornos mentais na igreja da pr\u00f3pria comunidade de Taiz\u00e9, em 16 de agosto de 2005.<\/p>\n<p>Dada a proposta da comunidade de fomentar a uni\u00e3o entre os crist\u00e3os, muitas mensagens de representantes de confiss\u00f5es crist\u00e3s diferentes t\u00eam chegado a Taiz\u00e9 para se unir \u00e0s celebra\u00e7\u00f5es de anivers\u00e1rio e \u00e0 mem\u00f3ria da morte do irm\u00e3o Roger.<\/p>\n<p>Destacamos a seguir alguns trechos da mensagem enviada por Olav Tveit, o secret\u00e1rio do Conselho Mundial de Igrejas, organiza\u00e7\u00e3o ecum\u00eanica que re\u00fane cerca de 340 confiss\u00f5es. A Igreja Cat\u00f3lica n\u00e3o faz parte desta organiza\u00e7\u00e3o, mas mant\u00e9m com ela um grupo permanente de trabalho, al\u00e9m de participar como membro pleno de alguns departamentos, como a Comiss\u00e3o de F\u00e9 e Ordem e a Comiss\u00e3o de Miss\u00e3o e Evangelismo.<\/p>\n<p>&#8220;A peregrina\u00e7\u00e3o \u00e9 a caracter\u00edstica definidora do movimento ecum\u00eanico&#8221;.<\/p>\n<p>&#8220;O convite da comunidade de Taiz\u00e9 a uma \u2018peregrina\u00e7\u00e3o de confian\u00e7a sobre a terra\u2019 est\u00e1 em sintonia com o convite feito pela X Assembleia do Conselho Mundial de Igrejas, realizada em Busan, Coreia do Sul: fazer uma peregrina\u00e7\u00e3o de justi\u00e7a e de paz&#8221;.<\/p>\n<p>&#8220;Ao falarmos de uma peregrina\u00e7\u00e3o que une as dimens\u00f5es espirituais da ora\u00e7\u00e3o e da a\u00e7\u00e3o pr\u00e1tica em prol da justi\u00e7a e da paz, recordamos que a vida e a identidade crist\u00e3 fazem parte de algo maior que n\u00f3s pr\u00f3prios: algo que nos une na solidariedade rec\u00edproca como manifesta\u00e7\u00e3o da gra\u00e7a e do amor de Deus&#8221;.<\/p>\n<p>&#8220;Deixemos de lado a perspectiva autorreferencial e egoc\u00eantrica da f\u00e9 e da vida crist\u00e3&#8221;.<\/p>\n<p>&#8220;Caminhar juntos nesta peregrina\u00e7\u00e3o exige e encoraja a abertura ao di\u00e1logo, a aceita\u00e7\u00e3o e a pr\u00e1tica da responsabilidade de uns para com os outros e a inclus\u00e3o do outro no futuro de cada um&#8221;.<\/p>\n<p>&#8220;Ao buscar sentido al\u00e9m de n\u00f3s mesmos, entendidos como parte de um grupo particular, de uma igreja, de uma tradi\u00e7\u00e3o, encontramos o sentido da import\u00e2ncia de uma fraternidade mais ampla entre n\u00f3s, que caminhamos juntos&#8221;.<\/p>\n<p>&#8220;Ao caminharmos juntos na peregrina\u00e7\u00e3o da justi\u00e7a e da paz, reconhecemos a n\u00f3s mesmos como pessoas que possuem dons e compromissos espec\u00edficos, os quais desejamos compartilhar&#8221;.<\/p>\n<p>&#8220;Como crist\u00e3os, enxergamos uns nos outros irm\u00e3os e irm\u00e3s que se ajudam mutuamente a viver como disc\u00edpulos de Cristo, a exemplo de Jesus mesmo&#8221;.<\/p>\n<p>&#8220;O irm\u00e3o Roger demonstrou com a sua vida e com o seu testemunho a alegria e a dor de ser disc\u00edpulo. Seu caminho na vida nos ajuda a reconhecer o sentido mais profundo de sermos um s\u00f3 no corpo de Cristo, mediante a ora\u00e7\u00e3o e a pr\u00e1tica. Suas reflex\u00f5es sobre a f\u00e9 em Cristo, em pleno terror nazista e em meio \u00e0 guerra, assim como a trag\u00e9dia da sua morte, nos mant\u00eam focados na cruz de Cristo, recordando-nos o amor de unifica\u00e7\u00e3o, reconcilia\u00e7\u00e3o e abnega\u00e7\u00e3o vivido por Cristo pelo mundo, assim como o dom da vida nova na Eucaristia&#8221;.<\/p>\n<p style=\"text-align: justify;\">Fonte: Aleteia<\/p>\n","protected":false},"excerpt":{"rendered":"<p>Uma mensagem de gratid\u00e3o e unidade \u00e9 enviada por Olav Tveit, secret\u00e1rio do Conselho Mundial de Igrejas A comunidade ecum\u00eanica de Taiz\u00e9, na Fran\u00e7a, est\u00e1 celebrando neste dia 20 de agosto os seus 75 anos de funda\u00e7\u00e3o. O ano de 2015 marca tamb\u00e9m os 100 anos do nascimento de seu fundador, o irm\u00e3o Roger Sch\u00fctz, [&hellip;]<\/p>\n","protected":false},"author":1,"featured_media":0,"comment_status":"closed","ping_status":"closed","sticky":false,"template":"","format":"standard","meta":{"footnotes":""},"categories":[4],"tags":[],"class_list":["post-6461","post","type-post","status-publish","format-standard","hentry","category-cotidiano"],"_links":{"self":[{"href":"https:\/\/catolicanet.net\/wp-cnet\/wp-json\/wp\/v2\/posts\/6461","targetHints":{"allow":["GET"]}}],"collection":[{"href":"https:\/\/catolicanet.net\/wp-cnet\/wp-json\/wp\/v2\/posts"}],"about":[{"href":"https:\/\/catolicanet.net\/wp-cnet\/wp-json\/wp\/v2\/types\/post"}],"author":[{"embeddable":true,"href":"https:\/\/catolicanet.net\/wp-cnet\/wp-json\/wp\/v2\/users\/1"}],"replies":[{"embeddable":true,"href":"https:\/\/catolicanet.net\/wp-cnet\/wp-json\/wp\/v2\/comments?post=6461"}],"version-history":[{"count":1,"href":"https:\/\/catolicanet.net\/wp-cnet\/wp-json\/wp\/v2\/posts\/6461\/revisions"}],"predecessor-version":[{"id":11236,"href":"https:\/\/catolicanet.net\/wp-cnet\/wp-json\/wp\/v2\/posts\/6461\/revisions\/11236"}],"wp:attachment":[{"href":"https:\/\/catolicanet.net\/wp-cnet\/wp-json\/wp\/v2\/media?parent=6461"}],"wp:term":[{"taxonomy":"category","embeddable":true,"href":"https:\/\/catolicanet.net\/wp-cnet\/wp-json\/wp\/v2\/categories?post=6461"},{"taxonomy":"post_tag","embeddable":true,"href":"https:\/\/catolicanet.net\/wp-cnet\/wp-json\/wp\/v2\/tags?post=6461"}],"curies":[{"name":"wp","href":"https:\/\/api.w.org\/{rel}","templated":true}]}}