{"id":6457,"date":"2015-08-20T13:58:36","date_gmt":"2015-08-20T16:58:36","guid":{"rendered":"http:\/\/catolicanet.net\/wp-cnet\/santa-se-deplora-uso-indevido-de-imagem-do-papa-francisco\/"},"modified":"2017-04-11T10:32:58","modified_gmt":"2017-04-11T13:32:58","slug":"santa-se-deplora-uso-indevido-de-imagem-do-papa-francisco","status":"publish","type":"post","link":"https:\/\/catolicanet.net\/wp-cnet\/santa-se-deplora-uso-indevido-de-imagem-do-papa-francisco\/","title":{"rendered":"Santa S\u00e9 deplora uso indevido de imagem do Papa Francisco"},"content":{"rendered":"<p style=\"text-align: justify;\"><img decoding=\"async\" src=\"http:\/\/catolicanet.com.br\/images\/stories\/geral\/ap3027885_articolo.jpg\" border=\"0\" align=\"left\" \/>\u201cA foto \u2013 publicada por muitos jornais \u2013 que retrata o Papa Francisco ao lado de um pequeno cartaz que invoca o di\u00e1logo entre Argentina e Reino Unido sobre as Ilhas Malvinas (Falkland), foi tirada no contexto da Audi\u00eancia Geral de quarta-feira (19\/08), ocasi\u00e3o em que muito fieis entregam para o Papa v\u00e1rios objetos, seguidamente para fazer-se fotografar\u201d.<\/p>\n<p>Este \u00e9 o teor do comunicado divulgado esta quinta-feira (20) pela Sala de Imprensa da Santa S\u00e9, a respeito da fotografia em que o Papa aparece ao lado de um pequeno cartaz com a mensagem: \u201c\u00c9 tempo de di\u00e1logo entre Argentina e Reino Unidos pelas Malvinas\u201d.<\/p>\n<p>A imagem girou mundo, provocando diferentes interpreta\u00e7\u00f5es e um forte impacto, especialmente na Argentina. A frase faz parte de uma campanha idealizada por um cidad\u00e3o argentino que pede que se cumpra uma resolu\u00e7\u00e3o da ONU para que as duas na\u00e7\u00f5es \u2013 que em 1982 travaram uma guerra pela soberania do arquip\u00e9lago \u2013 retomem as negocia\u00e7\u00f5es diplom\u00e1ticas interrompidas desde o conflito.<\/p>\n<p>N\u00e3o obstante a boa-vontade da iniciativa, a Santa S\u00e9 deplora qualquer uso indevido da imagem do Papa Francisco.<\/p>\n<p style=\"text-align: justify;\">Fonte: R\u00e1dio Vaticano<\/p>\n","protected":false},"excerpt":{"rendered":"<p>\u201cA foto \u2013 publicada por muitos jornais \u2013 que retrata o Papa Francisco ao lado de um pequeno cartaz que invoca o di\u00e1logo entre Argentina e Reino Unido sobre as Ilhas Malvinas (Falkland), foi tirada no contexto da Audi\u00eancia Geral de quarta-feira (19\/08), ocasi\u00e3o em que muito fieis entregam para o Papa v\u00e1rios objetos, seguidamente [&hellip;]<\/p>\n","protected":false},"author":1,"featured_media":0,"comment_status":"closed","ping_status":"closed","sticky":false,"template":"","format":"standard","meta":{"footnotes":""},"categories":[3],"tags":[],"class_list":["post-6457","post","type-post","status-publish","format-standard","hentry","category-vaticano"],"_links":{"self":[{"href":"https:\/\/catolicanet.net\/wp-cnet\/wp-json\/wp\/v2\/posts\/6457","targetHints":{"allow":["GET"]}}],"collection":[{"href":"https:\/\/catolicanet.net\/wp-cnet\/wp-json\/wp\/v2\/posts"}],"about":[{"href":"https:\/\/catolicanet.net\/wp-cnet\/wp-json\/wp\/v2\/types\/post"}],"author":[{"embeddable":true,"href":"https:\/\/catolicanet.net\/wp-cnet\/wp-json\/wp\/v2\/users\/1"}],"replies":[{"embeddable":true,"href":"https:\/\/catolicanet.net\/wp-cnet\/wp-json\/wp\/v2\/comments?post=6457"}],"version-history":[{"count":1,"href":"https:\/\/catolicanet.net\/wp-cnet\/wp-json\/wp\/v2\/posts\/6457\/revisions"}],"predecessor-version":[{"id":11240,"href":"https:\/\/catolicanet.net\/wp-cnet\/wp-json\/wp\/v2\/posts\/6457\/revisions\/11240"}],"wp:attachment":[{"href":"https:\/\/catolicanet.net\/wp-cnet\/wp-json\/wp\/v2\/media?parent=6457"}],"wp:term":[{"taxonomy":"category","embeddable":true,"href":"https:\/\/catolicanet.net\/wp-cnet\/wp-json\/wp\/v2\/categories?post=6457"},{"taxonomy":"post_tag","embeddable":true,"href":"https:\/\/catolicanet.net\/wp-cnet\/wp-json\/wp\/v2\/tags?post=6457"}],"curies":[{"name":"wp","href":"https:\/\/api.w.org\/{rel}","templated":true}]}}