{"id":64545,"date":"2020-11-19T09:36:49","date_gmt":"2020-11-19T12:36:49","guid":{"rendered":"https:\/\/catolicanet.net\/wp-cnet\/?p=64545"},"modified":"2020-11-19T14:37:45","modified_gmt":"2020-11-19T17:37:45","slug":"o-convite-do-papa-para-amar-a-igreja","status":"publish","type":"post","link":"https:\/\/catolicanet.net\/wp-cnet\/o-convite-do-papa-para-amar-a-igreja\/","title":{"rendered":"O convite do Papa para amar a Igreja"},"content":{"rendered":"<figure class=\"article__image\" style=\"text-align: justify;\"><span class=\"didascalia_img\">Fi\u00e9is na Pra\u00e7a S\u00e3o Pedro\u00a0 (Vatican Media)<\/span><\/figure>\n<div class=\"article__meta\">\n<div class=\"article__subTitle\" style=\"text-align: justify;\">As palavras do Papa Francisco na Audi\u00eancia Geral de 18 de novembro: &#8220;Exorto-vos a amar a Igreja do Senhor porque ela \u00e9 a nossa casa&#8221;<\/div>\n<div class=\"title__separator\" style=\"text-align: justify;\"><\/div>\n<div class=\"article__text \">\n<p style=\"text-align: justify;\"><b>Sergio Centofanti<\/b><\/p>\n<p style=\"text-align: justify;\">\u201cExorto-vos a amar a Igreja do Senhor&#8221;, este foi o convite do Papa Francisco no final da audi\u00eancia geral da quarta-feira (18), dia da Dedica\u00e7\u00e3o da Bas\u00edlica de S\u00e3o Pedro no Vaticano e da Bas\u00edlica de S\u00e3o Paulo na Via Ostiense. \u201cEsta festa que destaca o significado da igreja, edif\u00edcio sagrado onde os fi\u00e9is se re\u00fanem&#8221;, disse o Papa, &#8220;eleva em todos n\u00f3s a consci\u00eancia de que cada um \u00e9 chamado a ser um templo vivo de Deus&#8221;, cooperando &#8220;com generosidade e entusiasmo&#8221; na &#8220;constru\u00e7\u00e3o da Casa do Senhor, a morada do Alt\u00edssimo entre n\u00f3s&#8221;.<\/p>\n<div style=\"text-align: justify;\">\n<div class=\"article__embed article__embed--unwrap article__embed--dark\">\n<div class=\"article__innerTitle\">Ou\u00e7a e compartilhe!<\/div>\n<\/div>\n<\/div>\n<p style=\"text-align: justify;\">Amar a Igreja \u00e9 uma caracter\u00edstica dos que creem, dos que est\u00e3o nela como uma fam\u00edlia, a fam\u00edlia de Deus. Em uma catequese de 29 de maio de 2013, Francisco lembrou que o des\u00edgnio de Deus &#8220;\u00e9 fazer de todos n\u00f3s uma \u00fanica fam\u00edlia de Seus filhos, na qual cada um o sinta pr\u00f3ximo e amado por Ele&#8221;. A Igreja \u201cn\u00e3o \u00e9 uma organiza\u00e7\u00e3o\u201d, mas \u201c\u00e9 obra de Deus\u201d que nasce da Cruz \u201cdo lado aberto de Jesus, de onde jorram sangue e \u00e1gua, s\u00edmbolos dos Sacramentos da Eucaristia e do Batismo\u201d e se manifesta no Pentecostes, quando \u201co dom do Esp\u00edrito Santo enche o cora\u00e7\u00e3o dos Ap\u00f3stolos, impelindo-os a sair e a come\u00e7ar a percorrer o caminho para anunciar o Evangelho, para difundir o amor de Deus\u201d.<\/p>\n<p style=\"text-align: justify;\">Aos que dizem \u201cCristo sim, a Igreja n\u00e3o\u201d, Francisco responde: \u201cMas \u00e9 precisamente a Igreja que nos traz Cristo e que nos leva a Deus; a Igreja \u00e9 a grande fam\u00edlia dos filhos de Deus. Sem d\u00favida, ela tamb\u00e9m tem aspectos humanos; naqueles que a comp\u00f5em, Pastores e fi\u00e9is, existem defeitos, imperfei\u00e7\u00f5es e pecados; at\u00e9 o Papa os tem, e tem tantos, mas \u00e9 bom saber que quando nos damos conta que somos pecadores, encontramos a miseric\u00f3rdia de Deus, que perdoa sempre\u201d.<\/p>\n<p style=\"text-align: justify;\">\u201cPrecisamente porque nos gera para a vida nova e nos leva a Cristo \u2013 afirma o Papa &#8211; a Igreja \u00e9 nossa m\u00e3e; por isso devemos am\u00e1-la, mesmo quando vislumbramos no seu rosto as rugas da fragilidade e do pecado, e devemos contribuir para a tornar cada vez mais bela e luminosa, para que possa ser um testemunho do amor de Deus no mundo\u201d (<a href=\"http:\/\/www.vatican.va\/content\/francesco\/pt\/messages\/vocations\/documents\/papa-francesco_20190131_56-messaggio-giornata-mondiale-vocazioni.html\" target=\"_blank\" rel=\"external noopener noreferrer\">Mensagem para o Dia Mundial de Ora\u00e7\u00e3o pelas Voca\u00e7\u00f5es<\/a>, 31 de janeiro de 2019).<\/p>\n<p style=\"text-align: justify;\">O Papa nos convida a amar e defender a Igreja como amamos e defendemos nossas fam\u00edlias, mesmo quando pais, irm\u00e3os, irm\u00e3s ou filhos t\u00eam defeitos e problemas e cometem erros. Como um exemplo de amor \u00e0 Igreja, o Papa uma vez citou o Padre Pio:<\/p>\n<p style=\"text-align: justify;\">\u201cEle amou a Igreja, com os numerosos problemas que a Igreja tem, com muitas adversidades, com tantos pecadores. Porque a Igreja \u00e9 santa, \u00e9 a esposa de Cristo, mas n\u00f3s, os filhos da Igreja somos todos pecadores \u2014 e alguns grandes! \u2014 mas ele amou a Igreja tal como era, n\u00e3o a destruiu com a l\u00edngua, como agora est\u00e1 na moda fazer. N\u00e3o! Ele ama. Aquele que ama a Igreja sabe perdoar, porque sabe que ele pr\u00f3prio \u00e9 pecador e necessita do perd\u00e3o de Deus. Sabe consertar as coisas, porque o Senhor quer ajeitar bem as coisas, mas sempre com o perd\u00e3o: n\u00e3o se pode viver uma vida inteira acusando, acusando, acusando a Igreja. De quem \u00e9 o papel de acusador? Quem \u00e9 aquele que a B\u00edblia chama o grande acusador? O diabo! E aqueles que passam a vida acusando, acusando, acusando, s\u00e3o \u2014 n\u00e3o diria filhos, porque o diabo n\u00e3o os tem \u2014 mas amigos, primos, parentes do diabo. Mas n\u00e3o, isto n\u00e3o est\u00e1 bem, os defeitos devem ser assinalados para serem corrigidos, mas no momento em que se indicam os defeitos, se denunciam os defeitos, ama-se a Igreja. Sem amor, isto \u00e9 do diabo\u201d (<a href=\"http:\/\/www.vatican.va\/content\/francesco\/pt\/speeches\/2019\/february\/documents\/papa-francesco_20190220_diocesi-benevento.html\" target=\"_blank\" rel=\"external noopener noreferrer\">Discurso aos peregrinos da Arquidiocese de Benevento<\/a>, 20 de fevereiro de 2019)<\/p>\n<p style=\"text-align: justify;\">O diabo age para destruir a unidade de uma fam\u00edlia. O Papa disse isso muitas vezes: satan\u00e1s quer dividir os irm\u00e3os, que dividir a Igreja para a separar de Deus. E muitas vezes o maior perigo vem de dentro e n\u00e3o de fora: \u201cA autodestrui\u00e7\u00e3o ou o \u2018fogo amigo\u2019 \u00e9 o perigo mais insidioso. \u00c9 o mal que fere a partir de dentro\u201d (<a href=\"http:\/\/www.vatican.va\/content\/francesco\/pt\/speeches\/2014\/december\/documents\/papa-francesco_20141222_curia-romana.html\" target=\"_blank\" rel=\"external noopener noreferrer\">Discurso \u00e0 C\u00faria Romana<\/a>, 22 de dezembro de 2014)<\/p>\n<p style=\"text-align: justify;\">A guerra do diabo \u201c\u00e9 uma guerra suja\u201d e n\u00f3s \u201cing\u00eanuos fazemos o jogo dele\u201d (<a href=\"http:\/\/www.vatican.va\/content\/francesco\/pt\/cotidie\/2016\/documents\/papa-francesco-cotidie_20160912_na-raiz-da-unidade.html\" target=\"_blank\" rel=\"external noopener noreferrer\">Missa na Casa Santa Marta<\/a>, 12 de setembro de 2016). \u201cO diabo quer criar a guerra interna, uma esp\u00e9cie de guerra civil e espiritual. Uma guerra que n\u00e3o se faz com as armas que n\u00f3s conhecemos: se faz com a l\u00edngua\u201d (Homilia para a Gendarmaria Vaticana, 28 de setembro de 2013). A esta guerra, guerra de acusa\u00e7\u00f5es, de \u00f3dio e mentiras, afirma Francisco, s\u00f3 se pode responder com ora\u00e7\u00e3o e amor: rezar pela Igreja e am\u00e1-la porque &#8220;Jesus Cristo e a Igreja s\u00e3o uma coisa s\u00f3&#8221; (Audi\u00eancia Geral de 29 de maio de 2013).<\/p>\n<\/div>\n<\/div>\n","protected":false},"excerpt":{"rendered":"<p>Fi\u00e9is na Pra\u00e7a S\u00e3o Pedro\u00a0 (Vatican Media) As palavras do Papa Francisco na Audi\u00eancia Geral de 18 de novembro: &#8220;Exorto-vos a amar a Igreja do Senhor porque ela \u00e9 a nossa casa&#8221; Sergio Centofanti \u201cExorto-vos a amar a Igreja do Senhor&#8221;, este foi o convite do Papa Francisco no final da audi\u00eancia geral da quarta-feira [&hellip;]<\/p>\n","protected":false},"author":1,"featured_media":64546,"comment_status":"open","ping_status":"closed","sticky":false,"template":"","format":"standard","meta":{"footnotes":""},"categories":[3],"tags":[],"class_list":["post-64545","post","type-post","status-publish","format-standard","has-post-thumbnail","hentry","category-vaticano"],"_links":{"self":[{"href":"https:\/\/catolicanet.net\/wp-cnet\/wp-json\/wp\/v2\/posts\/64545","targetHints":{"allow":["GET"]}}],"collection":[{"href":"https:\/\/catolicanet.net\/wp-cnet\/wp-json\/wp\/v2\/posts"}],"about":[{"href":"https:\/\/catolicanet.net\/wp-cnet\/wp-json\/wp\/v2\/types\/post"}],"author":[{"embeddable":true,"href":"https:\/\/catolicanet.net\/wp-cnet\/wp-json\/wp\/v2\/users\/1"}],"replies":[{"embeddable":true,"href":"https:\/\/catolicanet.net\/wp-cnet\/wp-json\/wp\/v2\/comments?post=64545"}],"version-history":[{"count":1,"href":"https:\/\/catolicanet.net\/wp-cnet\/wp-json\/wp\/v2\/posts\/64545\/revisions"}],"predecessor-version":[{"id":64547,"href":"https:\/\/catolicanet.net\/wp-cnet\/wp-json\/wp\/v2\/posts\/64545\/revisions\/64547"}],"wp:featuredmedia":[{"embeddable":true,"href":"https:\/\/catolicanet.net\/wp-cnet\/wp-json\/wp\/v2\/media\/64546"}],"wp:attachment":[{"href":"https:\/\/catolicanet.net\/wp-cnet\/wp-json\/wp\/v2\/media?parent=64545"}],"wp:term":[{"taxonomy":"category","embeddable":true,"href":"https:\/\/catolicanet.net\/wp-cnet\/wp-json\/wp\/v2\/categories?post=64545"},{"taxonomy":"post_tag","embeddable":true,"href":"https:\/\/catolicanet.net\/wp-cnet\/wp-json\/wp\/v2\/tags?post=64545"}],"curies":[{"name":"wp","href":"https:\/\/api.w.org\/{rel}","templated":true}]}}