{"id":64541,"date":"2020-11-19T09:35:07","date_gmt":"2020-11-19T12:35:07","guid":{"rendered":"https:\/\/catolicanet.net\/wp-cnet\/?p=64541"},"modified":"2020-11-19T14:36:23","modified_gmt":"2020-11-19T17:36:23","slug":"a-liberdade-religiosa-em-tempo-de-pandemia","status":"publish","type":"post","link":"https:\/\/catolicanet.net\/wp-cnet\/a-liberdade-religiosa-em-tempo-de-pandemia\/","title":{"rendered":"A liberdade religiosa em tempo de pandemia"},"content":{"rendered":"<figure class=\"article__image\" style=\"text-align: justify;\"><span class=\"didascalia_img\">Arcebispo Paul Gallagher\u00a0<\/span><\/figure>\n<div class=\"article__meta\">\n<div class=\"article__subTitle\" style=\"text-align: justify;\">O discurso do Secret\u00e1rio para as Rela\u00e7\u00f5es com os Estados da Santa S\u00e9, o Arcebispo Paul Richard Gallagher na \u201cMinisterial to Advance Religious Freedom&#8221;, a c\u00fapula anual sobre a promo\u00e7\u00e3o da liberdade religiosa<\/div>\n<div class=\"title__separator\" style=\"text-align: justify;\"><\/div>\n<div class=\"article__text \">\n<p style=\"text-align: justify;\"><b>Vatican News<\/b><\/p>\n<p style=\"text-align: justify;\">&#8220;Gostaria de destacar e comentar uma s\u00e9rie de situa\u00e7\u00f5es alarmantes que p\u00f5em em quest\u00e3o a liberdade religiosa&#8221;. Com estas palavras o Arcebispo Paul Richard Gallagher, Secret\u00e1rio para as Rela\u00e7\u00f5es com os Estados da Santa S\u00e9, introduziu seu discurso na &#8220;C\u00fapula anual sobre a promo\u00e7\u00e3o da liberdade religiosa\u201d, a terceira anual em n\u00edvel ministerial &#8211; realizada na segunda-feira 16 de novembro em videoconfer\u00eancia &#8211;\u00a0 \u00e0 qual a Secretaria de Estado tem participado regularmente nos \u00faltimos anos.<\/p>\n<h2 style=\"text-align: justify;\"><b>Liberdade de culto deriva do direito \u00e0 liberdade de religi\u00e3o<\/b><\/h2>\n<p style=\"text-align: justify;\">Analisando a crise sanit\u00e1ria gerada pela epidemia da Covid-19 e as medidas relacionadas estabelecidas pelos Governos para contrastar a propaga\u00e7\u00e3o do v\u00edrus, o Arcebispo Gallagher reiterou que, embora respeitando-as plenamente, essas medidas est\u00e3o limitando as atividades religiosas. &#8220;Neste sentido, as autoridades civis devem estar conscientes das graves consequ\u00eancias que tais protocolos poderiam criar para as comunidades religiosas ou de f\u00e9, que desempenham um papel importante para enfrentar a crise n\u00e3o apenas atrav\u00e9s de seu apoio ativo no campo da sa\u00fade, mas tamb\u00e9m atrav\u00e9s de seu apoio moral e de suas mensagens de solidariedade e esperan\u00e7a&#8221;, afirmou o Dom Gallagher destacando em seguida as repercuss\u00f5es nas atividades religiosas, educacionais e caritativas das comunidades de f\u00e9. Em particular, o arcebispo reiterou que, do ponto de vista cat\u00f3lico, &#8220;o acesso aos sacramentos \u00e9 \u2018um servi\u00e7o essencial\u2019 e que a liberdade de culto n\u00e3o \u00e9 uma consequ\u00eancia l\u00f3gica da liberdade de reuni\u00e3o, mas deriva essencialmente do direito \u00e0 liberdade de religi\u00e3o.<\/p>\n<h2 style=\"text-align: justify;\"><b>Liberdade religiosa posta em risco<\/b><\/h2>\n<p style=\"text-align: justify;\">Al\u00e9m da emerg\u00eancia pand\u00eamica, o Arcebispo lembrou as muitas maneiras pelas quais a liberdade religiosa \u00e9 posta em risco: dos violentos ataques de extremistas \u00e0 propaga\u00e7\u00e3o do populismo, \u201cmuitas vezes manifestado em certas formas de nacionalismo destinado a considerar os \u2018forasteiros\u2019 n\u00e3o apenas como \u2018outros\u2019, mas muitas vezes como &#8216;inimigos\u2019&#8221;.<\/p>\n<h2 style=\"text-align: justify;\"><b>Di\u00e1logo Inter-religioso e intercultural<\/b><\/h2>\n<p style=\"text-align: justify;\">O Arcebispo Gallagher citou &#8220;dois caminhos paralelos&#8221; para a promo\u00e7\u00e3o e prote\u00e7\u00e3o da liberdade religiosa. Colocando a aten\u00e7\u00e3o sobre a dimens\u00e3o espiritual e moral da pessoa, absolutamente n\u00e3o &#8220;secund\u00e1ria a esta exist\u00eancia terrena&#8221;, invocou e defendeu &#8220;a necessidade do di\u00e1logo inter-religioso e intercultural para promover a compreens\u00e3o e o respeito m\u00fatuos&#8221; e o direito fundamental, enraizado na dimens\u00e3o interior do indiv\u00edduo, da liberdade religiosa, que n\u00e3o pode de forma alguma ser manipulado. Somente atrav\u00e9s de um di\u00e1logo sincero e aut\u00eantico, lembrou Dom Gallagher, pode-se construir a fraternidade e a amizade social, necess\u00e1rias para a conviv\u00eancia pac\u00edfica em nossas sociedades pluralistas.<\/p>\n<h2 style=\"text-align: justify;\"><b>Respeito pelas minorias<\/b><\/h2>\n<p style=\"text-align: justify;\">O Secret\u00e1rio para as Rela\u00e7\u00f5es com os Estados concluiu seu discurso referindo-se \u00e0 recente enc\u00edclica\u00a0<i>Fratelli tutti,<\/i>\u00a0onde o Papa Francisco afirma: \u201cComo crist\u00e3os, pedimos que, nos pa\u00edses onde somos minoria, nos seja garantida a liberdade, tal como n\u00f3s a favorecemos para aqueles que n\u00e3o s\u00e3o crist\u00e3os onde eles s\u00e3o minoria. Existe um direito humano fundamental que n\u00e3o deve ser esquecido no caminho da fraternidade e da paz: \u00e9 a liberdade religiosa para os crentes de todas as religi\u00f5es\u201d.<\/p>\n<p style=\"text-align: justify;\">Seria &#8220;maravilhoso&#8221;, disse o arcebispo Gallagher, &#8220;se outros l\u00edderes religiosos pudessem dizer as mesmas palavras inspiradoras&#8230; Essa poderia ser uma abordagem interessante a ser considerada&#8221;.<\/p>\n<\/div>\n<\/div>\n","protected":false},"excerpt":{"rendered":"<p>Arcebispo Paul Gallagher\u00a0 O discurso do Secret\u00e1rio para as Rela\u00e7\u00f5es com os Estados da Santa S\u00e9, o Arcebispo Paul Richard Gallagher na \u201cMinisterial to Advance Religious Freedom&#8221;, a c\u00fapula anual sobre a promo\u00e7\u00e3o da liberdade religiosa Vatican News &#8220;Gostaria de destacar e comentar uma s\u00e9rie de situa\u00e7\u00f5es alarmantes que p\u00f5em em quest\u00e3o a liberdade religiosa&#8221;. [&hellip;]<\/p>\n","protected":false},"author":1,"featured_media":64542,"comment_status":"open","ping_status":"closed","sticky":false,"template":"","format":"standard","meta":{"footnotes":""},"categories":[3],"tags":[],"class_list":["post-64541","post","type-post","status-publish","format-standard","has-post-thumbnail","hentry","category-vaticano"],"_links":{"self":[{"href":"https:\/\/catolicanet.net\/wp-cnet\/wp-json\/wp\/v2\/posts\/64541","targetHints":{"allow":["GET"]}}],"collection":[{"href":"https:\/\/catolicanet.net\/wp-cnet\/wp-json\/wp\/v2\/posts"}],"about":[{"href":"https:\/\/catolicanet.net\/wp-cnet\/wp-json\/wp\/v2\/types\/post"}],"author":[{"embeddable":true,"href":"https:\/\/catolicanet.net\/wp-cnet\/wp-json\/wp\/v2\/users\/1"}],"replies":[{"embeddable":true,"href":"https:\/\/catolicanet.net\/wp-cnet\/wp-json\/wp\/v2\/comments?post=64541"}],"version-history":[{"count":2,"href":"https:\/\/catolicanet.net\/wp-cnet\/wp-json\/wp\/v2\/posts\/64541\/revisions"}],"predecessor-version":[{"id":64544,"href":"https:\/\/catolicanet.net\/wp-cnet\/wp-json\/wp\/v2\/posts\/64541\/revisions\/64544"}],"wp:featuredmedia":[{"embeddable":true,"href":"https:\/\/catolicanet.net\/wp-cnet\/wp-json\/wp\/v2\/media\/64542"}],"wp:attachment":[{"href":"https:\/\/catolicanet.net\/wp-cnet\/wp-json\/wp\/v2\/media?parent=64541"}],"wp:term":[{"taxonomy":"category","embeddable":true,"href":"https:\/\/catolicanet.net\/wp-cnet\/wp-json\/wp\/v2\/categories?post=64541"},{"taxonomy":"post_tag","embeddable":true,"href":"https:\/\/catolicanet.net\/wp-cnet\/wp-json\/wp\/v2\/tags?post=64541"}],"curies":[{"name":"wp","href":"https:\/\/api.w.org\/{rel}","templated":true}]}}