{"id":64538,"date":"2020-11-19T09:32:42","date_gmt":"2020-11-19T12:32:42","guid":{"rendered":"https:\/\/catolicanet.net\/wp-cnet\/?p=64538"},"modified":"2020-11-19T14:34:28","modified_gmt":"2020-11-19T17:34:28","slug":"economia-de-francisco-oportunidade-para-exercer-o-poder-da-caridade","status":"publish","type":"post","link":"https:\/\/catolicanet.net\/wp-cnet\/economia-de-francisco-oportunidade-para-exercer-o-poder-da-caridade\/","title":{"rendered":"Economia de Francisco: oportunidade para exercer o poder da caridade"},"content":{"rendered":"<div class=\"article__subTitle\" style=\"text-align: justify;\">Maria Clara Magalh\u00e3es e Henrique Seng\u00e8s est\u00e3o entre os participantes da &#8220;Economia de Francisco&#8221;, que d\u00e1 hoje seu pontap\u00e9 inicial. Duas experi\u00eancias diferentes, de Recife e do Rio de Janeiro, que se unem ao apelo do Papa Francisco.<\/div>\n<div class=\"title__separator\" style=\"text-align: justify;\"><\/div>\n<div class=\"article__text \">\n<p style=\"text-align: justify;\"><b>Bianca Fraccalvieri \u2013 Vatican News<\/b><\/p>\n<p style=\"text-align: justify;\">Um \u201cpacto\u201d para mudar a economia atual e atribuir uma alma \u00e0 economia de amanh\u00e3: com este intuito tem in\u00edcio hoje a \u201cEconomia de Francisco\u201d.<\/p>\n<p style=\"text-align: justify;\">Convocado pelo Pont\u00edfice em maio de 2019, o evento teve que ser reprogramado e remoldado com o advento da pandemia. Mas os meses de espera fizeram aumentar a expectativa para este encontro, que ser\u00e1 virtual.<\/p>\n<p style=\"text-align: justify;\">A abertura est\u00e1 marcada para esta tarde com uma mensagem em v\u00eddeo preparada pela juventude integrante do Movimento ATD Quarto Mundo sobre \u201cOuvir o grito dos mais pobres para transformar a terra\u201d. Na sequ\u00eancia, haver\u00e1 o discurso do prefeito do Dicast\u00e9rio para o Servi\u00e7o do Desenvolvimento Humano Integral, Card. Peter Turkson.<\/p>\n<p style=\"text-align: justify;\">A programa\u00e7\u00e3o prossegue com uma conex\u00e3o com o Santu\u00e1rio do Despojamento, em Assis, para um momento de espiritualidade e as confer\u00eancias dos jovens economistas e empres\u00e1rios em di\u00e1logo com oradores internacionais.<\/p>\n<h2 style=\"text-align: justify;\">Recife<\/h2>\n<p style=\"text-align: justify;\">Do Brasil, estar\u00e3o conectados jovens de norte a sul do pa\u00eds, como \u00e9 o caso de Maria Clara Magalh\u00e3es, de Recife. Aos 24 anos, \u00e9 formada em Engenharia el\u00e9trica (UFCG) e tem forma\u00e7\u00e3o de Design de Futuros pelo Institute For The Future.<\/p>\n<div style=\"text-align: justify;\">\n<div class=\"article__embed article__embed--unwrap article__embed--dark\">\n<div class=\"article__innerTitle\">Ou\u00e7a Maria Clara<\/div>\n<\/div>\n<\/div>\n<p style=\"text-align: justify;\">\u201cParticipar do Economy of Francesco est\u00e1 expandindo ainda mais meu horizonte empresarial, sendo poss\u00edvel aplicar \u00e0 realidade brasileira e construir um futuro melhor, al\u00e9m de todos os muros e preconceitos aqui existentes. \u00c9 uma realiza\u00e7\u00e3o ter a oportunidade de ressignificar muitas coisas para os jovens da minha gera\u00e7\u00e3o, \u00e9 muito importante. Minha expectativa \u00e9 fazer o meu melhor sempre para promover um novo espa\u00e7o de di\u00e1logo onde os seres humanos sejam colocados no centro e as a\u00e7\u00f5es sejam postas em pr\u00e1tica o mais r\u00e1pido poss\u00edvel. Al\u00e9m disso, quero sempre incentivar e inspirar novos jovens a fazerem pequenas revolu\u00e7\u00f5es di\u00e1rias, buscando diminuir as desigualdades.\u201d<\/p>\n<div style=\"text-align: justify;\">\n<div class=\"article__embed article__embed--unwrap\">\n<figure><picture><img decoding=\"async\" class=\"loaded\" src=\"https:\/\/www.vaticannews.va\/content\/dam\/vaticannews\/multimedia\/2020\/11\/19\/2020.11.19-Maria-Clara-Magalhaes.jpg\/_jcr_content\/renditions\/cq5dam.thumbnail.cropped.750.422.jpeg\" alt=\"Maria Clara Magalh\u00e3es\" data-original=\"\/content\/dam\/vaticannews\/multimedia\/2020\/11\/19\/2020.11.19-Maria-Clara-Magalhaes.jpg\/_jcr_content\/renditions\/cq5dam.thumbnail.cropped.750.422.jpeg\" data-was-processed=\"true\" \/><\/picture><\/figure>\n<div class=\"photo_embed--Title\">Maria Clara Magalh\u00e3es<\/div>\n<\/div>\n<\/div>\n<h2 style=\"text-align: justify;\">Rio de Janeiro<\/h2>\n<p style=\"text-align: justify;\">Do Rio de Janeiro a contribui\u00e7\u00e3o vem de Henrique Seng\u00e8s Coutinho Marques, p\u00f3s-graduado em Com\u00e9rcio Exterior pela Universidade Federal do Rio de Janeiro e Bacharel em Administra\u00e7\u00e3o pela mesma Universidade. \u00c9 gestor de Inova\u00e7\u00e3o Social no Santu\u00e1rio Cristo Redentor.<\/p>\n<div style=\"text-align: justify;\">\n<div class=\"article__embed article__embed--unwrap article__embed--dark\">\n<div class=\"article__innerTitle\">Ou\u00e7a Henrique<\/div>\n<\/div>\n<\/div>\n<p style=\"text-align: justify;\">\u201cA pandemia acabou contribuindo para um pensamento mais maduro das propostas da Economia de Francisco atrav\u00e9s das 12 vilas tem\u00e1ticas, que tiveram mais tempo para discutir: foram centenas, milhares de horas de conversas, de reflex\u00f5es acerca dos mais diferentes temas abordados, de modo que algumas propostas bem mais concretas pudessem ser mais elaboradas. Eu acredito que \u00e9 justamente nos grandes desafios que se encontram as maiores oportunidades e esta a\u00ed uma oportunidade de exercemos o poder da caridade, do cuidado e da doa\u00e7\u00e3o ao pr\u00f3ximo.\u201d<\/p>\n<div>\n<div class=\"article__embed article__embed--unwrap\">\n<figure style=\"text-align: justify;\"><picture><img decoding=\"async\" class=\"loaded\" src=\"https:\/\/www.vaticannews.va\/content\/dam\/vaticannews\/multimedia\/2020\/11\/19\/2020.11.19-Henrique-Senges-Coutinho-Marques.jpg\/_jcr_content\/renditions\/cq5dam.thumbnail.cropped.750.422.jpeg\" alt=\"Henrique Senges\" data-original=\"\/content\/dam\/vaticannews\/multimedia\/2020\/11\/19\/2020.11.19-Henrique-Senges-Coutinho-Marques.jpg\/_jcr_content\/renditions\/cq5dam.thumbnail.cropped.750.422.jpeg\" data-was-processed=\"true\" \/><\/picture><\/figure>\n<div class=\"photo_embed--Title\" style=\"text-align: justify;\">Henrique Senges<\/div>\n<\/div>\n<\/div>\n<\/div>\n","protected":false},"excerpt":{"rendered":"<p>Maria Clara Magalh\u00e3es e Henrique Seng\u00e8s est\u00e3o entre os participantes da &#8220;Economia de Francisco&#8221;, que d\u00e1 hoje seu pontap\u00e9 inicial. Duas experi\u00eancias diferentes, de Recife e do Rio de Janeiro, que se unem ao apelo do Papa Francisco. Bianca Fraccalvieri \u2013 Vatican News Um \u201cpacto\u201d para mudar a economia atual e atribuir uma alma \u00e0 [&hellip;]<\/p>\n","protected":false},"author":1,"featured_media":64539,"comment_status":"open","ping_status":"closed","sticky":false,"template":"","format":"standard","meta":{"footnotes":""},"categories":[3],"tags":[],"class_list":["post-64538","post","type-post","status-publish","format-standard","has-post-thumbnail","hentry","category-vaticano"],"_links":{"self":[{"href":"https:\/\/catolicanet.net\/wp-cnet\/wp-json\/wp\/v2\/posts\/64538","targetHints":{"allow":["GET"]}}],"collection":[{"href":"https:\/\/catolicanet.net\/wp-cnet\/wp-json\/wp\/v2\/posts"}],"about":[{"href":"https:\/\/catolicanet.net\/wp-cnet\/wp-json\/wp\/v2\/types\/post"}],"author":[{"embeddable":true,"href":"https:\/\/catolicanet.net\/wp-cnet\/wp-json\/wp\/v2\/users\/1"}],"replies":[{"embeddable":true,"href":"https:\/\/catolicanet.net\/wp-cnet\/wp-json\/wp\/v2\/comments?post=64538"}],"version-history":[{"count":1,"href":"https:\/\/catolicanet.net\/wp-cnet\/wp-json\/wp\/v2\/posts\/64538\/revisions"}],"predecessor-version":[{"id":64540,"href":"https:\/\/catolicanet.net\/wp-cnet\/wp-json\/wp\/v2\/posts\/64538\/revisions\/64540"}],"wp:featuredmedia":[{"embeddable":true,"href":"https:\/\/catolicanet.net\/wp-cnet\/wp-json\/wp\/v2\/media\/64539"}],"wp:attachment":[{"href":"https:\/\/catolicanet.net\/wp-cnet\/wp-json\/wp\/v2\/media?parent=64538"}],"wp:term":[{"taxonomy":"category","embeddable":true,"href":"https:\/\/catolicanet.net\/wp-cnet\/wp-json\/wp\/v2\/categories?post=64538"},{"taxonomy":"post_tag","embeddable":true,"href":"https:\/\/catolicanet.net\/wp-cnet\/wp-json\/wp\/v2\/tags?post=64538"}],"curies":[{"name":"wp","href":"https:\/\/api.w.org\/{rel}","templated":true}]}}