{"id":64501,"date":"2020-11-18T09:58:13","date_gmt":"2020-11-18T12:58:13","guid":{"rendered":"https:\/\/catolicanet.net\/wp-cnet\/?p=64501"},"modified":"2020-11-18T16:36:37","modified_gmt":"2020-11-18T19:36:37","slug":"jmj-2023-jovens-portugueses-receberao-a-cruz-peregrina","status":"publish","type":"post","link":"https:\/\/catolicanet.net\/wp-cnet\/jmj-2023-jovens-portugueses-receberao-a-cruz-peregrina\/","title":{"rendered":"JMJ 2023: jovens portugueses receber\u00e3o a Cruz peregrina"},"content":{"rendered":"<figure class=\"article__image\" style=\"text-align: justify;\"><span class=\"didascalia_img\">Jovens com a Cruz da Jornada Mundial da Juventude, Panam\u00e1\u00a0 (@VaticanMedia)<\/span><\/figure>\n<div class=\"article__meta\">\n<div class=\"article__subTitle\" style=\"text-align: justify;\">No pr\u00f3ximo domingo (22) ser\u00e1 feita a entrega dos s\u00edmbolos da JMJ &#8211; a Cruz peregrina e o \u00cdcone de Nossa Senhora Salus Populi Romani \u2013 aos jovens portugueses. O gesto simb\u00f3lico ser\u00e1 no final da missa celebrada por Francisco na Bas\u00edlica de S\u00e3o Pedro no Vaticano<\/div>\n<div class=\"title__separator\" style=\"text-align: justify;\"><\/div>\n<div class=\"article__text \">\n<p style=\"text-align: justify;\"><b>Vatican News<\/b><\/p>\n<p style=\"text-align: justify;\">Os jovens do Panam\u00e1 e de Portugal, passado e futuro da JMJ, se encontrar\u00e3o no pr\u00f3ximo domingo (22) na Bas\u00edlica de S\u00e3o Pedro em Roma para a passagem da Cruz peregrina e o \u00cdcone de Nossa Senhora\u00a0<i>Salus Populi Romani<\/i>\u00a0do Dia Mundial da Juventude. A entrega dos s\u00edmbolos da JMJ ser\u00e1 feita no final da Santa Missa celebrada pelo Papa Francisco no altar da C\u00e1tedra, no dia da Solenidade de Cristo Rei e encerramento do Ano Lit\u00fargico.<\/p>\n<div style=\"text-align: justify;\">\n<div class=\"article__embed article__embed--unwrap article__embed--dark\">\n<div class=\"article__innerTitle\">Ou\u00e7a e compartilhe!<\/div>\n<\/div>\n<\/div>\n<h2 style=\"text-align: justify;\"><b>An\u00fancio do Papa para a entrega da Cruz<\/b><\/h2>\n<p style=\"text-align: justify;\">No Angelus de 5 de abril passado o Papa Francisco anunciou esta nova data para a entrega dos s\u00edmbolos da JMJ:<\/p>\n<div style=\"text-align: justify;\">\n<div class=\"article__embed article__embed--border embed_style\">\n<blockquote><p>\u201cEm particular, o meu pensamento vai para os jovens de todo o mundo, que vivem hoje a Jornada Mundial da Juventude de uma forma nova, a n\u00edvel diocesano. Hoje estava prevista a entrega da Cruz dos jovens do Panam\u00e1 para os de Lisboa. Este gesto evocativo \u00e9 adiado para o Domingo de Cristo Rei, 22 de novembro pr\u00f3ximo. Esperando esse momento, exorto-vos, jovens, a cultivar e a dar testemunho da esperan\u00e7a, da generosidade e da solidariedade de que todos n\u00f3s precisamos neste momento dif\u00edcil\u201d<\/p><\/blockquote>\n<\/div>\n<\/div>\n<h2 style=\"text-align: justify;\"><b>Do Panam\u00e1 a Lisboa<\/b><\/h2>\n<p style=\"text-align: justify;\">Portanto, no domingo, 22 de novembro, ao final da celebra\u00e7\u00e3o lit\u00fargica, a Cruz peregrina e o \u00cdcone de Nossa Senhora\u00a0<i>Salus Populi Romani<\/i>, que h\u00e1 anos acompanham os preparativos para as edi\u00e7\u00f5es internacionais da JMJ, passar\u00e3o das m\u00e3os da representa\u00e7\u00e3o da juventude panamenha para a juventude portuguesa. Devido \u00e0 pandemia as delega\u00e7\u00f5es s\u00e3o muito restritas.\u00a0A \u00faltima Jornada Mundial da Juventude, de fato, aconteceu no Panam\u00e1, enquanto que a pr\u00f3xima, marcada para 2023, ser\u00e1 realizada em Lisboa.<\/p>\n<h2 style=\"text-align: justify;\"><b>Acompanhar a celebra\u00e7\u00e3o online<\/b><\/h2>\n<p style=\"text-align: justify;\">Todos est\u00e3o convidados a participar virtualmente da celebra\u00e7\u00e3o eucar\u00edstica, que ser\u00e1 transmitida ao vivo no canal oficial do\u00a0<i>Youtube<\/i>\u00a0do\u00a0<i>Vaticano News<\/i>. A mesma transmiss\u00e3o ser\u00e1 acompanhada pelos respons\u00e1veis pela pastoral juvenil das confer\u00eancias episcopais e movimentos internacionais, que de quarta-feira (18) at\u00e9 s\u00e1bado (21) participar\u00e3o do encontro internacional online &#8220;Do Panam\u00e1 a Lisboa &#8211; chamados \u00e0 sinodalidade mission\u00e1ria&#8221; organizada pelo Dicast\u00e9rio para os Leigos, a Fam\u00edlia e a Vida.<\/p>\n<h2 style=\"text-align: justify;\"><b>S\u00edmbolos de uma longa tradi\u00e7\u00e3o<\/b><\/h2>\n<p style=\"text-align: justify;\">Como recorda o referido Dicast\u00e9rio, para esta ocasi\u00e3o, a tradicional entrega deveria ter acontecido no Domingo de Ramos no final da celebra\u00e7\u00e3o presidida pelo Santo Padre na Pra\u00e7a S\u00e3o Pedro, mas isso n\u00e3o aconteceu por causa da pandemia e das medidas restritivas que atingiram a Europa e o mundo.<\/p>\n<p style=\"text-align: justify;\">Esta tradi\u00e7\u00e3o remonta a 1984 quando, no final do Ano Jubilar da Reden\u00e7\u00e3o, o Papa Jo\u00e3o Paulo II confiou aos jovens a Cruz do Jubileu, hoje conhecida como a Cruz peregrina da JMJ, que desde ent\u00e3o est\u00e1 no centro de todas as edi\u00e7\u00f5es internacionais da JMJ. Em 2003, Jo\u00e3o Paulo II ofereceu aos jovens uma c\u00f3pia do \u00cdcone de Nossa Senhora\u00a0<i>Salus Populi Romani,<\/i>\u00a0que acompanha a Cruz em suas peregrina\u00e7\u00f5es pelo mundo.<\/p>\n<p style=\"text-align: justify;\">Enquanto isso, foram ativadas as in\u00fameras prepara\u00e7\u00f5es para a JMJ em Lisboa que ser\u00e1 realizada em 2023. O tema j\u00e1 foi escolhido &#8220;Maria levantou-se e partiu apressadamente&#8221;, assim como o logo revelado em 16 de outubro, no anivers\u00e1rio da elei\u00e7\u00e3o de S\u00e3o Jo\u00e3o Paulo II, fundador da JMJ.<\/p>\n<p style=\"text-align: justify;\">No site\u00a0<a href=\"http:\/\/www.lisboa2023.org\/\" target=\"_blank\" rel=\"external nofollow noopener noreferrer\">www.lisboa2023.org<\/a>\u00a0podem ser encontradas todas as informa\u00e7\u00f5es atualizadas para o evento que marca o futuro dos jovens h\u00e1 muitas gera\u00e7\u00f5es.<\/p>\n<\/div>\n<\/div>\n","protected":false},"excerpt":{"rendered":"<p>Jovens com a Cruz da Jornada Mundial da Juventude, Panam\u00e1\u00a0 (@VaticanMedia) No pr\u00f3ximo domingo (22) ser\u00e1 feita a entrega dos s\u00edmbolos da JMJ &#8211; a Cruz peregrina e o \u00cdcone de Nossa Senhora Salus Populi Romani \u2013 aos jovens portugueses. O gesto simb\u00f3lico ser\u00e1 no final da missa celebrada por Francisco na Bas\u00edlica de S\u00e3o [&hellip;]<\/p>\n","protected":false},"author":1,"featured_media":64502,"comment_status":"open","ping_status":"closed","sticky":false,"template":"","format":"standard","meta":{"footnotes":""},"categories":[3],"tags":[],"class_list":["post-64501","post","type-post","status-publish","format-standard","has-post-thumbnail","hentry","category-vaticano"],"_links":{"self":[{"href":"https:\/\/catolicanet.net\/wp-cnet\/wp-json\/wp\/v2\/posts\/64501","targetHints":{"allow":["GET"]}}],"collection":[{"href":"https:\/\/catolicanet.net\/wp-cnet\/wp-json\/wp\/v2\/posts"}],"about":[{"href":"https:\/\/catolicanet.net\/wp-cnet\/wp-json\/wp\/v2\/types\/post"}],"author":[{"embeddable":true,"href":"https:\/\/catolicanet.net\/wp-cnet\/wp-json\/wp\/v2\/users\/1"}],"replies":[{"embeddable":true,"href":"https:\/\/catolicanet.net\/wp-cnet\/wp-json\/wp\/v2\/comments?post=64501"}],"version-history":[{"count":1,"href":"https:\/\/catolicanet.net\/wp-cnet\/wp-json\/wp\/v2\/posts\/64501\/revisions"}],"predecessor-version":[{"id":64503,"href":"https:\/\/catolicanet.net\/wp-cnet\/wp-json\/wp\/v2\/posts\/64501\/revisions\/64503"}],"wp:featuredmedia":[{"embeddable":true,"href":"https:\/\/catolicanet.net\/wp-cnet\/wp-json\/wp\/v2\/media\/64502"}],"wp:attachment":[{"href":"https:\/\/catolicanet.net\/wp-cnet\/wp-json\/wp\/v2\/media?parent=64501"}],"wp:term":[{"taxonomy":"category","embeddable":true,"href":"https:\/\/catolicanet.net\/wp-cnet\/wp-json\/wp\/v2\/categories?post=64501"},{"taxonomy":"post_tag","embeddable":true,"href":"https:\/\/catolicanet.net\/wp-cnet\/wp-json\/wp\/v2\/tags?post=64501"}],"curies":[{"name":"wp","href":"https:\/\/api.w.org\/{rel}","templated":true}]}}