{"id":64485,"date":"2020-11-17T09:55:30","date_gmt":"2020-11-17T12:55:30","guid":{"rendered":"https:\/\/catolicanet.net\/wp-cnet\/?p=64485"},"modified":"2020-11-17T12:56:36","modified_gmt":"2020-11-17T15:56:36","slug":"santuario-guarda-imagem-milagrosa-de-maria-com-o-menino-jesus-dormindo","status":"publish","type":"post","link":"https:\/\/catolicanet.net\/wp-cnet\/santuario-guarda-imagem-milagrosa-de-maria-com-o-menino-jesus-dormindo\/","title":{"rendered":"Santu\u00e1rio guarda imagem milagrosa de Maria com o Menino Jesus dormindo"},"content":{"rendered":"<h2 class=\"subtitle\" style=\"text-align: justify;\">A imagem existe desde o s\u00e9culo IV e tem atra\u00eddo peregrinos do mundo inteiro<\/h2>\n<div class=\"slideshow-cta\" style=\"text-align: justify;\"><a href=\"https:\/\/pt.aleteia.org\/slideshow\/santuario-virgen-maria-ad-rupes-y-basilica-san-elias\/?from_post=366565\" target=\"_self\" rel=\"noopener noreferrer\">Clique aqui para abrir a galeria de fotos<\/a><\/div>\n<p style=\"text-align: justify;\">\n<p class=\"p1\" style=\"text-align: justify;\"><span class=\"s1\">Em uma pequena cidade chamada Castel Sant\u2019Elia, a 40 quil\u00f4metros de Roma, est\u00e1 o Santu\u00e1rio Maria Sant\u00edssima \u201cad Rupes\u201d.<\/span><\/p>\n<p class=\"p1\" style=\"text-align: justify;\"><span class=\"s1\">Nele est\u00e1 guardada uma rar\u00edssima tela do s\u00e9culo XVI. A imagem representa a Virgem Maria com oMenino Jesus dormindo sobre seus joelhos.<\/span><\/p>\n<p class=\"p1\" style=\"text-align: justify;\"><span class=\"s1\">Segundo a tradi\u00e7\u00e3o, o \u00edcone existe desde o s\u00e9culo IV e logo foi copiado em tela. A imagem \u00e9 considerada milagrosa e, por isso, recebeu a visita de personagens famosos e santos, como Jo\u00e3o Paulo II.<\/span><\/p>\n<p class=\"p1\" style=\"text-align: justify;\"><span class=\"s1\">O santu\u00e1rio da Maria Sant\u00edssima \u201cad Rupes\u201d\u00e9 um lugar de ora\u00e7\u00e3o e sil\u00eancio que surpreende o visitante com sua atmosfera de paz.<\/span><\/p>\n<h3 class=\"p4\" style=\"text-align: justify;\"><span class=\"s1\"><b>O Santu\u00e1rio e os religiosos<\/b><\/span><\/h3>\n<p class=\"p1\" style=\"text-align: justify;\"><span class=\"s1\">Foi justamente esta paz e a maravilhosa paisagem que atra\u00edram a aten\u00e7\u00e3o de v\u00e1rios religiosos. Santo Anast\u00e1cio de Suppentonia, por exemplo, fundou ali um grande mosteiro. Depois<\/span><span class=\"s2\">\u00a0dos beneditinos, o local abrigou os franciscanos.\u00a0<\/span><\/p>\n<p class=\"p1\" style=\"text-align: justify;\"><span class=\"s1\">Hoje, muitos peregrinos chegam ao santu\u00e1rio para venerar a imageme pedir gra\u00e7as \u00e0 M\u00e3e, especialmente em rela\u00e7\u00e3o aos problemas familiares.<\/span><\/p>\n<p style=\"text-align: justify;\">Clique em \u201cAbrir a galeria de fotos\u201d e conhe\u00e7a este lugar magn\u00edfico!<\/p>\n<div class=\"aleteia-slideshow-cta\" style=\"text-align: justify;\"><img decoding=\"async\" src=\"https:\/\/wp.pt.aleteia.org\/wp-content\/uploads\/sites\/5\/2020\/11\/WEB-SANCTUARY-MARIA-AD-RUPES-ITALY-12-Maria-Paola-Daud-ALETEIA.jpg?w=720\" alt=\"MARIA AD RUPES\" \/><\/div>\n","protected":false},"excerpt":{"rendered":"<p>A imagem existe desde o s\u00e9culo IV e tem atra\u00eddo peregrinos do mundo inteiro Clique aqui para abrir a galeria de fotos Em uma pequena cidade chamada Castel Sant\u2019Elia, a 40 quil\u00f4metros de Roma, est\u00e1 o Santu\u00e1rio Maria Sant\u00edssima \u201cad Rupes\u201d. Nele est\u00e1 guardada uma rar\u00edssima tela do s\u00e9culo XVI. A imagem representa a Virgem [&hellip;]<\/p>\n","protected":false},"author":1,"featured_media":64486,"comment_status":"open","ping_status":"closed","sticky":false,"template":"","format":"standard","meta":{"footnotes":""},"categories":[4,13],"tags":[],"class_list":["post-64485","post","type-post","status-publish","format-standard","has-post-thumbnail","hentry","category-cotidiano","category-featured"],"_links":{"self":[{"href":"https:\/\/catolicanet.net\/wp-cnet\/wp-json\/wp\/v2\/posts\/64485","targetHints":{"allow":["GET"]}}],"collection":[{"href":"https:\/\/catolicanet.net\/wp-cnet\/wp-json\/wp\/v2\/posts"}],"about":[{"href":"https:\/\/catolicanet.net\/wp-cnet\/wp-json\/wp\/v2\/types\/post"}],"author":[{"embeddable":true,"href":"https:\/\/catolicanet.net\/wp-cnet\/wp-json\/wp\/v2\/users\/1"}],"replies":[{"embeddable":true,"href":"https:\/\/catolicanet.net\/wp-cnet\/wp-json\/wp\/v2\/comments?post=64485"}],"version-history":[{"count":1,"href":"https:\/\/catolicanet.net\/wp-cnet\/wp-json\/wp\/v2\/posts\/64485\/revisions"}],"predecessor-version":[{"id":64487,"href":"https:\/\/catolicanet.net\/wp-cnet\/wp-json\/wp\/v2\/posts\/64485\/revisions\/64487"}],"wp:featuredmedia":[{"embeddable":true,"href":"https:\/\/catolicanet.net\/wp-cnet\/wp-json\/wp\/v2\/media\/64486"}],"wp:attachment":[{"href":"https:\/\/catolicanet.net\/wp-cnet\/wp-json\/wp\/v2\/media?parent=64485"}],"wp:term":[{"taxonomy":"category","embeddable":true,"href":"https:\/\/catolicanet.net\/wp-cnet\/wp-json\/wp\/v2\/categories?post=64485"},{"taxonomy":"post_tag","embeddable":true,"href":"https:\/\/catolicanet.net\/wp-cnet\/wp-json\/wp\/v2\/tags?post=64485"}],"curies":[{"name":"wp","href":"https:\/\/api.w.org\/{rel}","templated":true}]}}