{"id":6447,"date":"2015-08-20T11:12:39","date_gmt":"2015-08-20T14:12:39","guid":{"rendered":"http:\/\/catolicanet.net\/wp-cnet\/imagem-jubilar-de-nossa-senhora-aparecida-chega-a-barretos\/"},"modified":"2017-04-11T10:48:28","modified_gmt":"2017-04-11T13:48:28","slug":"imagem-jubilar-de-nossa-senhora-aparecida-chega-a-barretos","status":"publish","type":"post","link":"https:\/\/catolicanet.net\/wp-cnet\/imagem-jubilar-de-nossa-senhora-aparecida-chega-a-barretos\/","title":{"rendered":"Imagem jubilar de Nossa Senhora Aparecida chega a Barretos"},"content":{"rendered":"<p style=\"text-align: justify;\"><img decoding=\"async\" src=\"http:\/\/catolicanet.com.br\/images\/stories\/barretos_n.s.aparecida.jpg\" border=\"0\" align=\"left\" \/>A imagem jubilar de Nossa Senhora Aparecida foi entregue na manh\u00e3 de ter\u00e7a-feira, 18, a uma comitiva diocesana de Barretos (SP) e representantes da Associa\u00e7\u00e3o Os Independentes, no Santu\u00e1rio Nacional de Aparecida (SP). A iniciativa \u00e9 parte das comemora\u00e7\u00f5es do jubileu 300 anos de B\u00ean\u00e7\u00e3o do encontro da imagem no Rio Para\u00edba do Sul. Al\u00e9m de ficar em exposi\u00e7\u00e3o durante a 60\u00aa Festa do Pe\u00e3o de Boiadeiros de Barretos, a imagem da santa ir\u00e1 peregrinar pelos 13 munic\u00edpios que comp\u00f5em a diocese.<\/p>\n<p>O bispo diocesano, dom Milton Kenan J\u00fanior, presidiu a missa na Bas\u00edlica de Nossa Senhora Aparecida, ao lado de padres da diocese e de outras regi\u00f5es do pa\u00eds. Ao final, recebeu a imagem.<\/p>\n<p>Em sua homilia, dom Milton lembrou que Nossa Senhora sempre colocou em Deus a sua confian\u00e7a e que sua vida n\u00e3o foi f\u00e1cil, ao contr\u00e1rio, foi uma vida de luta e de cruzes. Segundo o bispo, a imagem peregrina, pela primeira vez, visitar\u00e1 o Parque do Pe\u00e3o, e estar\u00e1 na 60\u00aa Festa do Pe\u00e3o de Boiadeiro de Barretos, que come\u00e7a dia 20. Por todas as noites, durante o evento, grupos de paroquianos de Barretos se revezar\u00e3o em vig\u00edlia diante da imagem rezando n\u00e3o s\u00f3 pelas pessoas que estar\u00e3o na festa, mas por todo o povo brasileiro para que n\u00e3o falte esperan\u00e7a, justi\u00e7a, e para que \u201cos pobres sejam respeitados e tratados com amor neste pa\u00eds\u201d.<\/p>\n<p>Al\u00e9m do bispo, integraram a comitiva diocesana os padres Ivanaldo Mendon\u00e7a, Hamilton Baltazar, Luiz Carlos de Freitas, Raphael Louren\u00e7o, Davis Pedott, Luis Fernando Nascimento, Antonio Marcos Viaro e Luiz Paulo Soares; al\u00e9m de alguns leigos, religiosos e representantes da associa\u00e7\u00e3o Os Independentes, realizadora da Festa do Pe\u00e3o de Barretos.<\/p>\n<p>Recep\u00e7\u00e3o em Barretos<\/p>\n<p>A primeira cidade a acolher a imagem peregrina foi Jaborandi. Por volta das 20h, centenas de pessoas aguardavam o \u00f4nibus que trazia a santa. Com muitos fogos, os romeiros da par\u00f3quia esperavam junto \u00e0 imagem do padroeiro da cidade, S\u00e3o Gabriel, no trevo de entrada. Uma carreata com cerca de 300 ve\u00edculos percorreu os bairros do munic\u00edpio e, em seguida, houve celebra\u00e7\u00e3o da Eucaristia na capela dedicada \u00e0 Nossa Senhora Aparecida.<\/p>\n<p>Nesta quarta-feira, 19, a imagem jubilar ser\u00e1 recebida no trevo da Via Engenheiro Necker Carvalho de Camargo, em Barretos, e em carreata ir\u00e1 percorrer as ruas da cidade at\u00e9 chegar \u00e0 Catedral Divino Esp\u00edrito Santo, \u00e0s 19h30, onde ser\u00e1 celebrada a missa. Ap\u00f3s a celebra\u00e7\u00e3o, a imagem ir\u00e1, mais uma vez em carreata, at\u00e9 a Capela Nossa Senhora Aparecida (Minibas\u00edlica), no bairro Mar\u00edlia.<\/p>\n<p>Ap\u00f3s a Festa do Pe\u00e3o, que acontecer\u00e1 de 20 a 30 de agosto, a imagem ir\u00e1 percorrer as 23 par\u00f3quias do bispado de Barretos que, segundo o prelado, \u201ctem grande amor pela M\u00e3e de Deus\u201d.<\/p>\n<p style=\"text-align: justify;\">Fonte: CNBB<\/p>\n","protected":false},"excerpt":{"rendered":"<p>A imagem jubilar de Nossa Senhora Aparecida foi entregue na manh\u00e3 de ter\u00e7a-feira, 18, a uma comitiva diocesana de Barretos (SP) e representantes da Associa\u00e7\u00e3o Os Independentes, no Santu\u00e1rio Nacional de Aparecida (SP). A iniciativa \u00e9 parte das comemora\u00e7\u00f5es do jubileu 300 anos de B\u00ean\u00e7\u00e3o do encontro da imagem no Rio Para\u00edba do Sul. Al\u00e9m [&hellip;]<\/p>\n","protected":false},"author":1,"featured_media":0,"comment_status":"closed","ping_status":"closed","sticky":false,"template":"","format":"standard","meta":{"footnotes":""},"categories":[7],"tags":[],"class_list":["post-6447","post","type-post","status-publish","format-standard","hentry","category-cnbb"],"_links":{"self":[{"href":"https:\/\/catolicanet.net\/wp-cnet\/wp-json\/wp\/v2\/posts\/6447","targetHints":{"allow":["GET"]}}],"collection":[{"href":"https:\/\/catolicanet.net\/wp-cnet\/wp-json\/wp\/v2\/posts"}],"about":[{"href":"https:\/\/catolicanet.net\/wp-cnet\/wp-json\/wp\/v2\/types\/post"}],"author":[{"embeddable":true,"href":"https:\/\/catolicanet.net\/wp-cnet\/wp-json\/wp\/v2\/users\/1"}],"replies":[{"embeddable":true,"href":"https:\/\/catolicanet.net\/wp-cnet\/wp-json\/wp\/v2\/comments?post=6447"}],"version-history":[{"count":1,"href":"https:\/\/catolicanet.net\/wp-cnet\/wp-json\/wp\/v2\/posts\/6447\/revisions"}],"predecessor-version":[{"id":11250,"href":"https:\/\/catolicanet.net\/wp-cnet\/wp-json\/wp\/v2\/posts\/6447\/revisions\/11250"}],"wp:attachment":[{"href":"https:\/\/catolicanet.net\/wp-cnet\/wp-json\/wp\/v2\/media?parent=6447"}],"wp:term":[{"taxonomy":"category","embeddable":true,"href":"https:\/\/catolicanet.net\/wp-cnet\/wp-json\/wp\/v2\/categories?post=6447"},{"taxonomy":"post_tag","embeddable":true,"href":"https:\/\/catolicanet.net\/wp-cnet\/wp-json\/wp\/v2\/tags?post=6447"}],"curies":[{"name":"wp","href":"https:\/\/api.w.org\/{rel}","templated":true}]}}