{"id":64468,"date":"2020-11-17T09:46:49","date_gmt":"2020-11-17T12:46:49","guid":{"rendered":"https:\/\/catolicanet.net\/wp-cnet\/?p=64468"},"modified":"2020-11-17T12:47:46","modified_gmt":"2020-11-17T15:47:46","slug":"programacao-com-ponto-alto-na-festa-de-cristo-rei-marcara-o-dia-nacional-dos-cristaos-leigos-e-leigas-2020","status":"publish","type":"post","link":"https:\/\/catolicanet.net\/wp-cnet\/programacao-com-ponto-alto-na-festa-de-cristo-rei-marcara-o-dia-nacional-dos-cristaos-leigos-e-leigas-2020\/","title":{"rendered":"PROGRAMA\u00c7\u00c3O, COM PONTO ALTO NA FESTA DE CRISTO REI, MARCAR\u00c1 O DIA NACIONAL DOS CRIST\u00c3OS LEIGOS E LEIGAS 2020"},"content":{"rendered":"<div class=\"elementor-element elementor-element-3a087bd2 elementor-widget elementor-widget-theme-post-content\" data-id=\"3a087bd2\" data-element_type=\"widget\" data-widget_type=\"theme-post-content.default\">\n<div class=\"elementor-widget-container\">\n<p style=\"text-align: justify;\">A presidente do Conselho Nacional do Laicato do Brasil (CNLB), S\u00f4nia Gomes de Oliveira, deu in\u00edcio ontem, 16 de novembro, em live transmitida pela Confer\u00eancia Nacional dos Bispos do Brasil (CNBB), em parceria com sua Edi\u00e7\u00f5es CNBB, \u00e0 contagem regressiva para a celebra\u00e7\u00e3o do Dia dos Crist\u00e3os Leigos e Leigas no pr\u00f3ximo dia 22 de novembro, na solenidade de Cristo Rei. A live teve a media\u00e7\u00e3o do assessor da Comiss\u00e3o Episcopal Pastoral da CNBB, professor Laudelino Augusto.<\/p>\n<blockquote><p>\u201cEsta celebra\u00e7\u00e3o \u00e9 motivo de alegrias e tamb\u00e9m de questionamento. O que este tempo nos pede? O que n\u00f3s, leigos e leigas, podemos fazer a partir do ch\u00e3o que pisamos nesta comemora\u00e7\u00e3o do dia dos crist\u00e3os leigos e leigas?\u201d, provocou S\u00f4nia.<\/p><\/blockquote>\n<figure id=\"attachment_255327\" class=\"wp-caption alignright\" style=\"text-align: justify;\" aria-describedby=\"caption-attachment-255327\"><img loading=\"lazy\" decoding=\"async\" class=\"wp-image-255327 size-medium lazyloaded\" src=\"https:\/\/eadn-wc02-718006.nxedge.io\/cdn\/wp-content\/uploads\/2020\/11\/Cartaz-Laicato-210x300.png\" sizes=\"auto, (max-width: 210px) 100vw, 210px\" srcset=\"https:\/\/eadn-wc02-718006.nxedge.io\/cdn\/wp-content\/uploads\/2020\/11\/Cartaz-Laicato-210x300.png 210w, https:\/\/eadn-wc02-718006.nxedge.io\/cdn\/wp-content\/uploads\/2020\/11\/Cartaz-Laicato.png 395w\" alt=\"\" width=\"210\" height=\"300\" data-srcset=\"https:\/\/eadn-wc02-718006.nxedge.io\/cdn\/wp-content\/uploads\/2020\/11\/Cartaz-Laicato-210x300.png 210w, https:\/\/eadn-wc02-718006.nxedge.io\/cdn\/wp-content\/uploads\/2020\/11\/Cartaz-Laicato.png 395w\" data-src=\"https:\/\/eadn-wc02-718006.nxedge.io\/cdn\/wp-content\/uploads\/2020\/11\/Cartaz-Laicato-210x300.png\" data-sizes=\"(max-width: 210px) 100vw, 210px\" \/><figcaption id=\"caption-attachment-255327\" class=\"wp-caption-text\">Cartaz do Dia Nacional dos Crist\u00e3os Leigos e Leigas.<\/figcaption><\/figure>\n<p style=\"text-align: justify;\">O bispo de Tocantin\u00f3polis (TO) e presidente da Comiss\u00e3o Episcopal Pastoral para o Laicato, dom Giovane Pereira de Melo, ressalta que h\u00e1 na Igreja no Brasil uma participa\u00e7\u00e3o extraordin\u00e1ria do laicato.<\/p>\n<p style=\"text-align: justify;\">\u201cO nosso laicato \u00e9 um laicato ativo que procura se organizar e est\u00e1 presente nos diversos espa\u00e7os eclesiais, na lideran\u00e7a, \u00e0 frente das comunidades eclesiais, \u00e0 frente das pastorais sociais, em associa\u00e7\u00f5es e movimentos e outros organismos da Igreja\u201d, refor\u00e7ou.<\/p>\n<p style=\"text-align: justify;\">Por outro lado, o bispo disse que h\u00e1 um grande n\u00famero de crist\u00e3os leigos que ainda est\u00e1 na arquibancada torcendo mas n\u00e3o entrou no jogo. \u201cH\u00e1 um desafio grande para que os crist\u00e3os leigos e leigas, batizados, tomem consci\u00eancia de seu batismo, da sua f\u00e9, miss\u00e3o e voca\u00e7\u00e3o e sejam presen\u00e7a transformadora como sujeitos eclesiais n\u00e3o s\u00f3 na Igreja mas nas realidades do mundo\u201d, defendeu.<\/p>\n<p style=\"text-align: justify;\">Segundo o presidente da Comiss\u00e3o Episcopal para o Laicato da CNBB, n\u00e3o d\u00e1 para pensar uma Igreja povo de Deus, a partir do Conc\u00edlio Vaticano 2\u00ba, sem pensar na participa\u00e7\u00e3o e no protagonismo dos crist\u00e3os leigos e leigas.<\/p>\n<blockquote><p>\u201cNo documento n\u00ba 105 da CNBB, os bispos do Brasil destacam a import\u00e2ncia e a necessidade de um laicato que seja protagonista. \u00c9 necess\u00e1rio que a Igreja, sobretudo n\u00f3s os ministros ordenados, reconhe\u00e7amos a import\u00e2ncia, o papel e o lugar de protagonismo do laicato na Igreja no Brasil\u201d, disse.<\/p><\/blockquote>\n<p style=\"text-align: justify;\">Programa\u00e7\u00e3o 2020<\/p>\n<p style=\"text-align: justify;\">Uma programa\u00e7\u00e3o foi pensada para toda a semana pelo CNLB, em parceria com a Comiss\u00e3o para o Laicato da CNBB e por seus regionais para celebrar e refletir a presen\u00e7a e a miss\u00e3o dos leigos e leigas na Igreja no Brasil.\u00a0 O tema do Dia Nacional dos Crist\u00e3os Leigos e Leigas 2020 \u00e9 \u201cTestemunho e profecia a servi\u00e7o da vida\u201d.<\/p>\n<p style=\"text-align: justify;\">\u00c0 luz do vers\u00edculo assumido como lema b\u00edblico deste dia, \u201cEu vos chamei a servi\u00e7o da vida e da justi\u00e7a\u201d , extra\u00eddo de Is 42,6, a presidente do CNLB lan\u00e7a uma pergunta ao laicato brasileiro: \u201cN\u00f3s como crist\u00e3os leigos e leigas temos nos colocado a servi\u00e7o da vida e da justi\u00e7a? Nos espa\u00e7os de garantia de direito e participa\u00e7\u00e3o popular, nas pra\u00e7as onde o povo est\u00e1 em situa\u00e7\u00e3o de rua, junto \u00e0 juventude negra que est\u00e1 morrendo, junto \u00e0s mulheres v\u00edtimas de viol\u00eancia e na pr\u00f3pria Igreja?\u201d.<\/p>\n<p style=\"text-align: justify;\"><strong>Confira a programa\u00e7\u00e3o:\u00a0<\/strong><\/p>\n<p><img loading=\"lazy\" decoding=\"async\" class=\"alignnone wp-image-255328 size-large lazyloaded\" src=\"https:\/\/eadn-wc02-718006.nxedge.io\/cdn\/wp-content\/uploads\/2020\/11\/Programa%C3%A7%C3%A3o-Semana-do-Laicato-2020-723x1024.jpg\" sizes=\"auto, (max-width: 723px) 100vw, 723px\" srcset=\"https:\/\/eadn-wc02-718006.nxedge.io\/cdn\/wp-content\/uploads\/2020\/11\/Programa\u00e7\u00e3o-Semana-do-Laicato-2020-723x1024.jpg 723w, https:\/\/eadn-wc02-718006.nxedge.io\/cdn\/wp-content\/uploads\/2020\/11\/Programa\u00e7\u00e3o-Semana-do-Laicato-2020-212x300.jpg 212w, https:\/\/eadn-wc02-718006.nxedge.io\/cdn\/wp-content\/uploads\/2020\/11\/Programa\u00e7\u00e3o-Semana-do-Laicato-2020-768x1087.jpg 768w, https:\/\/eadn-wc02-718006.nxedge.io\/cdn\/wp-content\/uploads\/2020\/11\/Programa\u00e7\u00e3o-Semana-do-Laicato-2020-500x708.jpg 500w, https:\/\/eadn-wc02-718006.nxedge.io\/cdn\/wp-content\/uploads\/2020\/11\/Programa\u00e7\u00e3o-Semana-do-Laicato-2020.jpg 763w\" alt=\"\" width=\"723\" height=\"1024\" data-srcset=\"https:\/\/eadn-wc02-718006.nxedge.io\/cdn\/wp-content\/uploads\/2020\/11\/Programa\u00e7\u00e3o-Semana-do-Laicato-2020-723x1024.jpg 723w, https:\/\/eadn-wc02-718006.nxedge.io\/cdn\/wp-content\/uploads\/2020\/11\/Programa\u00e7\u00e3o-Semana-do-Laicato-2020-212x300.jpg 212w, https:\/\/eadn-wc02-718006.nxedge.io\/cdn\/wp-content\/uploads\/2020\/11\/Programa\u00e7\u00e3o-Semana-do-Laicato-2020-768x1087.jpg 768w, https:\/\/eadn-wc02-718006.nxedge.io\/cdn\/wp-content\/uploads\/2020\/11\/Programa\u00e7\u00e3o-Semana-do-Laicato-2020-500x708.jpg 500w, https:\/\/eadn-wc02-718006.nxedge.io\/cdn\/wp-content\/uploads\/2020\/11\/Programa\u00e7\u00e3o-Semana-do-Laicato-2020.jpg 763w\" data-src=\"https:\/\/eadn-wc02-718006.nxedge.io\/cdn\/wp-content\/uploads\/2020\/11\/Programa\u00e7\u00e3o-Semana-do-Laicato-2020-723x1024.jpg\" data-sizes=\"(max-width: 723px) 100vw, 723px\" \/><\/p>\n<\/div>\n<\/div>\n","protected":false},"excerpt":{"rendered":"<p>A presidente do Conselho Nacional do Laicato do Brasil (CNLB), S\u00f4nia Gomes de Oliveira, deu in\u00edcio ontem, 16 de novembro, em live transmitida pela Confer\u00eancia Nacional dos Bispos do Brasil (CNBB), em parceria com sua Edi\u00e7\u00f5es CNBB, \u00e0 contagem regressiva para a celebra\u00e7\u00e3o do Dia dos Crist\u00e3os Leigos e Leigas no pr\u00f3ximo dia 22 de [&hellip;]<\/p>\n","protected":false},"author":1,"featured_media":64469,"comment_status":"open","ping_status":"closed","sticky":false,"template":"","format":"standard","meta":{"footnotes":""},"categories":[7,4],"tags":[],"class_list":["post-64468","post","type-post","status-publish","format-standard","has-post-thumbnail","hentry","category-cnbb","category-cotidiano"],"_links":{"self":[{"href":"https:\/\/catolicanet.net\/wp-cnet\/wp-json\/wp\/v2\/posts\/64468","targetHints":{"allow":["GET"]}}],"collection":[{"href":"https:\/\/catolicanet.net\/wp-cnet\/wp-json\/wp\/v2\/posts"}],"about":[{"href":"https:\/\/catolicanet.net\/wp-cnet\/wp-json\/wp\/v2\/types\/post"}],"author":[{"embeddable":true,"href":"https:\/\/catolicanet.net\/wp-cnet\/wp-json\/wp\/v2\/users\/1"}],"replies":[{"embeddable":true,"href":"https:\/\/catolicanet.net\/wp-cnet\/wp-json\/wp\/v2\/comments?post=64468"}],"version-history":[{"count":2,"href":"https:\/\/catolicanet.net\/wp-cnet\/wp-json\/wp\/v2\/posts\/64468\/revisions"}],"predecessor-version":[{"id":64471,"href":"https:\/\/catolicanet.net\/wp-cnet\/wp-json\/wp\/v2\/posts\/64468\/revisions\/64471"}],"wp:featuredmedia":[{"embeddable":true,"href":"https:\/\/catolicanet.net\/wp-cnet\/wp-json\/wp\/v2\/media\/64469"}],"wp:attachment":[{"href":"https:\/\/catolicanet.net\/wp-cnet\/wp-json\/wp\/v2\/media?parent=64468"}],"wp:term":[{"taxonomy":"category","embeddable":true,"href":"https:\/\/catolicanet.net\/wp-cnet\/wp-json\/wp\/v2\/categories?post=64468"},{"taxonomy":"post_tag","embeddable":true,"href":"https:\/\/catolicanet.net\/wp-cnet\/wp-json\/wp\/v2\/tags?post=64468"}],"curies":[{"name":"wp","href":"https:\/\/api.w.org\/{rel}","templated":true}]}}