{"id":64450,"date":"2020-11-17T09:17:18","date_gmt":"2020-11-17T12:17:18","guid":{"rendered":"https:\/\/catolicanet.net\/wp-cnet\/?p=64450"},"modified":"2020-11-17T12:26:45","modified_gmt":"2020-11-17T15:26:45","slug":"dom-auza-leva-aos-espanhois-pesar-do-papa-pelos-mortos-de-covid-19","status":"publish","type":"post","link":"https:\/\/catolicanet.net\/wp-cnet\/dom-auza-leva-aos-espanhois-pesar-do-papa-pelos-mortos-de-covid-19\/","title":{"rendered":"Dom Auza leva aos espanh\u00f3is pesar do Papa pelos mortos de Covid-19"},"content":{"rendered":"<div class=\"article__subTitle\" style=\"text-align: justify;\">Citando o Papa, dom Auza convidou os membros da Confer\u00eancia Episcopal Espanhola, reunidos em Assembleia Plen\u00e1ria, a \u201cse deixarem contagiar pelo amor, n\u00e3o pelo v\u00edrus\u201d, e assegurou as ora\u00e7\u00f5es do Pont\u00edfice. \u201cTrago a todos o sentimento de proximidade, a sauda\u00e7\u00e3o e b\u00ean\u00e7\u00e3o do Papa&#8221;, especialmente &#8220;para os doentes desta pandemia, bem como as condol\u00eancias e a certeza das ora\u00e7\u00f5es de sufr\u00e1gio de Sua Santidade a todas as fam\u00edlias que sofreram a perda dos seus entes queridos\u201d, afirmou o n\u00fancio na Espanha e Principado de Andorra<\/div>\n<div class=\"title__separator\" style=\"text-align: justify;\"><\/div>\n<div class=\"article__text \">\n<p style=\"text-align: justify;\"><b>Vatican News<\/b><\/p>\n<div style=\"text-align: justify;\">\n<div class=\"article__embed article__embed--unwrap article__embed--dark\">\n<div class=\"article__innerTitle\">Ou\u00e7a e compartilhe<\/div>\n<div>\n<audio class=\"wp-audio-shortcode\" id=\"audio-64450-1\" preload=\"none\" style=\"width: 100%;\" controls=\"controls\"><source type=\"audio\/mpeg\" src=\"https:\/\/media.vaticannews.va\/media\/audio\/s1\/2020\/11\/17\/14\/135789151_F135789151.mp3?_=1\" \/><a href=\"https:\/\/media.vaticannews.va\/media\/audio\/s1\/2020\/11\/17\/14\/135789151_F135789151.mp3\">https:\/\/media.vaticannews.va\/media\/audio\/s1\/2020\/11\/17\/14\/135789151_F135789151.mp3<\/a><\/audio>\n<\/div>\n<\/div>\n<\/div>\n<p style=\"text-align: justify;\">Na segunda-feira (16\/11), na abertura da Assembleia Plen\u00e1ria da Confer\u00eancia Episcopal Espanhola (CEE), que se realiza em modo telem\u00e1tico, com a participa\u00e7\u00e3o f\u00edsica de 38 bispos em Madrid, e a participa\u00e7\u00e3o virtual dos restantes membros do Episcopado \u2013 para garantir a seguran\u00e7a e evitar um poss\u00edvel cont\u00e1gio \u2013, o n\u00fancio apost\u00f3lico na Espanha e no Principado de Andorra, dom Bernardito Auza, levou as condol\u00eancias do Papa Francisco a todos os espanh\u00f3is que perderam seus entes queridos durante a pandemia da Covid-19.<\/p>\n<p style=\"text-align: justify;\">\u201cTrago a todos o sentimento de proximidade, a sauda\u00e7\u00e3o e b\u00ean\u00e7\u00e3o do Papa, que tenho a honra de representar na Espanha, especialmente para os doentes desta pandemia, bem como as condol\u00eancias e a certeza das ora\u00e7\u00f5es de sufr\u00e1gio de Sua Santidade a todas as fam\u00edlias que sofreram a perda dos seus entes queridos\u201d, afirmou dom Auza.<\/p>\n<h2 style=\"text-align: justify;\">A exemplo de Francisco, refor\u00e7ar o trabalho pastoral<\/h2>\n<p style=\"text-align: justify;\">Recordando \u201ca atitude exemplar do Santo Padre cuja atividade n\u00e3o cessou\u201d, mesmo neste dif\u00edcil contexto da Covid-19, o n\u00fancio encorajou os bispos espanh\u00f3is a refor\u00e7ar o seu trabalho.<\/p>\n<p style=\"text-align: justify;\">Em particular, o arcebispo quis expressar o seu reconhecimento, como legado pontif\u00edcio, aos sacerdotes e pessoas consagradas, bem como aos volunt\u00e1rios, que empenhados em sua miss\u00e3o, procuraram uma forma criativa de chegar aos fi\u00e9is, neste tempo de pandemia, e as suas condol\u00eancias por aqueles sacerdotes que, em seus cuidados e apoio sacramental, foram infectados, n\u00e3o superaram a doen\u00e7a e morreram.<\/p>\n<h2 style=\"text-align: justify;\">Reconhecimento e gratid\u00e3o aos profissionais de sa\u00fade<\/h2>\n<p style=\"text-align: justify;\">Recordou com profundo sentido de gratid\u00e3o os profissionais da sa\u00fade, m\u00e9dicos e enfermeiros, e todos os grupos profissionais que todos os diais nos prestam os seus servi\u00e7os indispens\u00e1veis. \u201cSeus esfor\u00e7os merecem o reconhecimento de toda a sociedade \u2013 afirmou \u2013 ao qual temos a satisfa\u00e7\u00e3o de nos unir.\u201d<\/p>\n<p style=\"text-align: justify;\">\u201cEsta situa\u00e7\u00e3o de dura\u00e7\u00e3o incerta vai passar. \u00c9 por isso que o Papa nos recorda este princ\u00edpio: com criatividade cuidar da hora presente, mas para amanh\u00e3 reservar tempos melhores, porque isso nos ajudar\u00e1. Cuidem de voc\u00eas mesmos pelo futuro que vir\u00e1 e, quando chegar, lembrem-se que o que aconteceu lhes far\u00e1 bem\u201d.<\/p>\n<h2 style=\"text-align: justify;\">Deixar-se contagiar pelo amor<\/h2>\n<p style=\"text-align: justify;\">Em Seguida, o prelado filipino fez votos de que \u201ceste pensamento possa encorajar o trabalho indicado na agenda desta Assembleia\u201d.<\/p>\n<p style=\"text-align: justify;\">Citando o Papa, dom Auza convidou os membros da Confer\u00eancia Episcopal Espanhola a \u201cse deixarem contagiar pelo amor, n\u00e3o pelo v\u00edrus\u201d, e assegurou as ora\u00e7\u00f5es do Pont\u00edfice, \u201ca fim de que o trabalho deles possa encorajar a generosidade do cora\u00e7\u00e3o\u201d, recordando a \u201ctarefa que Cristo confiou aos Santos Ap\u00f3stolos e a seus sucessores, de fazer homens e mulheres sa\u00edrem das sombras at\u00e1vicas lan\u00e7adas pela experi\u00eancia da sua vulnerabilidade, para que, sempre conscientes da sua liberdade, n\u00e3o fiquem \u00e0 merc\u00ea de um amanhecer sombrio, nem percam o controlo das r\u00e9deas num futuro incerto\u201d.<\/p>\n<p style=\"text-align: justify;\">Vatican News \u2013 AP\/RL<\/p>\n<\/div>\n","protected":false},"excerpt":{"rendered":"<p>Citando o Papa, dom Auza convidou os membros da Confer\u00eancia Episcopal Espanhola, reunidos em Assembleia Plen\u00e1ria, a \u201cse deixarem contagiar pelo amor, n\u00e3o pelo v\u00edrus\u201d, e assegurou as ora\u00e7\u00f5es do Pont\u00edfice. \u201cTrago a todos o sentimento de proximidade, a sauda\u00e7\u00e3o e b\u00ean\u00e7\u00e3o do Papa&#8221;, especialmente &#8220;para os doentes desta pandemia, bem como as condol\u00eancias e [&hellip;]<\/p>\n","protected":false},"author":1,"featured_media":64451,"comment_status":"open","ping_status":"closed","sticky":false,"template":"","format":"standard","meta":{"footnotes":""},"categories":[13,3],"tags":[],"class_list":["post-64450","post","type-post","status-publish","format-standard","has-post-thumbnail","hentry","category-featured","category-vaticano"],"_links":{"self":[{"href":"https:\/\/catolicanet.net\/wp-cnet\/wp-json\/wp\/v2\/posts\/64450","targetHints":{"allow":["GET"]}}],"collection":[{"href":"https:\/\/catolicanet.net\/wp-cnet\/wp-json\/wp\/v2\/posts"}],"about":[{"href":"https:\/\/catolicanet.net\/wp-cnet\/wp-json\/wp\/v2\/types\/post"}],"author":[{"embeddable":true,"href":"https:\/\/catolicanet.net\/wp-cnet\/wp-json\/wp\/v2\/users\/1"}],"replies":[{"embeddable":true,"href":"https:\/\/catolicanet.net\/wp-cnet\/wp-json\/wp\/v2\/comments?post=64450"}],"version-history":[{"count":1,"href":"https:\/\/catolicanet.net\/wp-cnet\/wp-json\/wp\/v2\/posts\/64450\/revisions"}],"predecessor-version":[{"id":64452,"href":"https:\/\/catolicanet.net\/wp-cnet\/wp-json\/wp\/v2\/posts\/64450\/revisions\/64452"}],"wp:featuredmedia":[{"embeddable":true,"href":"https:\/\/catolicanet.net\/wp-cnet\/wp-json\/wp\/v2\/media\/64451"}],"wp:attachment":[{"href":"https:\/\/catolicanet.net\/wp-cnet\/wp-json\/wp\/v2\/media?parent=64450"}],"wp:term":[{"taxonomy":"category","embeddable":true,"href":"https:\/\/catolicanet.net\/wp-cnet\/wp-json\/wp\/v2\/categories?post=64450"},{"taxonomy":"post_tag","embeddable":true,"href":"https:\/\/catolicanet.net\/wp-cnet\/wp-json\/wp\/v2\/tags?post=64450"}],"curies":[{"name":"wp","href":"https:\/\/api.w.org\/{rel}","templated":true}]}}