{"id":64440,"date":"2020-11-16T09:50:40","date_gmt":"2020-11-16T12:50:40","guid":{"rendered":"https:\/\/catolicanet.net\/wp-cnet\/?p=64440"},"modified":"2020-11-16T11:51:43","modified_gmt":"2020-11-16T14:51:43","slug":"a-cidade-que-proibiu-os-presepios-em-lugares-publicos","status":"publish","type":"post","link":"https:\/\/catolicanet.net\/wp-cnet\/a-cidade-que-proibiu-os-presepios-em-lugares-publicos\/","title":{"rendered":"A cidade que proibiu os pres\u00e9pios em lugares p\u00fablicos"},"content":{"rendered":"<h2 class=\"subtitle\" style=\"text-align: justify;\">A prefeitura alega que vai financiar uma decora\u00e7\u00e3o natalina que &#8220;celebre a diversidade cultural&#8221; da cidade<\/h2>\n<p style=\"text-align: justify;\">Os moradores da cidade de Rehoboth Beach, no estado de Delaware, Estados Unidos, est\u00e3o proibidos de montar pres\u00e9pios e fazer qualquer exposi\u00e7\u00e3o religiosa em locais p\u00fablicos.<\/p>\n<p style=\"text-align: justify;\">A proibi\u00e7\u00e3o, de fato, existe desde 2018. Naquele ano, servidores do governo j\u00e1 causaram pol\u00eamica ao exigir que a Igreja Cat\u00f3lica retirasse um pres\u00e9pio montado em Bastand, um local de entretenimento ao ar livre a poucos metros da praia.<\/p>\n<p style=\"text-align: justify;\">No ano passado, como tentativa de reverter a situa\u00e7\u00e3o, alguns moradores fizeram manifesta\u00e7\u00f5es em frente \u00e0 prefeitura. Mas os protestos n\u00e3o surtiram efeito.<\/p>\n<p style=\"text-align: justify;\">Este ano, portanto, a prefeitura voltou a determinar que est\u00e1 novamente proibido montar pres\u00e9pios em pra\u00e7as, parques e locais administrados pelo poder p\u00fablico.<\/p>\n<h3 style=\"text-align: justify;\">Pres\u00e9pios poder\u00e3o ser desmontados<\/h3>\n<p style=\"text-align: justify;\">A determina\u00e7\u00e3o da prefeitura local afirma que os pres\u00e9pios montados em lugares p\u00fablicos, ser\u00e3o sumariamente desmontados. Al\u00e9m disso, os eventuais preju\u00edzos ficar\u00e3o a cargo dos propriet\u00e1rios das estruturas.<\/p>\n<div class=\"nativo-inread\" style=\"text-align: justify;\"><\/div>\n<p style=\"text-align: justify;\">Por outro lado, de acordo com o \u201cDaily Times\u201d, a prefeitura autorizou o financiamento de at\u00e9 10 mil d\u00f3lares para uma \u201cdecora\u00e7\u00e3o natalina que celebre a diversidade cultural\u201d. Ainda de acordo com o jornal, a exibi\u00e7\u00e3o ocorrer\u00e1 durante as festas de fim de ano.<\/p>\n<p style=\"text-align: justify;\"><em>Com informa\u00e7\u00f5es de\u00a0<a href=\"https:\/\/gaudiumpress.org\/content\/cidade-dos-eua-proibe-exposicao-de-presepios-natalinos-em-propriedade-publica\/\" target=\"_blank\" rel=\"noopener noreferrer\">Gaudium Press<\/a><\/em><\/p>\n","protected":false},"excerpt":{"rendered":"<p>A prefeitura alega que vai financiar uma decora\u00e7\u00e3o natalina que &#8220;celebre a diversidade cultural&#8221; da cidade Os moradores da cidade de Rehoboth Beach, no estado de Delaware, Estados Unidos, est\u00e3o proibidos de montar pres\u00e9pios e fazer qualquer exposi\u00e7\u00e3o religiosa em locais p\u00fablicos. A proibi\u00e7\u00e3o, de fato, existe desde 2018. Naquele ano, servidores do governo j\u00e1 [&hellip;]<\/p>\n","protected":false},"author":1,"featured_media":64441,"comment_status":"open","ping_status":"closed","sticky":false,"template":"","format":"standard","meta":{"footnotes":""},"categories":[4],"tags":[],"class_list":["post-64440","post","type-post","status-publish","format-standard","has-post-thumbnail","hentry","category-cotidiano"],"_links":{"self":[{"href":"https:\/\/catolicanet.net\/wp-cnet\/wp-json\/wp\/v2\/posts\/64440","targetHints":{"allow":["GET"]}}],"collection":[{"href":"https:\/\/catolicanet.net\/wp-cnet\/wp-json\/wp\/v2\/posts"}],"about":[{"href":"https:\/\/catolicanet.net\/wp-cnet\/wp-json\/wp\/v2\/types\/post"}],"author":[{"embeddable":true,"href":"https:\/\/catolicanet.net\/wp-cnet\/wp-json\/wp\/v2\/users\/1"}],"replies":[{"embeddable":true,"href":"https:\/\/catolicanet.net\/wp-cnet\/wp-json\/wp\/v2\/comments?post=64440"}],"version-history":[{"count":1,"href":"https:\/\/catolicanet.net\/wp-cnet\/wp-json\/wp\/v2\/posts\/64440\/revisions"}],"predecessor-version":[{"id":64442,"href":"https:\/\/catolicanet.net\/wp-cnet\/wp-json\/wp\/v2\/posts\/64440\/revisions\/64442"}],"wp:featuredmedia":[{"embeddable":true,"href":"https:\/\/catolicanet.net\/wp-cnet\/wp-json\/wp\/v2\/media\/64441"}],"wp:attachment":[{"href":"https:\/\/catolicanet.net\/wp-cnet\/wp-json\/wp\/v2\/media?parent=64440"}],"wp:term":[{"taxonomy":"category","embeddable":true,"href":"https:\/\/catolicanet.net\/wp-cnet\/wp-json\/wp\/v2\/categories?post=64440"},{"taxonomy":"post_tag","embeddable":true,"href":"https:\/\/catolicanet.net\/wp-cnet\/wp-json\/wp\/v2\/tags?post=64440"}],"curies":[{"name":"wp","href":"https:\/\/api.w.org\/{rel}","templated":true}]}}