{"id":64431,"date":"2020-11-16T09:44:29","date_gmt":"2020-11-16T12:44:29","guid":{"rendered":"https:\/\/catolicanet.net\/wp-cnet\/?p=64431"},"modified":"2020-11-16T11:46:27","modified_gmt":"2020-11-16T14:46:27","slug":"bispo-lembra-que-a-siria-continua-sofrendo-com-a-guerra","status":"publish","type":"post","link":"https:\/\/catolicanet.net\/wp-cnet\/bispo-lembra-que-a-siria-continua-sofrendo-com-a-guerra\/","title":{"rendered":"Bispo lembra que a S\u00edria continua sofrendo com a guerra"},"content":{"rendered":"<p style=\"text-align: justify;\">Em declara\u00e7\u00f5es \u00e0 Funda\u00e7\u00e3o Pontif\u00edcia Ajuda \u00e0\u00a0Igreja\u00a0que Sofre, o bispo caldeu de Aleppo (S\u00edria), Dom Antoine Audo, disse que a pandemia n\u00e3o se compara ao bloqueio econ\u00f4mico que afunda a S\u00edria na pobreza, e lembrou \u00e0 comunidade internacional que a guerra e a viol\u00eancia continuam.<\/p>\n<p style=\"text-align: justify;\">Segundo ACN, Dom Audo viveu &#8220;em primeira pessoa os piores momentos da guerra na S\u00edria quando a cidade estava sitiada pelas tropas rebeldes e os bombardeios n\u00e3o paravam dia e noite&#8221;. Hoje, o conflito entrou em sua &#8220;fase final&#8221; e, embora a guerra tenha se afastado de Aleppo, a popula\u00e7\u00e3o &#8220;ainda precisa de ajuda para sobreviver&#8221;.<\/p>\n<p style=\"text-align: justify;\">\u201cA nova crise por causa do coronav\u00edrus \u00e9 um mal menor, se comparada ao bloqueio econ\u00f4mico do pa\u00eds que sufoca a popula\u00e7\u00e3o s\u00edria na pobreza\u201d, disse o Prelado \u00e0 ACN.<\/p>\n<p style=\"text-align: justify;\">Dada a limitada cobertura da m\u00eddia sobre a guerra na S\u00edria, Dom Audo reafirmou que \u201ca guerra ainda n\u00e3o acabou, especialmente em Idlib, perto de Aleppo, e na regi\u00e3o de Jazira, no nordeste da S\u00edria. A viol\u00eancia na parte norte afeta toda a S\u00edria e o povo s\u00edrio est\u00e1 mergulhado na mis\u00e9ria.<\/p>\n<p style=\"text-align: justify;\">Devido aos anos de viol\u00eancia e destrui\u00e7\u00e3o no pa\u00eds, o Prelado destacou que \u201ca economia s\u00edria est\u00e1 agora completamente destru\u00edda e o povo s\u00edrio brutalmente empobrecido\u201d.<\/p>\n<p style=\"text-align: justify;\">Para o Prelado, a comunidade internacional esqueceu-se da S\u00edria, porque \u201cas grandes pot\u00eancias conseguiram o que procuravam, o enfraquecimento do estado s\u00edrio\u201d. A este respeito, lembrou \u201ca explora\u00e7\u00e3o de petr\u00f3leo pelos norte-americanos na regi\u00e3o de Jazira e o estabelecimento dos turcos no nosso pa\u00eds, em Idlib e na regi\u00e3o de Jazira\u201d.<\/p>\n<p style=\"text-align: justify;\">Sobre o plano de reconstru\u00e7\u00e3o da S\u00edria, o Prelado disse que \u201ca reconstru\u00e7\u00e3o avan\u00e7a timidamente\u201d. Explicou que esse avan\u00e7o pode ser visto nas &#8220;lojas e zocos [mercado em uma pra\u00e7a ou outro local ao ar livre dos pa\u00edses \u00e1rabes] na cidade velha de Aleppo, e tamb\u00e9m em algumas casas&#8221;.<\/p>\n<p style=\"text-align: justify;\">Para Dom Audo, o desenvolvimento da S\u00edria est\u00e1 estagnado devido ao \u201cgrave problema de falta de eletricidade e combust\u00edvel\u201d, que impede um verdadeiro in\u00edcio da economia e da reconstru\u00e7\u00e3o.<\/p>\n<p style=\"text-align: justify;\">Sobre as consequ\u00eancias da COVID-19 na\u00a0vida\u00a0dos s\u00edrios, o Prelado disse que &#8220;a amea\u00e7a \u00e9 cont\u00ednua&#8221; devido \u00e0 pobreza, mas que a ajuda da ACN &#8220;que cobre at\u00e9 70 por cento das cirurgias&#8221; impediu que as consequ\u00eancias sejam mais graves.<\/p>\n<p style=\"text-align: justify;\">\u201cNossos hospitais n\u00e3o t\u00eam equipamentos, realmente n\u00e3o temos meios de controle devido \u00e0 pobreza generalizada. Mas podemos dizer que, apesar de tudo, a epidemia poderia ter sido muito pior\u201d, afirmou.<\/p>\n<p style=\"text-align: justify;\">\u201cEsta ajuda, pela qual sou respons\u00e1vel em nome dos\u00a0bispos\u00a0cat\u00f3licos de Aleppo, \u00e9 muito importante porque permite ajudar frequentemente os crist\u00e3os a realizarem cirurgias nos hospitais e somos muito agradecidos \u00e0 ACN\u201d, acrescentou.<\/p>\n<p style=\"text-align: justify;\">Sobre as fam\u00edlias crist\u00e3s deslocadas pela guerra que est\u00e3o retornando da Turquia, L\u00edbano e outras regi\u00f5es para suas casas na S\u00edria, Dom Audo explicou que \u201co retorno depende das regi\u00f5es e da situa\u00e7\u00e3o econ\u00f4mica do pa\u00eds de origem\u201d.<\/p>\n<p style=\"text-align: justify;\">\u201cO atual retorno do L\u00edbano se deve \u00e0 crise econ\u00f4mica. Em Aleppo n\u00e3o temos um fen\u00f4meno massivo de retorno. Talvez haja mais no litoral\u201d, destacou.<\/p>\n<p style=\"text-align: justify;\">Por fim, o Prelado assegurou que continuar\u00e3o fazendo todo o poss\u00edvel como Igreja Cat\u00f3lica para manter a sua presen\u00e7a entre as fam\u00edlias crist\u00e3s agora e no futuro.<\/p>\n<p style=\"text-align: justify;\">\u201cProva disso \u00e9 a reconstru\u00e7\u00e3o de igrejas, casas e escolas em toda a S\u00edria e principalmente em Aleppo, tamb\u00e9m com a ajuda da funda\u00e7\u00e3o ACN. O nosso futuro, mesmo sendo minoria, depende de sermos Igreja viva e fiel \u00e0 gra\u00e7a recebida pelo\u00a0batismo\u201d, concluiu.<\/p>\n<p style=\"text-align: justify;\"><em>Publicado originalmente em\u00a0<a href=\"https:\/\/www.aciprensa.com\/noticias\/obispo-recuerda-que-siria-sigue-sufriendo-por-la-guerra-56460\">ACI Prensa.<\/a>\u00a0Traduzido e adaptado por Nath\u00e1lia Queiroz.<\/em><\/p>\n","protected":false},"excerpt":{"rendered":"<p>Em declara\u00e7\u00f5es \u00e0 Funda\u00e7\u00e3o Pontif\u00edcia Ajuda \u00e0\u00a0Igreja\u00a0que Sofre, o bispo caldeu de Aleppo (S\u00edria), Dom Antoine Audo, disse que a pandemia n\u00e3o se compara ao bloqueio econ\u00f4mico que afunda a S\u00edria na pobreza, e lembrou \u00e0 comunidade internacional que a guerra e a viol\u00eancia continuam. Segundo ACN, Dom Audo viveu &#8220;em primeira pessoa os piores [&hellip;]<\/p>\n","protected":false},"author":1,"featured_media":64432,"comment_status":"open","ping_status":"closed","sticky":false,"template":"","format":"standard","meta":{"footnotes":""},"categories":[4],"tags":[],"class_list":["post-64431","post","type-post","status-publish","format-standard","has-post-thumbnail","hentry","category-cotidiano"],"_links":{"self":[{"href":"https:\/\/catolicanet.net\/wp-cnet\/wp-json\/wp\/v2\/posts\/64431","targetHints":{"allow":["GET"]}}],"collection":[{"href":"https:\/\/catolicanet.net\/wp-cnet\/wp-json\/wp\/v2\/posts"}],"about":[{"href":"https:\/\/catolicanet.net\/wp-cnet\/wp-json\/wp\/v2\/types\/post"}],"author":[{"embeddable":true,"href":"https:\/\/catolicanet.net\/wp-cnet\/wp-json\/wp\/v2\/users\/1"}],"replies":[{"embeddable":true,"href":"https:\/\/catolicanet.net\/wp-cnet\/wp-json\/wp\/v2\/comments?post=64431"}],"version-history":[{"count":1,"href":"https:\/\/catolicanet.net\/wp-cnet\/wp-json\/wp\/v2\/posts\/64431\/revisions"}],"predecessor-version":[{"id":64433,"href":"https:\/\/catolicanet.net\/wp-cnet\/wp-json\/wp\/v2\/posts\/64431\/revisions\/64433"}],"wp:featuredmedia":[{"embeddable":true,"href":"https:\/\/catolicanet.net\/wp-cnet\/wp-json\/wp\/v2\/media\/64432"}],"wp:attachment":[{"href":"https:\/\/catolicanet.net\/wp-cnet\/wp-json\/wp\/v2\/media?parent=64431"}],"wp:term":[{"taxonomy":"category","embeddable":true,"href":"https:\/\/catolicanet.net\/wp-cnet\/wp-json\/wp\/v2\/categories?post=64431"},{"taxonomy":"post_tag","embeddable":true,"href":"https:\/\/catolicanet.net\/wp-cnet\/wp-json\/wp\/v2\/tags?post=64431"}],"curies":[{"name":"wp","href":"https:\/\/api.w.org\/{rel}","templated":true}]}}