{"id":64425,"date":"2020-11-16T09:39:47","date_gmt":"2020-11-16T12:39:47","guid":{"rendered":"https:\/\/catolicanet.net\/wp-cnet\/?p=64425"},"modified":"2020-11-16T11:41:11","modified_gmt":"2020-11-16T14:41:11","slug":"cardeal-odilo-scherer-neste-momento-do-ano-todos-nos-somos-chamados-a-apoiar-a-evangelizacao-com-um-gesto-concreto","status":"publish","type":"post","link":"https:\/\/catolicanet.net\/wp-cnet\/cardeal-odilo-scherer-neste-momento-do-ano-todos-nos-somos-chamados-a-apoiar-a-evangelizacao-com-um-gesto-concreto\/","title":{"rendered":"CARDEAL ODILO SCHERER: \u201cNESTE MOMENTO DO ANO TODOS N\u00d3S SOMOS CHAMADOS A APOIAR A EVANGELIZA\u00c7\u00c3O COM UM GESTO CONCRETO\u201d"},"content":{"rendered":"<p style=\"text-align: justify;\">O arcebispo de S\u00e3o Paulo, cardeal Odilo Scherer, gravou um depoimento em apoio \u00e0 campanha\u00a0<strong>\u201c\u00c9 Tempo de Cuidar da Evangeliza\u00e7\u00e3o\u201d<\/strong>\u00a0realizada pela Igreja no Brasil em todo o m\u00eas de novembro, tendo como ponto alto e gesto concreto, a Coleta do Bem, nos dias 21 e 22 de novembro, na solenidade de Cristo Rei. De acordo com o cardeal, a campanha \u00e9 um grande mutir\u00e3o para promover a sustentabilidade da Igreja no Brasil.<\/p>\n<blockquote><p>\u201cNeste momento do ano todos n\u00f3s somos chamados a apoiar a evangeliza\u00e7\u00e3o com um gesto concreto. Para que ela possa ser realizada em todos os lugares, em todas as nossas dioceses, mas tamb\u00e9m naqueles lugares onde \u00e9 mais necess\u00e1rio apoiar a evangeliza\u00e7\u00e3o\u201d, disse dom Odilo.<\/p><\/blockquote>\n<p style=\"text-align: justify;\">At\u00e9 o pr\u00f3ximo dia 22, a campanha vai divulgar depoimento de bispos brasileiros, padres, religiosos, religiosas e leigos da Igreja no Brasil demonstrando seu apoio \u00e0 campanha e tamb\u00e9m se somando \u00e0 esta mobiliza\u00e7\u00e3o em favor das a\u00e7\u00f5es solid\u00e1rias e de evangeliza\u00e7\u00e3o da Igreja no Brasil e da oferta dos crist\u00e3os \u00e0 Coleta do Bem.<\/p>\n<p style=\"text-align: justify;\">Desde o dia 3 de novembro, a Confer\u00eancia Nacional dos Bispos do Brasil (CNBB) lan\u00e7ou a campanha: \u00c9 Tempo de Cuidar da Evangeliza\u00e7\u00e3o 2020, uma campanha da Igreja no Brasil. O per\u00edodo de realiza\u00e7\u00e3o ser\u00e1 em todo o m\u00eas de novembro, tendo na solenidade de Cristo Rei, dia 22, seu momento forte com a realiza\u00e7\u00e3o do grande gesto concreto: a Coleta do Bem. O lema da campanha \u00e9: \u201cSomos Igreja: cuidamos da vida, cuidamos do an\u00fancio da Palavra e cuidamos dos pobres\u201d. A campanha \u00e9 motivada pelo vers\u00edculo b\u00edblico: \u201cConheceis a generosidade de Cristo.\u201d (2 Cor 8,9).<\/p>\n<h3 style=\"text-align: justify;\">Como e onde se manter informado sobre a campanha:<\/h3>\n<p style=\"text-align: justify;\"><img loading=\"lazy\" decoding=\"async\" class=\"size-medium wp-image-254760 alignright lazyloaded\" src=\"https:\/\/eadn-wc02-718006.nxedge.io\/cdn\/wp-content\/uploads\/2020\/11\/Logo-%C3%89-Tempo-de-Cuidar-da-Evangeliza%C3%A7%C3%A3o-300x169.jpg\" sizes=\"auto, (max-width: 300px) 100vw, 300px\" srcset=\"https:\/\/eadn-wc02-718006.nxedge.io\/cdn\/wp-content\/uploads\/2020\/11\/Logo-\u00c9-Tempo-de-Cuidar-da-Evangeliza\u00e7\u00e3o-300x169.jpg 300w, https:\/\/eadn-wc02-718006.nxedge.io\/cdn\/wp-content\/uploads\/2020\/11\/Logo-\u00c9-Tempo-de-Cuidar-da-Evangeliza\u00e7\u00e3o-1024x576.jpg 1024w, https:\/\/eadn-wc02-718006.nxedge.io\/cdn\/wp-content\/uploads\/2020\/11\/Logo-\u00c9-Tempo-de-Cuidar-da-Evangeliza\u00e7\u00e3o-768x432.jpg 768w, https:\/\/eadn-wc02-718006.nxedge.io\/cdn\/wp-content\/uploads\/2020\/11\/Logo-\u00c9-Tempo-de-Cuidar-da-Evangeliza\u00e7\u00e3o-500x281.jpg 500w, https:\/\/eadn-wc02-718006.nxedge.io\/cdn\/wp-content\/uploads\/2020\/11\/Logo-\u00c9-Tempo-de-Cuidar-da-Evangeliza\u00e7\u00e3o.jpg 1280w\" alt=\"\" width=\"300\" height=\"169\" data-srcset=\"https:\/\/eadn-wc02-718006.nxedge.io\/cdn\/wp-content\/uploads\/2020\/11\/Logo-\u00c9-Tempo-de-Cuidar-da-Evangeliza\u00e7\u00e3o-300x169.jpg 300w, https:\/\/eadn-wc02-718006.nxedge.io\/cdn\/wp-content\/uploads\/2020\/11\/Logo-\u00c9-Tempo-de-Cuidar-da-Evangeliza\u00e7\u00e3o-1024x576.jpg 1024w, https:\/\/eadn-wc02-718006.nxedge.io\/cdn\/wp-content\/uploads\/2020\/11\/Logo-\u00c9-Tempo-de-Cuidar-da-Evangeliza\u00e7\u00e3o-768x432.jpg 768w, https:\/\/eadn-wc02-718006.nxedge.io\/cdn\/wp-content\/uploads\/2020\/11\/Logo-\u00c9-Tempo-de-Cuidar-da-Evangeliza\u00e7\u00e3o-500x281.jpg 500w, https:\/\/eadn-wc02-718006.nxedge.io\/cdn\/wp-content\/uploads\/2020\/11\/Logo-\u00c9-Tempo-de-Cuidar-da-Evangeliza\u00e7\u00e3o.jpg 1280w\" data-src=\"https:\/\/eadn-wc02-718006.nxedge.io\/cdn\/wp-content\/uploads\/2020\/11\/Logo-\u00c9-Tempo-de-Cuidar-da-Evangeliza\u00e7\u00e3o-300x169.jpg\" data-sizes=\"(max-width: 300px) 100vw, 300px\" \/>Para informar-se sobre as a\u00e7\u00f5es e produtos da campanha\u00a0<strong>\u00c9 Tempo de Cuidar da Evangeliza\u00e7\u00e3o<\/strong>\u00a0\u00e9 necess\u00e1rio acessar o site\u00a0<a href=\"https:\/\/campanhas.cnbb.org.br\/campanha\/campanha-para-a-evangelizacao-2020\">campanhas.cnbb.org.br<\/a>. Nesta p\u00e1gina, a campanha vai disponibilizar, semanalmente, v\u00eddeos e cards para redes sociais, VTs para as tvs de inspira\u00e7\u00e3o cat\u00f3lica do Brasil e spots e podcasts para a Rede Cat\u00f3lica de R\u00e1dios (RCR).<\/p>\n<h3 style=\"text-align: justify;\">Formas de doa\u00e7\u00e3o<\/h3>\n<p style=\"text-align: justify;\">Quem desejar doar \u00e0 Coleta do Bem poder\u00e1 faz\u00ea-lo de duas maneiras. Por meio da oferta nas missas e celebra\u00e7\u00f5es realizadas durante os dias 21 e 22 de novembro, quando a Igreja celebra a Solenidade de Cristo Rei. A doa\u00e7\u00e3o tamb\u00e9m poder\u00e1 ser feita de forma simplificada e digital, por meio do site\u00a0<a href=\"https:\/\/doe.cnbb.org.br\/\">doe.cnbb.org.br<\/a>. Caso achem mais simples, os fieis tamb\u00e9m poder\u00e3o fazer a sua oferta por meio de dep\u00f3sito banc\u00e1rio: Banco Bradesco \u2013 Ag\u00eancia n\u00ba 0484-7 \u2013 Conta Corrente n\u00ba 4188-2, favorecido Confer\u00eancia Nacional dos Bispos do Brasil \u2013 CNPJ 33.685.686\/0001-50.<\/p>\n<p style=\"text-align: justify;\"><strong>Depoimento de dom Odilo Scherer:<\/strong><\/p>\n<div class=\"ast-oembed-container\">\n<div>\n<div>\n<p><iframe loading=\"lazy\" title=\"\u00c9 tempo de Cuidar da Evangeliza\u00e7\u00e3o: Depoimento de Dom Odilo - Arcebispo de S\u00e3o Paulo\" width=\"696\" height=\"392\" src=\"https:\/\/www.youtube.com\/embed\/8xN-wjn8tJQ?feature=oembed\" frameborder=\"0\" allow=\"accelerometer; autoplay; clipboard-write; encrypted-media; gyroscope; picture-in-picture\" allowfullscreen><\/iframe><\/p>\n<\/div>\n<\/div>\n<\/div>\n","protected":false},"excerpt":{"rendered":"<p>O arcebispo de S\u00e3o Paulo, cardeal Odilo Scherer, gravou um depoimento em apoio \u00e0 campanha\u00a0\u201c\u00c9 Tempo de Cuidar da Evangeliza\u00e7\u00e3o\u201d\u00a0realizada pela Igreja no Brasil em todo o m\u00eas de novembro, tendo como ponto alto e gesto concreto, a Coleta do Bem, nos dias 21 e 22 de novembro, na solenidade de Cristo Rei. De acordo [&hellip;]<\/p>\n","protected":false},"author":1,"featured_media":64426,"comment_status":"open","ping_status":"closed","sticky":false,"template":"","format":"standard","meta":{"footnotes":""},"categories":[3],"tags":[],"class_list":["post-64425","post","type-post","status-publish","format-standard","has-post-thumbnail","hentry","category-vaticano"],"_links":{"self":[{"href":"https:\/\/catolicanet.net\/wp-cnet\/wp-json\/wp\/v2\/posts\/64425","targetHints":{"allow":["GET"]}}],"collection":[{"href":"https:\/\/catolicanet.net\/wp-cnet\/wp-json\/wp\/v2\/posts"}],"about":[{"href":"https:\/\/catolicanet.net\/wp-cnet\/wp-json\/wp\/v2\/types\/post"}],"author":[{"embeddable":true,"href":"https:\/\/catolicanet.net\/wp-cnet\/wp-json\/wp\/v2\/users\/1"}],"replies":[{"embeddable":true,"href":"https:\/\/catolicanet.net\/wp-cnet\/wp-json\/wp\/v2\/comments?post=64425"}],"version-history":[{"count":1,"href":"https:\/\/catolicanet.net\/wp-cnet\/wp-json\/wp\/v2\/posts\/64425\/revisions"}],"predecessor-version":[{"id":64427,"href":"https:\/\/catolicanet.net\/wp-cnet\/wp-json\/wp\/v2\/posts\/64425\/revisions\/64427"}],"wp:featuredmedia":[{"embeddable":true,"href":"https:\/\/catolicanet.net\/wp-cnet\/wp-json\/wp\/v2\/media\/64426"}],"wp:attachment":[{"href":"https:\/\/catolicanet.net\/wp-cnet\/wp-json\/wp\/v2\/media?parent=64425"}],"wp:term":[{"taxonomy":"category","embeddable":true,"href":"https:\/\/catolicanet.net\/wp-cnet\/wp-json\/wp\/v2\/categories?post=64425"},{"taxonomy":"post_tag","embeddable":true,"href":"https:\/\/catolicanet.net\/wp-cnet\/wp-json\/wp\/v2\/tags?post=64425"}],"curies":[{"name":"wp","href":"https:\/\/api.w.org\/{rel}","templated":true}]}}