{"id":6442,"date":"2015-08-18T17:53:09","date_gmt":"2015-08-18T20:53:09","guid":{"rendered":"http:\/\/catolicanet.net\/wp-cnet\/virgem-de-fatima-visitara-siria-para-levar-esperanca-aos-cristaos-perseguidos-pelo-isis\/"},"modified":"2017-04-11T10:51:16","modified_gmt":"2017-04-11T13:51:16","slug":"virgem-de-fatima-visitara-siria-para-levar-esperanca-aos-cristaos-perseguidos-pelo-isis","status":"publish","type":"post","link":"https:\/\/catolicanet.net\/wp-cnet\/virgem-de-fatima-visitara-siria-para-levar-esperanca-aos-cristaos-perseguidos-pelo-isis\/","title":{"rendered":"Virgem de F\u00e1tima visitar\u00e1 S\u00edria para levar esperan\u00e7a aos crist\u00e3os perseguidos pelo ISIS"},"content":{"rendered":"<p style=\"text-align: justify;\"><img decoding=\"async\" src=\"http:\/\/catolicanet.com.br\/images\/stories\/00virgendefatima.jpg\" border=\"0\" align=\"left\" \/>A imagem peregrina da Virgem da F\u00e1tima visitar\u00e1 Damasco (S\u00edria), no pr\u00f3ximo dia 7 de setembro em resposta ao chamado dos bispos do Oriente M\u00e9dio \u201ce inclusive da \u00c1sia, que est\u00e3o sendo testemunhas do exterm\u00ednio dos crist\u00e3os\u201d nas m\u00e3os de extremistas mu\u00e7ulmanos como o Estado Isl\u00e2mico (ISIS) ante a indiferen\u00e7a da comunidade internacional.<\/p>\n<p>O an\u00fancio foi divulgado na \u00faltima sexta-feira pelo Bispo de Leiria-F\u00e1tima (Portugal), Ant\u00f4nio Marto. O Prelado disse que esta \u00e9 uma maneira de lutar contra o \u201cfanatismo e a intoler\u00e2ncia\u201d que padecem os fi\u00e9is.<\/p>\n<p>O Bispo portugu\u00eas recordou o chamado do Papa Francisco para frear a persegui\u00e7\u00e3o dos crist\u00e3os no Iraque e na S\u00edria provocado pelo Estado Isl\u00e2mico, grupo fundamentalista que teve originado pelo Al Qaeda. Devemos dar uma \u201caten\u00e7\u00e3o especial aos crist\u00e3os perseguidos por causa da intoler\u00e2ncia e o fanatismo fundamentalistas\u201d, indicou.<\/p>\n<p>S\u00edria est\u00e1 passando por \u201cum drama pelo qual chora e clama ao c\u00e9u por uma solidariedade urgente, efetiva e eficaz \u00e0 n\u00edvel internacional\u201d, por parte da ONU e da Uni\u00e3o Europeia, assinalou.<\/p>\n<p>Segundo o Observat\u00f3rio S\u00edrio para os Direitos humanos, desde o in\u00edcio desta cruel guerra civil, em mar\u00e7o de 2011, ocorreram 220 mil mortes. Entretanto, indicou que esta cifra poderia ser maior e inclusive poderia chegar aos 310 mil falecidos, pois existem dezenas de milhares de pessoas desaparecidas.<\/p>\n<p>O \u00faltimo acontecimento de crueldade ocorreu neste domingo, quando avi\u00f5es do governo s\u00edrio atacaram um mercado localizado em Duma, perto da cidade de Damasco, considerado um dos redutos dos grupos rebeldes. O bombardeio provocou a morte de aproximadamente cem pessoas e dezenas ficaram feridas.<\/p>\n<p>Do mesmo modo, o Bispo caldeu de Aleppo, Dom Antoine Audo, denunciou que h\u00e1 14 dias a popula\u00e7\u00e3o sofre com a falta de \u00e1gua.<\/p>\n<p>\u201cA situa\u00e7\u00e3o \u00e9 terr\u00edvel. Me disseram que ontem come\u00e7aram a ter um pouco de \u00e1gua, mas brevemente ocorrer\u00e1 o mesmo problema: os jihadistas atacam os po\u00e7os de \u00e1gua para levar as pessoas ao desespero. Al\u00e9m disso, permanece por toda a regi\u00e3o a situa\u00e7\u00e3o de inseguran\u00e7a. Acredito que esta seja uma estrat\u00e9gia: n\u00e3o querem uma solu\u00e7\u00e3o pol\u00edtica\u201d, assinalou \u00e0 R\u00e1dio Vaticano.<\/p>\n<p style=\"text-align: justify;\">Fonte: Acidigital<\/p>\n","protected":false},"excerpt":{"rendered":"<p>A imagem peregrina da Virgem da F\u00e1tima visitar\u00e1 Damasco (S\u00edria), no pr\u00f3ximo dia 7 de setembro em resposta ao chamado dos bispos do Oriente M\u00e9dio \u201ce inclusive da \u00c1sia, que est\u00e3o sendo testemunhas do exterm\u00ednio dos crist\u00e3os\u201d nas m\u00e3os de extremistas mu\u00e7ulmanos como o Estado Isl\u00e2mico (ISIS) ante a indiferen\u00e7a da comunidade internacional. O an\u00fancio [&hellip;]<\/p>\n","protected":false},"author":1,"featured_media":0,"comment_status":"closed","ping_status":"closed","sticky":false,"template":"","format":"standard","meta":{"footnotes":""},"categories":[4],"tags":[],"class_list":["post-6442","post","type-post","status-publish","format-standard","hentry","category-cotidiano"],"_links":{"self":[{"href":"https:\/\/catolicanet.net\/wp-cnet\/wp-json\/wp\/v2\/posts\/6442","targetHints":{"allow":["GET"]}}],"collection":[{"href":"https:\/\/catolicanet.net\/wp-cnet\/wp-json\/wp\/v2\/posts"}],"about":[{"href":"https:\/\/catolicanet.net\/wp-cnet\/wp-json\/wp\/v2\/types\/post"}],"author":[{"embeddable":true,"href":"https:\/\/catolicanet.net\/wp-cnet\/wp-json\/wp\/v2\/users\/1"}],"replies":[{"embeddable":true,"href":"https:\/\/catolicanet.net\/wp-cnet\/wp-json\/wp\/v2\/comments?post=6442"}],"version-history":[{"count":1,"href":"https:\/\/catolicanet.net\/wp-cnet\/wp-json\/wp\/v2\/posts\/6442\/revisions"}],"predecessor-version":[{"id":11255,"href":"https:\/\/catolicanet.net\/wp-cnet\/wp-json\/wp\/v2\/posts\/6442\/revisions\/11255"}],"wp:attachment":[{"href":"https:\/\/catolicanet.net\/wp-cnet\/wp-json\/wp\/v2\/media?parent=6442"}],"wp:term":[{"taxonomy":"category","embeddable":true,"href":"https:\/\/catolicanet.net\/wp-cnet\/wp-json\/wp\/v2\/categories?post=6442"},{"taxonomy":"post_tag","embeddable":true,"href":"https:\/\/catolicanet.net\/wp-cnet\/wp-json\/wp\/v2\/tags?post=6442"}],"curies":[{"name":"wp","href":"https:\/\/api.w.org\/{rel}","templated":true}]}}