{"id":64380,"date":"2020-11-13T09:56:01","date_gmt":"2020-11-13T12:56:01","guid":{"rendered":"https:\/\/catolicanet.net\/wp-cnet\/?p=64380"},"modified":"2020-11-13T12:57:15","modified_gmt":"2020-11-13T15:57:15","slug":"pe-maccalli-apos-sequestro-todo-cristao-tem-sua-cruz-mas-toda-cruz-tem-sua-pascoa","status":"publish","type":"post","link":"https:\/\/catolicanet.net\/wp-cnet\/pe-maccalli-apos-sequestro-todo-cristao-tem-sua-cruz-mas-toda-cruz-tem-sua-pascoa\/","title":{"rendered":"Pe. Maccalli ap\u00f3s sequestro: &#8220;Todo crist\u00e3o tem sua cruz, mas toda cruz tem sua P\u00e1scoa&#8221;"},"content":{"rendered":"<div id=\"main_image_wrapper\" class=\"main_image_wrapper\">\n<div id=\"main_image_container\" class=\"main_image_container\">\n<div class=\"main_caption\" style=\"text-align: justify;\">Pe. Pier Luigi Maccalli em uma imagem de arquivo antes de seu sequestro. Foto: Sociedade de Miss\u00f5es Africanas<\/div>\n<\/div>\n<\/div>\n<div style=\"text-align: justify;\"><\/div>\n<div>\n<p style=\"text-align: justify;\">Pe. Luigi Maccalli, mission\u00e1rio da Sociedade para as Miss\u00f5es Africanas, sequestrado durante 2 anos no N\u00edger e libertado no dia 8 de outubro, deu uma entrevista \u00e0 R\u00e1dio Vaticano It\u00e1lia que foi divulgada pelo Vatican News.<\/p>\n<p style=\"text-align: justify;\">Segundo explicou, seus sequestradores n\u00e3o foram violentos com ele. \u201cPelo contr\u00e1rio, sempre me respeitaram. Nunca recebi gestos de puni\u00e7\u00e3o. Permitiram-me usar um pequeno r\u00e1dio com o qual pude ouvir a R\u00e1dio Vaticano em ondas curtas justamente no dia de\u00a0Pentecostes: era a\u00a0Missa\u00a0celebrada pelo Papa Francisco. Uma grande alegria num momento duro, de profunda tristeza\u201d, assegurou.<\/p>\n<p style=\"text-align: justify;\">Apesar de n\u00e3o ter sofrido ataques f\u00edsicos e ao chegar \u00e0 It\u00e1lia ter passado por v\u00e1rios exames m\u00e9dicos que mostraram que estava tudo bem, o Pe. Maccalli assegurou que \u201ca ferida que est\u00e1 no meu cora\u00e7\u00e3o \u00e9 invis\u00edvel aos olhos. Tudo isto, por\u00e9m, \u00e9 transfigurado pela f\u00e9. Cada crist\u00e3o tem sua cruz para carregar, mas toda cruz tem a sua P\u00e1scoa: sempre se ressuscita\u201d.<\/p>\n<p style=\"text-align: justify;\">Durante a entrevista, Pe. Maccalli tamb\u00e9m explicou emocionado como durante todo o seu confinamento nunca quis deixar de ser mission\u00e1rio: \u201cNaqueles momentos, dizia a mim mesmo: os meus p\u00e9s n\u00e3o podem caminhar, mas o meu cora\u00e7\u00e3o n\u00e3o est\u00e1 acorrentado, o Evangelho n\u00e3o est\u00e1 acorrentado. O que posso fazer o fa\u00e7o com a ora\u00e7\u00e3o, apoiando tamb\u00e9m os outros mission\u00e1rios que levam a Palavra de Deus \u00e0 \u00c1frica e ao mundo. Minha condi\u00e7\u00e3o de mission\u00e1rio foi apoiar com a ora\u00e7\u00e3o todas as periferias do mundo\u201d.<\/p>\n<p style=\"text-align: justify;\"><em>Publicado originalmente em\u00a0<a href=\"https:\/\/www.aciprensa.com\/noticias\/p-maccalli-tras-secuestro-cada-cristiano-tiene-su-cruz-pero-cada-cruz-tiene-su-pascua-76807\">ACI Prensa.<\/a>\u00a0Traduzido e adaptado por Nath\u00e1lia Queiroz.<\/em><\/p>\n<\/div>\n<div class=\"custom_images\"><\/div>\n","protected":false},"excerpt":{"rendered":"<p>Pe. Pier Luigi Maccalli em uma imagem de arquivo antes de seu sequestro. Foto: Sociedade de Miss\u00f5es Africanas Pe. Luigi Maccalli, mission\u00e1rio da Sociedade para as Miss\u00f5es Africanas, sequestrado durante 2 anos no N\u00edger e libertado no dia 8 de outubro, deu uma entrevista \u00e0 R\u00e1dio Vaticano It\u00e1lia que foi divulgada pelo Vatican News. Segundo [&hellip;]<\/p>\n","protected":false},"author":1,"featured_media":64381,"comment_status":"open","ping_status":"closed","sticky":false,"template":"","format":"standard","meta":{"footnotes":""},"categories":[4],"tags":[],"class_list":["post-64380","post","type-post","status-publish","format-standard","has-post-thumbnail","hentry","category-cotidiano"],"_links":{"self":[{"href":"https:\/\/catolicanet.net\/wp-cnet\/wp-json\/wp\/v2\/posts\/64380","targetHints":{"allow":["GET"]}}],"collection":[{"href":"https:\/\/catolicanet.net\/wp-cnet\/wp-json\/wp\/v2\/posts"}],"about":[{"href":"https:\/\/catolicanet.net\/wp-cnet\/wp-json\/wp\/v2\/types\/post"}],"author":[{"embeddable":true,"href":"https:\/\/catolicanet.net\/wp-cnet\/wp-json\/wp\/v2\/users\/1"}],"replies":[{"embeddable":true,"href":"https:\/\/catolicanet.net\/wp-cnet\/wp-json\/wp\/v2\/comments?post=64380"}],"version-history":[{"count":1,"href":"https:\/\/catolicanet.net\/wp-cnet\/wp-json\/wp\/v2\/posts\/64380\/revisions"}],"predecessor-version":[{"id":64382,"href":"https:\/\/catolicanet.net\/wp-cnet\/wp-json\/wp\/v2\/posts\/64380\/revisions\/64382"}],"wp:featuredmedia":[{"embeddable":true,"href":"https:\/\/catolicanet.net\/wp-cnet\/wp-json\/wp\/v2\/media\/64381"}],"wp:attachment":[{"href":"https:\/\/catolicanet.net\/wp-cnet\/wp-json\/wp\/v2\/media?parent=64380"}],"wp:term":[{"taxonomy":"category","embeddable":true,"href":"https:\/\/catolicanet.net\/wp-cnet\/wp-json\/wp\/v2\/categories?post=64380"},{"taxonomy":"post_tag","embeddable":true,"href":"https:\/\/catolicanet.net\/wp-cnet\/wp-json\/wp\/v2\/tags?post=64380"}],"curies":[{"name":"wp","href":"https:\/\/api.w.org\/{rel}","templated":true}]}}