{"id":64377,"date":"2020-11-13T09:53:39","date_gmt":"2020-11-13T12:53:39","guid":{"rendered":"https:\/\/catolicanet.net\/wp-cnet\/?p=64377"},"modified":"2020-11-13T12:55:24","modified_gmt":"2020-11-13T15:55:24","slug":"organizacao-da-jmj-2023-desafia-jovens-portugueses-a-dois-dias-de-missao","status":"publish","type":"post","link":"https:\/\/catolicanet.net\/wp-cnet\/organizacao-da-jmj-2023-desafia-jovens-portugueses-a-dois-dias-de-missao\/","title":{"rendered":"Organiza\u00e7\u00e3o da JMJ 2023 desafia jovens portugueses a dois dias de miss\u00e3o"},"content":{"rendered":"<p style=\"text-align: justify;\">O Comit\u00ea Organizador Local (COL) da Jornada Mundial da Juventude (JMJ) Lisboa 2023 lan\u00e7ou um desafia aos jovens portugueses para que realizem dois dias de miss\u00e3o e, assim, realizem \u201cum grande movimento nacional que pretende levar esperan\u00e7a e alegria a todo o Pa\u00eds\u201d.<\/p>\n<p style=\"text-align: justify;\">A data proposta para a realiza\u00e7\u00e3o deste desafio \u00e9 nos dias 28 e 29 de novembro, exatamente no fim de semana em que tem in\u00edcio o\u00a0<a href=\"http:\/\/www.acidigital.com\/fiestas\/advento\/index.html\">Advento<\/a>, tempo de prepara\u00e7\u00e3o para o\u00a0<a href=\"http:\/\/www.acidigital.com\/fiestas\/navidad\/index.html\">Natal<\/a>.<\/p>\n<p style=\"text-align: justify;\">\u201cDesafiamos cada jovem a fazer miss\u00e3o onde quer que esteja, dando assim express\u00e3o ao tema proposto pelo Papa Francisco para a JMJ Lisboa 2023\u201d, isto \u00e9, \u201cMaria levantou-se e partiu apressadamente\u201d (Lc 1, 39).<\/p>\n<p style=\"text-align: justify;\">Diante do atual contexto da pandemia de Covid-19, a organiza\u00e7\u00e3o da JMJ apresenta algumas propostas para a concretiza\u00e7\u00e3o dessa miss\u00e3o, como por exemplo, telefonar para \u201calgu\u00e9m que est\u00e1 sozinho\u201d, marcar \u201cuma conversa digital com um familiar mais distante\u201d, ajudar \u201cuma fam\u00edlia em dificuldades, \u201ccolaborar \u201ccom uma institui\u00e7\u00e3o de solidariedade local\u201d, realizar \u201cuma tarefa na tua par\u00f3quia\u201d.<\/p>\n<p style=\"text-align: justify;\">\u201cAs possibilidades s\u00e3o in\u00fameras: convidamos-te a que, olhando para a realidade em que vives, fa\u00e7as a\u00ed diferen\u00e7a. Em qualquer caso, cumpre todas as medidas de seguran\u00e7a e distanciamento social\u201d, indica o COL, lembrando que \u201c\u00e9 fundamental que a miss\u00e3o seja realizada individualmente ou em grupos muito pequenos\u201d.<\/p>\n<p style=\"text-align: justify;\">Al\u00e9m disso, a fim de \u201cdar visibilidade a este grande movimento de esperan\u00e7a\u201d, o COL convida os jovens a usarem a camisa da JMJ Lisboa 2023.<\/p>\n<p style=\"text-align: justify;\">Por fim, pede que fotografias das miss\u00f5es realizadas sejam enviadas atrav\u00e9s das redes sociais (<a href=\"https:\/\/www.facebook.com\/jornadamundialdajuventude\">Facebook<\/a>\u00a0e\u00a0<a href=\"https:\/\/www.instagram.com\/lisboa2023_pt\/\">Instagram<\/a>), WhatsApp (+351 912 593 144) ou e-mail (<a href=\"mailto:comunicacao@lisboa2023.org\" target=\"_blank\" rel=\"noopener noreferrer\">comunicacao@lisboa2023.org<\/a>), para serem compartilhadas depois.<\/p>\n","protected":false},"excerpt":{"rendered":"<p>O Comit\u00ea Organizador Local (COL) da Jornada Mundial da Juventude (JMJ) Lisboa 2023 lan\u00e7ou um desafia aos jovens portugueses para que realizem dois dias de miss\u00e3o e, assim, realizem \u201cum grande movimento nacional que pretende levar esperan\u00e7a e alegria a todo o Pa\u00eds\u201d. A data proposta para a realiza\u00e7\u00e3o deste desafio \u00e9 nos dias 28 [&hellip;]<\/p>\n","protected":false},"author":1,"featured_media":64378,"comment_status":"open","ping_status":"closed","sticky":false,"template":"","format":"standard","meta":{"footnotes":""},"categories":[4],"tags":[],"class_list":["post-64377","post","type-post","status-publish","format-standard","has-post-thumbnail","hentry","category-cotidiano"],"_links":{"self":[{"href":"https:\/\/catolicanet.net\/wp-cnet\/wp-json\/wp\/v2\/posts\/64377","targetHints":{"allow":["GET"]}}],"collection":[{"href":"https:\/\/catolicanet.net\/wp-cnet\/wp-json\/wp\/v2\/posts"}],"about":[{"href":"https:\/\/catolicanet.net\/wp-cnet\/wp-json\/wp\/v2\/types\/post"}],"author":[{"embeddable":true,"href":"https:\/\/catolicanet.net\/wp-cnet\/wp-json\/wp\/v2\/users\/1"}],"replies":[{"embeddable":true,"href":"https:\/\/catolicanet.net\/wp-cnet\/wp-json\/wp\/v2\/comments?post=64377"}],"version-history":[{"count":1,"href":"https:\/\/catolicanet.net\/wp-cnet\/wp-json\/wp\/v2\/posts\/64377\/revisions"}],"predecessor-version":[{"id":64379,"href":"https:\/\/catolicanet.net\/wp-cnet\/wp-json\/wp\/v2\/posts\/64377\/revisions\/64379"}],"wp:featuredmedia":[{"embeddable":true,"href":"https:\/\/catolicanet.net\/wp-cnet\/wp-json\/wp\/v2\/media\/64378"}],"wp:attachment":[{"href":"https:\/\/catolicanet.net\/wp-cnet\/wp-json\/wp\/v2\/media?parent=64377"}],"wp:term":[{"taxonomy":"category","embeddable":true,"href":"https:\/\/catolicanet.net\/wp-cnet\/wp-json\/wp\/v2\/categories?post=64377"},{"taxonomy":"post_tag","embeddable":true,"href":"https:\/\/catolicanet.net\/wp-cnet\/wp-json\/wp\/v2\/tags?post=64377"}],"curies":[{"name":"wp","href":"https:\/\/api.w.org\/{rel}","templated":true}]}}