{"id":64352,"date":"2020-11-13T10:09:16","date_gmt":"2020-11-13T13:09:16","guid":{"rendered":"https:\/\/catolicanet.net\/wp-cnet\/?p=64352"},"modified":"2020-11-13T12:10:29","modified_gmt":"2020-11-13T15:10:29","slug":"nomeacao-pe-alexandre-awi-e-conselheiro-da-pontificia-comissao-para-a-america-latina","status":"publish","type":"post","link":"https:\/\/catolicanet.net\/wp-cnet\/nomeacao-pe-alexandre-awi-e-conselheiro-da-pontificia-comissao-para-a-america-latina\/","title":{"rendered":"Nomea\u00e7\u00e3o: Pe. Alexandre Awi \u00e9 conselheiro da Pontif\u00edcia Comiss\u00e3o para a Am\u00e9rica Latina"},"content":{"rendered":"<figure class=\"article__image\" style=\"text-align: justify;\"><span class=\"didascalia_img\">O Pe. Alexandre Awi Mello, secret\u00e1rio do Dicast\u00e9rio para os Leigos, a Fam\u00edlia e a Vida\u00a0<\/span><\/figure>\n<div class=\"article__meta\">\n<div class=\"article__subTitle\" style=\"text-align: justify;\">A Sala de Imprensa da Santa S\u00e9 divulgou a nomea\u00e7\u00e3o do Papa Francisco em comunicado desta sexta-feira (13). O Padre Alexandre Awi Mello, secret\u00e1rio do Dicast\u00e9rio para os Leigos, a Fam\u00edlia e a Vida, \u00e9 o mais novo Conselheiro da Pontif\u00edcia Comiss\u00e3o para a Am\u00e9rica Latina (CAL).<\/div>\n<div class=\"title__separator\" style=\"text-align: justify;\"><\/div>\n<div class=\"article__text \">\n<p style=\"text-align: justify;\"><b>Andressa Collet &#8211; Vatican News<\/b><\/p>\n<p style=\"text-align: justify;\">Nesta sexta-feira (13), o Papa Francisco nomeou o\u00a0<b>Padre Alexandre Awi Mello<\/b>, do Movimento de Schoenstatt e atual\u00a0<b>secret\u00e1rio do Dicast\u00e9rio para os Leigos, a Fam\u00edlia e a Vid<\/b>a, como\u00a0<b>conselheiro da\u00a0<a href=\"http:\/\/www.americalatina.va\/content\/americalatina\/es.html\" target=\"_blank\" rel=\"external noopener noreferrer\">Pontif\u00edcia Comiss\u00e3o para a Am\u00e9rica Latina (CAL)<\/a><\/b>. O organismo da C\u00faria Romana, institu\u00eddo em 1958, tem a tarefa de estudar sobre as principais quest\u00f5es da vida cat\u00f3lica, da defesa da f\u00e9 e do incremento da religi\u00e3o na Am\u00e9rica Latina.<\/p>\n<h2 style=\"text-align: justify;\">O encontro com a pastoral juvenil da Am\u00e9rica<\/h2>\n<p style=\"text-align: justify;\">O Pe. Alexandre tem entrado em contato direto com o contexto pastoral vivido pela Igreja na Am\u00e9rica. No final de outubro, por exemplo, ele participou de um encontro virtual promovido pela pastoral juvenil do M\u00e9xico e de Honduras com o tema:\u00a0<a href=\"http:\/\/www.laityfamilylife.va\/content\/laityfamilylife\/pt\/news\/2020\/non-siamo-soli--camminiamo-insieme.html\" target=\"_blank\" rel=\"external noopener noreferrer\">\u201cN\u00e3o estamos sozinhos, caminhamos juntos\u201d<\/a><i>.\u00a0<\/i>Na mensagem, segundo refere o site do Dicast\u00e9rio para os Leigos, a Fam\u00edlia e a Vida, o brasileiro apresentou um modelo de acompanhamento espiritual v\u00e1lido tamb\u00e9m em tempos de pandemia j\u00e1 que grande parte dos jovens que vivem na Am\u00e9rica Latina e Central est\u00e3o com atividades religiosas, culturais e esportivas suspensas como medida de preven\u00e7\u00e3o \u00e0 Covid-19.<\/p>\n<p style=\"text-align: justify;\">O desafio, afirmou o secret\u00e1rio, \u00e9 continuar a conhecer e a se relacionar com os jovens, mesmo em modalidade on-line, para despertar e acompanhar processos de mudan\u00e7a e crescimento. O modelo \u00e9 o dos disc\u00edpulos de\u00a0Ema\u00fas que \u201ccaminham junto com Jesus, que os leva a reconhec\u00ea-lo sem for\u00e7\u00e1-los\u201d.<\/p>\n<p style=\"text-align: justify;\">No final da sua interven\u00e7\u00e3o, o Pe. Alexandre convidou os respons\u00e1veis \u200b\u200bpela pastoral juvenil a refletir sobre as enormes possibilidades de evangeliza\u00e7\u00e3o que este tempo oferece e sobre a oportunidade de se renovar no caminho do acompanhamento espiritual, para reviver as ang\u00fastias e as perguntas de um cora\u00e7\u00e3o jovem.<\/p>\n<div>\n<div class=\"article__embed article__embed--unwrap article__embed--dark\">\n<div class=\"embed-container\" style=\"text-align: justify;\"><iframe id=\"483892290\" src=\"https:\/\/www.youtube.com\/embed\/EzUvbgkyaEk?wmode=opaque&amp;rel=0&amp;autohide=1&amp;showinfo=0&amp;wmode=transparent&amp;modestbranding=1&amp;enablejsapi=1&amp;origin=https:\/\/www.vaticannews.va&amp;start=&amp;end=\" allowfullscreen=\"allowfullscreen\" data-gtm-yt-inspected-7781034_9=\"true\"><\/iframe><\/div>\n<div class=\"article__innerTitle\" style=\"text-align: justify;\">Veja a participa\u00e7\u00e3o do Pe. Alexandre no encontro de jovens<\/div>\n<\/div>\n<\/div>\n<\/div>\n<\/div>\n","protected":false},"excerpt":{"rendered":"<p>O Pe. Alexandre Awi Mello, secret\u00e1rio do Dicast\u00e9rio para os Leigos, a Fam\u00edlia e a Vida\u00a0 A Sala de Imprensa da Santa S\u00e9 divulgou a nomea\u00e7\u00e3o do Papa Francisco em comunicado desta sexta-feira (13). O Padre Alexandre Awi Mello, secret\u00e1rio do Dicast\u00e9rio para os Leigos, a Fam\u00edlia e a Vida, \u00e9 o mais novo Conselheiro [&hellip;]<\/p>\n","protected":false},"author":1,"featured_media":64353,"comment_status":"open","ping_status":"closed","sticky":false,"template":"","format":"standard","meta":{"footnotes":""},"categories":[3],"tags":[],"class_list":["post-64352","post","type-post","status-publish","format-standard","has-post-thumbnail","hentry","category-vaticano"],"_links":{"self":[{"href":"https:\/\/catolicanet.net\/wp-cnet\/wp-json\/wp\/v2\/posts\/64352","targetHints":{"allow":["GET"]}}],"collection":[{"href":"https:\/\/catolicanet.net\/wp-cnet\/wp-json\/wp\/v2\/posts"}],"about":[{"href":"https:\/\/catolicanet.net\/wp-cnet\/wp-json\/wp\/v2\/types\/post"}],"author":[{"embeddable":true,"href":"https:\/\/catolicanet.net\/wp-cnet\/wp-json\/wp\/v2\/users\/1"}],"replies":[{"embeddable":true,"href":"https:\/\/catolicanet.net\/wp-cnet\/wp-json\/wp\/v2\/comments?post=64352"}],"version-history":[{"count":1,"href":"https:\/\/catolicanet.net\/wp-cnet\/wp-json\/wp\/v2\/posts\/64352\/revisions"}],"predecessor-version":[{"id":64354,"href":"https:\/\/catolicanet.net\/wp-cnet\/wp-json\/wp\/v2\/posts\/64352\/revisions\/64354"}],"wp:featuredmedia":[{"embeddable":true,"href":"https:\/\/catolicanet.net\/wp-cnet\/wp-json\/wp\/v2\/media\/64353"}],"wp:attachment":[{"href":"https:\/\/catolicanet.net\/wp-cnet\/wp-json\/wp\/v2\/media?parent=64352"}],"wp:term":[{"taxonomy":"category","embeddable":true,"href":"https:\/\/catolicanet.net\/wp-cnet\/wp-json\/wp\/v2\/categories?post=64352"},{"taxonomy":"post_tag","embeddable":true,"href":"https:\/\/catolicanet.net\/wp-cnet\/wp-json\/wp\/v2\/tags?post=64352"}],"curies":[{"name":"wp","href":"https:\/\/api.w.org\/{rel}","templated":true}]}}