{"id":64330,"date":"2020-11-11T10:53:53","date_gmt":"2020-11-11T13:53:53","guid":{"rendered":"https:\/\/catolicanet.net\/wp-cnet\/?p=64330"},"modified":"2020-11-12T11:54:53","modified_gmt":"2020-11-12T14:54:53","slug":"veio-missionario-e-retorna-bispo","status":"publish","type":"post","link":"https:\/\/catolicanet.net\/wp-cnet\/veio-missionario-e-retorna-bispo\/","title":{"rendered":"Veio mission\u00e1rio e retorna Bispo"},"content":{"rendered":"<p style=\"text-align: justify;\">Temos a alegria de comunicar que o Papa Francisco nomeou, nesta quarta-feira, 11 de novembro, conforme notifica\u00e7\u00e3o da Nunciatura Apost\u00f3lica no Brasil, o c\u00f4nego Robert Josef Chrzaszcz como bispo auxiliar da Arquidiocese de Crac\u00f3via, na Pol\u00f4nia.<\/p>\n<p style=\"text-align: justify;\">Com a nomea\u00e7\u00e3o, o eleito, que veio servir \u00e0 nossa arquidiocese como mission\u00e1rio, retornar\u00e1 a diocese polonesa de origem para colaborar no governo pastoral de Dom Marek Jedraszewski, ap\u00f3s 15 anos de presen\u00e7a e miss\u00e3o na Arquidiocese do Rio de Janeiro.<\/p>\n<p style=\"text-align: justify;\">Com 51 anos de vida e 26 de sacerd\u00f3cio, c\u00f4nego Robert exerce o minist\u00e9rio como vig\u00e1rio episcopal do Vicariato Jacarepagu\u00e1, desde o dia 18 de mar\u00e7o de 2014, reconduzido no dia 6 de junho de 2017, e tamb\u00e9m p\u00e1roco da Par\u00f3quia S\u00e3o Pedro do Mar, no Recreio dos Bandeirantes, desde o dia 2 de janeiro deste ano.<\/p>\n<p style=\"text-align: justify;\">Polon\u00eas da cidade de Kalwaria Zebrzydowska, que conheci quando da Jornada Mundial da Juventude na Pol\u00f4nia, distante 14 quil\u00f4metros de Wadowice, c\u00f4nego Robert nasceu no dia 7 de outubro de 1969, filho de Wladyslaw Chrzaszcz, j\u00e1 falecido, que era carpinteiro e dono de uma f\u00e1brica de m\u00f3veis, e de Zofia Chrzaszcz, costureira.<\/p>\n<p style=\"text-align: justify;\">Sua cidade natal foi fundada por carpinteiros, na primeira metade do s\u00e9culo XVII, que chegaram \u00e0 localidade para construir o Santu\u00e1rio de Nossa Senhora da Kalwaria (Calv\u00e1ria), dando origem a v\u00e1rias fabricas de m\u00f3veis. No mesmo santu\u00e1rio nasceu e se consolidou a voca\u00e7\u00e3o do Papa S\u00e3o Jo\u00e3o Paulo II (seu pai o levou logo depois da morte de sua m\u00e3e e o consagrou a Maria), hoje um grande local de devo\u00e7\u00e3o e peregrina\u00e7\u00e3o<\/p>\n<p style=\"text-align: justify;\">Ele foi batizado na Par\u00f3quia S\u00e3o Jos\u00e9, em Kalwaria, onde tamb\u00e9m fez a primeira comunh\u00e3o, recebeu a crisma e celebrou sua primeira missa ap\u00f3s a ordena\u00e7\u00e3o.<\/p>\n<p style=\"text-align: justify;\">Quando coroinha, os familiares e amigos brincavam dizendo que iria ser padre porque ele participava das missas e gostava da Igreja. A primeira pessoa que ele conversou sobre sua voca\u00e7\u00e3o foi aos 15 anos, quando se encontrou com o Papa S\u00e3o Jo\u00e3o Paulo II.<\/p>\n<p style=\"text-align: justify;\">Ele tinha ido ao Vaticano com um grupo de peregrinos e quando estava na fila, ficou pensando o que dizer ao Santo Padre j\u00e1 que tinha pouco tempo. Naquele momento surgiu a inspira\u00e7\u00e3o de dizer que seria padre. O Papa polon\u00eas, que influenciou milhares de jovens para serem protagonistas da nova evangeliza\u00e7\u00e3o prometeu que iria rezar por ele e fez um sinal na sua cabe\u00e7a. Foi um momento decisivo.<\/p>\n<p style=\"text-align: justify;\">Com a voca\u00e7\u00e3o confirmada, fez seus estudos no Semin\u00e1rio Maior de Crac\u00f3via, e sua ordena\u00e7\u00e3o ocorreu no dia 14 de maio de 1994, na Catedral de S\u00e3o Estanislau, na mesma cidade, cuja turma, sob a reitoria do padre Jan Zajac, hoje bispo auxiliar da mesma arquidiocese, era composta de 48 sacerdotes. A celebra\u00e7\u00e3o de ordena\u00e7\u00e3o foi presidida pelo Cardeal Francisco Macharski, o mesmo que o c\u00f4nego Robert pediu permiss\u00e3o para trabalhar no Brasil.<\/p>\n<p style=\"text-align: justify;\">Depois de ordenado, exerceu o minist\u00e9rio em duas par\u00f3quias de sua cidade: Par\u00f3quia Esp\u00edrito Santo e Par\u00f3quia Nossa Senhora do Ros\u00e1rio, trabalhando com catequese e pessoas portadoras de defici\u00eancias.<\/p>\n<p style=\"text-align: justify;\">C\u00f4nego Robert conheceu o Rio de Janeiro no per\u00edodo de f\u00e9rias, quando visitou o amigo de ordena\u00e7\u00e3o, padre Zdzislaw (Tiago) Blaszczyk, na \u00e9poca \u00e0 frente Par\u00f3quia S\u00e3o Judas Tadeu, em Bangu, hoje bispo auxiliar do Rio.<\/p>\n<p style=\"text-align: justify;\">Mesmo ficando pouco tempo de f\u00e9rias no Rio, p\u00f4de perceber que havia falta de padres para atender o povo. Voltou pensativo para a sua diocese, sentiu que seria importante sua presen\u00e7a na arquidiocese e acabou pedindo permiss\u00e3o para vir ao Brasil, o que foi consentido.<\/p>\n<p style=\"text-align: justify;\">C\u00f4nego Robert chegou em miss\u00e3o no Rio em 2005 e foi inicialmente designado para a Par\u00f3quia Nossa Senhora da Paz, em Ipanema, per\u00edodo que aproveitou para aprender a L\u00edngua Portuguesa.<\/p>\n<p style=\"text-align: justify;\">No dia 3 de abril de 2006 foi nomeado administrador da Par\u00f3quia Santa Luzia, em Gard\u00eania Azul, no Vicariato Jacarepagu\u00e1, assumindo como p\u00e1roco no dia 23 de janeiro de 2008.<\/p>\n<p style=\"text-align: justify;\">Inicialmente, come\u00e7ou a celebrar num galp\u00e3o improvisado, pois a antiga igreja, constru\u00edda em 1957, tinha sido demolida pelo p\u00e1roco anterior para ser ampliada. O lan\u00e7amento da pedra fundamental de um novo pr\u00e9dio aconteceu no dia 9 de novembro do mesmo ano, e as obras tiveram inicio no dia 11 de abril de 2010. Ap\u00f3s tr\u00eas anos de obras, a primeira missa na nova matriz, com 500 metros quadrados de \u00e1rea constru\u00edda, foi realizada no dia 13 de dezembro de 2011, durante as festividades da padroeira. Pude acompanhar a constru\u00e7\u00e3o dessa Igreja em Gard\u00eania Azul que, junto com o trabalho pastoral, foi de uma grande dedica\u00e7\u00e3o ao povo de Deus.<\/p>\n<p style=\"text-align: justify;\">Agora que nosso vig\u00e1rio episcopal assume uma nova miss\u00e3o na Igreja, aquele que veio como jovem e ardoroso mission\u00e1rio retorna com muitas experi\u00eancias, para que, como bispo auxiliar de Crac\u00f3via, leve esse ardor mission\u00e1rio de nossa cidade para sua nova miss\u00e3o.<\/p>\n<p style=\"text-align: justify;\">Deus o acompanhe e conduza!<\/p>\n","protected":false},"excerpt":{"rendered":"<p>Temos a alegria de comunicar que o Papa Francisco nomeou, nesta quarta-feira, 11 de novembro, conforme notifica\u00e7\u00e3o da Nunciatura Apost\u00f3lica no Brasil, o c\u00f4nego Robert Josef Chrzaszcz como bispo auxiliar da Arquidiocese de Crac\u00f3via, na Pol\u00f4nia. Com a nomea\u00e7\u00e3o, o eleito, que veio servir \u00e0 nossa arquidiocese como mission\u00e1rio, retornar\u00e1 a diocese polonesa de origem [&hellip;]<\/p>\n","protected":false},"author":5,"featured_media":55819,"comment_status":"open","ping_status":"closed","sticky":false,"template":"","format":"standard","meta":{"footnotes":""},"categories":[9],"tags":[],"class_list":["post-64330","post","type-post","status-publish","format-standard","has-post-thumbnail","hentry","category-artigos"],"_links":{"self":[{"href":"https:\/\/catolicanet.net\/wp-cnet\/wp-json\/wp\/v2\/posts\/64330","targetHints":{"allow":["GET"]}}],"collection":[{"href":"https:\/\/catolicanet.net\/wp-cnet\/wp-json\/wp\/v2\/posts"}],"about":[{"href":"https:\/\/catolicanet.net\/wp-cnet\/wp-json\/wp\/v2\/types\/post"}],"author":[{"embeddable":true,"href":"https:\/\/catolicanet.net\/wp-cnet\/wp-json\/wp\/v2\/users\/5"}],"replies":[{"embeddable":true,"href":"https:\/\/catolicanet.net\/wp-cnet\/wp-json\/wp\/v2\/comments?post=64330"}],"version-history":[{"count":1,"href":"https:\/\/catolicanet.net\/wp-cnet\/wp-json\/wp\/v2\/posts\/64330\/revisions"}],"predecessor-version":[{"id":64331,"href":"https:\/\/catolicanet.net\/wp-cnet\/wp-json\/wp\/v2\/posts\/64330\/revisions\/64331"}],"wp:featuredmedia":[{"embeddable":true,"href":"https:\/\/catolicanet.net\/wp-cnet\/wp-json\/wp\/v2\/media\/55819"}],"wp:attachment":[{"href":"https:\/\/catolicanet.net\/wp-cnet\/wp-json\/wp\/v2\/media?parent=64330"}],"wp:term":[{"taxonomy":"category","embeddable":true,"href":"https:\/\/catolicanet.net\/wp-cnet\/wp-json\/wp\/v2\/categories?post=64330"},{"taxonomy":"post_tag","embeddable":true,"href":"https:\/\/catolicanet.net\/wp-cnet\/wp-json\/wp\/v2\/tags?post=64330"}],"curies":[{"name":"wp","href":"https:\/\/api.w.org\/{rel}","templated":true}]}}