{"id":6433,"date":"2015-08-18T14:24:54","date_gmt":"2015-08-18T17:24:54","guid":{"rendered":"http:\/\/catolicanet.net\/wp-cnet\/enciclica-de-francisco-e-lancada-em-aldeia-indigena-no-am\/"},"modified":"2017-04-11T10:59:44","modified_gmt":"2017-04-11T13:59:44","slug":"enciclica-de-francisco-e-lancada-em-aldeia-indigena-no-am","status":"publish","type":"post","link":"https:\/\/catolicanet.net\/wp-cnet\/enciclica-de-francisco-e-lancada-em-aldeia-indigena-no-am\/","title":{"rendered":"Enc\u00edclica de Francisco \u00e9 lan\u00e7ada em aldeia ind\u00edgena no AM"},"content":{"rendered":"<p style=\"text-align: justify;\"><img decoding=\"async\" src=\"http:\/\/catolicanet.com.br\/images\/stories\/geral\/00enciclica.jpg\" border=\"0\" align=\"left\" \/> Foi lan\u00e7ada, no \u00faltimo domingo (16) a Enc\u00edclica do Papa Francisco &#8220;Laudato si&#8221;, na comunidade ind\u00edgena &#8220;Tr\u00eas Unidos&#8221;, localizada na \u00c1rea Rural de Manaus. Dom Marcelo Sanchez Sorondo, Chanceler da Pontif\u00edcia Academia das Ci\u00eancias e da Pontif\u00edcia Academia das Ci\u00eancias Sociais do Vaticano, apresentou a mensagem do Pont\u00edfice sobre desenvolvimento sustent\u00e1vel para \u00edndios da etnia Kambeba. A atriz Christiane Torloni participou da cerim\u00f4nia.<\/p>\n<p>A solenidade ocorreu em uma pequena capela \u00e0s margens do Rio Cueiras, na comunidade que fica a 60 km da \u00e1rea urbana de Manaus, dentro da \u00c1rea de Preserva\u00e7\u00e3o Ambiental (APA) Rio Negro.<\/p>\n<p>A Enc\u00edclica traz um pelo apelo do Papa \u00e0 preserva\u00e7\u00e3o do meio ambiente. Na missa, lideran\u00e7as religiosas da Igreja Cat\u00f3lica no Brasil e da Europa apresentaram \u00e0 comunidade a mensagem do pont\u00edfice sobre quest\u00f5es ligadas ao aquecimento global.<\/p>\n<p>Dom Marcelo Sanchez ressaltou que a injusti\u00e7a social e a degrada\u00e7\u00e3o do meio ambiente s\u00e3o dois dos principais problemas tratados na carta. O chanceler destacou ainda que os impactos negativos do aquecimento afetam, principalmente, as popula\u00e7\u00f5es mais pobres do planeta.<\/p>\n<p>&#8220;A ess\u00eancia do problema s\u00e3o os combust\u00edveis f\u00f3sseis usados pela sociedade. O desmatamento tamb\u00e9m \u00e9 parte do problema do aquecimento global. Quem mais sofre com as consequ\u00eancias s\u00e3o os povos que contribuem menos no consumo de combust\u00edveis f\u00f3sseis&#8221;, afirmou Sanchez.<\/p>\n<p>O superintendente da Funda\u00e7\u00e3o Amazonas Sustent\u00e1vel (FAS), Virg\u00edlio Viana, disse que levar a mensagem do papa \u00e0s popula\u00e7\u00f5es que protegem a floresta \u00e9 um ato marcante.<\/p>\n<p>&#8220;Na comunidade Tr\u00eas Unidos e em outras comunidades da regi\u00e3o, temos os guardi\u00f5es da floresta. \u00c9 um momento de agradecer a essas pessoas que cuidaram e v\u00eam cuidando da floresta. O ato de lan\u00e7ar parte da enc\u00edclica no Amazonas \u00e9 um ato singelo, mas \u00e9 muito simb\u00f3lico. Um momento especial&#8221;, comentou.<\/p>\n<p style=\"text-align: justify;\">Fonte: R\u00e1dio Vaticano<\/p>\n","protected":false},"excerpt":{"rendered":"<p>Foi lan\u00e7ada, no \u00faltimo domingo (16) a Enc\u00edclica do Papa Francisco &#8220;Laudato si&#8221;, na comunidade ind\u00edgena &#8220;Tr\u00eas Unidos&#8221;, localizada na \u00c1rea Rural de Manaus. Dom Marcelo Sanchez Sorondo, Chanceler da Pontif\u00edcia Academia das Ci\u00eancias e da Pontif\u00edcia Academia das Ci\u00eancias Sociais do Vaticano, apresentou a mensagem do Pont\u00edfice sobre desenvolvimento sustent\u00e1vel para \u00edndios da etnia [&hellip;]<\/p>\n","protected":false},"author":1,"featured_media":0,"comment_status":"closed","ping_status":"closed","sticky":false,"template":"","format":"standard","meta":{"footnotes":""},"categories":[3],"tags":[],"class_list":["post-6433","post","type-post","status-publish","format-standard","hentry","category-vaticano"],"_links":{"self":[{"href":"https:\/\/catolicanet.net\/wp-cnet\/wp-json\/wp\/v2\/posts\/6433","targetHints":{"allow":["GET"]}}],"collection":[{"href":"https:\/\/catolicanet.net\/wp-cnet\/wp-json\/wp\/v2\/posts"}],"about":[{"href":"https:\/\/catolicanet.net\/wp-cnet\/wp-json\/wp\/v2\/types\/post"}],"author":[{"embeddable":true,"href":"https:\/\/catolicanet.net\/wp-cnet\/wp-json\/wp\/v2\/users\/1"}],"replies":[{"embeddable":true,"href":"https:\/\/catolicanet.net\/wp-cnet\/wp-json\/wp\/v2\/comments?post=6433"}],"version-history":[{"count":1,"href":"https:\/\/catolicanet.net\/wp-cnet\/wp-json\/wp\/v2\/posts\/6433\/revisions"}],"predecessor-version":[{"id":11264,"href":"https:\/\/catolicanet.net\/wp-cnet\/wp-json\/wp\/v2\/posts\/6433\/revisions\/11264"}],"wp:attachment":[{"href":"https:\/\/catolicanet.net\/wp-cnet\/wp-json\/wp\/v2\/media?parent=6433"}],"wp:term":[{"taxonomy":"category","embeddable":true,"href":"https:\/\/catolicanet.net\/wp-cnet\/wp-json\/wp\/v2\/categories?post=6433"},{"taxonomy":"post_tag","embeddable":true,"href":"https:\/\/catolicanet.net\/wp-cnet\/wp-json\/wp\/v2\/tags?post=6433"}],"curies":[{"name":"wp","href":"https:\/\/api.w.org\/{rel}","templated":true}]}}