{"id":64296,"date":"2020-11-12T10:07:44","date_gmt":"2020-11-12T13:07:44","guid":{"rendered":"https:\/\/catolicanet.net\/wp-cnet\/?p=64296"},"modified":"2020-11-12T11:08:58","modified_gmt":"2020-11-12T14:08:58","slug":"o-encorajamento-do-papa-ao-cardeal-bassetti-sinal-da-compaixao-de-deus","status":"publish","type":"post","link":"https:\/\/catolicanet.net\/wp-cnet\/o-encorajamento-do-papa-ao-cardeal-bassetti-sinal-da-compaixao-de-deus\/","title":{"rendered":"O encorajamento do Papa ao cardeal Bassetti, &#8220;sinal da compaix\u00e3o de Deus&#8221;"},"content":{"rendered":"<figure class=\"article__image\" style=\"text-align: justify;\"><span class=\"didascalia_img\">Papa e o cardeal Bassetti\u00a0 (Vatican Media)<\/span><\/figure>\n<div class=\"article__meta\">\n<div class=\"article__subTitle\" style=\"text-align: justify;\">Um telefonema para saber do estado de sa\u00fade do cardeal mas tamb\u00e9m para agradecer ao pessoal de sa\u00fade que est\u00e1 cuidando do presidente da Confer\u00eancia Episcopal Italiana. Dom Marco Salvi, bispo auxiliar de Perugia-Citt\u00e0 della Pieve: &#8220;Deus, mesmo nestes momentos n\u00e3o nos deixa sozinhos e a figura do Papa \u00e9 a aten\u00e7\u00e3o de Deus para conosco&#8221;.<\/div>\n<div class=\"title__separator\" style=\"text-align: justify;\"><\/div>\n<div class=\"article__text \">\n<p style=\"text-align: justify;\"><b>Gabriella Ceraso \u2013 Vatican News<\/b><\/p>\n<p style=\"text-align: justify;\">&#8220;Coragem, coragem, coragem&#8221;. O Papa Francisco repetiu tr\u00eas vezes o encorajamento de pai aos filhos que sofrem. A pandemia, que tem marcado a vida de muitas comunidades com o sacrif\u00edcio de muitos pastores, est\u00e1 tamb\u00e9m atingindo a arquidiocese de Perugia-Citt\u00e0 della Pieve. No hospital da capital da \u00dambria, o cardeal Gualtiero Bassetti, presidente da Confer\u00eancia Episcopal Italiana, est\u00e1 hospitalizado h\u00e1 dias, e o seu estado continua cr\u00edtico. Numa semana dois padres perderam a vida por causa da Covid-19 e o bispo auxiliar, dom Marco Salvi, tamb\u00e9m \u00e9 positivo, assintom\u00e1tico e em quarentena. No in\u00edcio da noite desta quarta-feira o Papa Francisco fez-lhe uma chamada telef\u00f4nica para se certificar do estado de sa\u00fade do cardeal Bassetti.<\/p>\n<p style=\"text-align: justify;\">R. &#8211; Um pouco antes das 19h desta quarta-feira, recebemos esta liga\u00e7\u00e3o inesperada de um n\u00famero privado. A pessoa do outro lado do telefone apresentou-se como Papa Francisco. Ele perguntou-me primeiro como eu estava porque sabia que eu tamb\u00e9m tinha contra\u00eddo o v\u00edrus e depois pediu-me mais informa\u00e7\u00f5es sobre o boletim m\u00e9dico do estado de sa\u00fade do cardeal Bassetti. Ele ouviu n\u00e3o s\u00f3 o diagn\u00f3stico mas tamb\u00e9m os sentimentos que tivemos ontem, depois de falar com o prim\u00e1rio da terapia intensiva do hospital de Perugia. Disse-lhe que o cardeal estava reagindo positivamente a certas terapias, apesar dos m\u00e9dicos n\u00e3o terem expressado parecer porque esperam que se consolide esse melhoramento, leve, pequeno, mas que de qualquer modo, tinha mudado um pouco o sentimento sobre o curso da doen\u00e7a do cardeal. A certa altura, pediu-me para levar uma mensagem ao cardeal e disse-me tr\u00eas vezes: &#8216;Coragem, coragem, coragem! Pediu-me que lhe transmitisse. Ao mesmo tempo, assegurou a sua ora\u00e7\u00e3o e agradeceu tamb\u00e9m ao pessoal que est\u00e1 cuidando do cardeal.<\/p>\n<p style=\"text-align: justify;\"><b>Um encorajamento que chega num momento de prova\u00e7\u00e3o em todo o seu territ\u00f3rio&#8230;<\/b><\/p>\n<p style=\"text-align: justify;\">R. &#8211; A nossa diocese est\u00e1 sendo muito provada, mas h\u00e1 o sinal da grande ora\u00e7\u00e3o que est\u00e1 envolvendo muitas pessoas, por isso mesmo a doen\u00e7a do cardeal \u00e9 como um testemunho e um convite ainda mais para se confiar a Ele que \u00e9 o Bem da vida. Assim, por um lado, uma prova\u00e7\u00e3o fatigosa e dolorosa, por outro, um sinal de gra\u00e7a.<\/p>\n<p style=\"text-align: justify;\"><b>Neste momento em particular a Igreja est\u00e1 dando prova com os seus sacerdotes de proximidade e partilha at\u00e9 ao ponto de dar vida&#8230;<\/b><\/p>\n<p style=\"text-align: justify;\">R. &#8211; Sim, perdemos dois sacerdotes numa \u00fanica semana, eram dois idosos mas que viveram pessoalmente este tipo de prova\u00e7\u00e3o.<\/p>\n<\/div>\n<\/div>\n","protected":false},"excerpt":{"rendered":"<p>Papa e o cardeal Bassetti\u00a0 (Vatican Media) Um telefonema para saber do estado de sa\u00fade do cardeal mas tamb\u00e9m para agradecer ao pessoal de sa\u00fade que est\u00e1 cuidando do presidente da Confer\u00eancia Episcopal Italiana. Dom Marco Salvi, bispo auxiliar de Perugia-Citt\u00e0 della Pieve: &#8220;Deus, mesmo nestes momentos n\u00e3o nos deixa sozinhos e a figura do [&hellip;]<\/p>\n","protected":false},"author":1,"featured_media":64297,"comment_status":"open","ping_status":"closed","sticky":false,"template":"","format":"standard","meta":{"footnotes":""},"categories":[3],"tags":[],"class_list":["post-64296","post","type-post","status-publish","format-standard","has-post-thumbnail","hentry","category-vaticano"],"_links":{"self":[{"href":"https:\/\/catolicanet.net\/wp-cnet\/wp-json\/wp\/v2\/posts\/64296","targetHints":{"allow":["GET"]}}],"collection":[{"href":"https:\/\/catolicanet.net\/wp-cnet\/wp-json\/wp\/v2\/posts"}],"about":[{"href":"https:\/\/catolicanet.net\/wp-cnet\/wp-json\/wp\/v2\/types\/post"}],"author":[{"embeddable":true,"href":"https:\/\/catolicanet.net\/wp-cnet\/wp-json\/wp\/v2\/users\/1"}],"replies":[{"embeddable":true,"href":"https:\/\/catolicanet.net\/wp-cnet\/wp-json\/wp\/v2\/comments?post=64296"}],"version-history":[{"count":1,"href":"https:\/\/catolicanet.net\/wp-cnet\/wp-json\/wp\/v2\/posts\/64296\/revisions"}],"predecessor-version":[{"id":64298,"href":"https:\/\/catolicanet.net\/wp-cnet\/wp-json\/wp\/v2\/posts\/64296\/revisions\/64298"}],"wp:featuredmedia":[{"embeddable":true,"href":"https:\/\/catolicanet.net\/wp-cnet\/wp-json\/wp\/v2\/media\/64297"}],"wp:attachment":[{"href":"https:\/\/catolicanet.net\/wp-cnet\/wp-json\/wp\/v2\/media?parent=64296"}],"wp:term":[{"taxonomy":"category","embeddable":true,"href":"https:\/\/catolicanet.net\/wp-cnet\/wp-json\/wp\/v2\/categories?post=64296"},{"taxonomy":"post_tag","embeddable":true,"href":"https:\/\/catolicanet.net\/wp-cnet\/wp-json\/wp\/v2\/tags?post=64296"}],"curies":[{"name":"wp","href":"https:\/\/api.w.org\/{rel}","templated":true}]}}