{"id":64292,"date":"2020-11-12T10:02:54","date_gmt":"2020-11-12T13:02:54","guid":{"rendered":"https:\/\/catolicanet.net\/wp-cnet\/?p=64292"},"modified":"2020-11-12T11:05:37","modified_gmt":"2020-11-12T14:05:37","slug":"o-papa-na-audiencia-geral-a-oracao-do-cristao-anda-de-maos-dadas-com-a-fe-2","status":"publish","type":"post","link":"https:\/\/catolicanet.net\/wp-cnet\/o-papa-na-audiencia-geral-a-oracao-do-cristao-anda-de-maos-dadas-com-a-fe-2\/","title":{"rendered":"O Papa na Audi\u00eancia Geral: a ora\u00e7\u00e3o do crist\u00e3o anda de m\u00e3os dadas com a f\u00e9"},"content":{"rendered":"<div class=\"article__subTitle\" style=\"text-align: justify;\">&#8220;O ensinamento do Evangelho \u00e9 claro: \u00e9 preciso rezar sempre, at\u00e9 quando tudo parece v\u00e3o, quando Deus nos parece surdo e mudo, e que perdemos tempo. Mesmo que o c\u00e9u se ofusque, o crist\u00e3o n\u00e3o deixa de rezar&#8221;, disse Francisco em sua catequese.<\/div>\n<div class=\"title__separator\" style=\"text-align: justify;\"><\/div>\n<div class=\"article__text \">\n<p style=\"text-align: justify;\"><b>Mariangela Jaguraba &#8211; Vatican News<\/b><\/p>\n<p><iframe loading=\"lazy\" title=\"Papa Francisco: a ora\u00e7\u00e3o \u00e9 o oxig\u00eanio da vida!\" width=\"696\" height=\"392\" src=\"https:\/\/www.youtube.com\/embed\/cS5tNpP_Ojw?feature=oembed\" frameborder=\"0\" allow=\"accelerometer; autoplay; clipboard-write; encrypted-media; gyroscope; picture-in-picture\" allowfullscreen><\/iframe><\/p>\n<p style=\"text-align: justify;\">O Papa Francisco deu continuidade ao ciclo de catequeses sobre a ora\u00e7\u00e3o na Audi\u00eancia Geral desta quarta-feira (11\/11), realizada na Biblioteca do Pal\u00e1cio Apost\u00f3lico, por causa da pandemia de coronav\u00edrus.<\/p>\n<div style=\"text-align: justify;\">\n<div class=\"article__embed article__embed--unwrap article__embed--dark\">\n<div class=\"article__innerTitle\">Ou\u00e7a e compartilhe<\/div>\n<div>\n<!--[if lt IE 9]><script>document.createElement('audio');<\/script><![endif]-->\n<audio class=\"wp-audio-shortcode\" id=\"audio-64292-1\" preload=\"none\" style=\"width: 100%;\" controls=\"controls\"><source type=\"audio\/mpeg\" src=\"https:\/\/media.vaticannews.va\/media\/audio\/s1\/2020\/11\/11\/11\/135783101_F135783101.mp3?_=1\" \/><a href=\"https:\/\/media.vaticannews.va\/media\/audio\/s1\/2020\/11\/11\/11\/135783101_F135783101.mp3\">https:\/\/media.vaticannews.va\/media\/audio\/s1\/2020\/11\/11\/11\/135783101_F135783101.mp3<\/a><\/audio>\n<\/div>\n<\/div>\n<\/div>\n<p style=\"text-align: justify;\">O Pont\u00edfice iniciou, dizendo que algu\u00e9m lhe disse que ele fala muito sobre a ora\u00e7\u00e3o, que n\u00e3o \u00e9 necess\u00e1rio. \u201cSim \u00e9 necess\u00e1rio\u201d, disse o Papa, \u201cporque se n\u00e3o rezarmos n\u00e3o teremos a for\u00e7a para ir em frente na vida. A ora\u00e7\u00e3o \u00e9 como o oxig\u00eanio da vida. A ora\u00e7\u00e3o \u00e9 atrair sobre n\u00f3s a presen\u00e7a do Esp\u00edrito Santo que nos faz ir adiante sempre. Por isso, eu falo muito sobre a ora\u00e7\u00e3o\u201d.<\/p>\n<h2 style=\"text-align: justify;\">Ora\u00e7\u00e3o praticada com perseveran\u00e7a<\/h2>\n<p style=\"text-align: justify;\">\u201cJesus deu exemplo de uma ora\u00e7\u00e3o cont\u00ednua, praticada\u00a0<i>com perseveran\u00e7a<\/i>. O di\u00e1logo constante com o Pai, no sil\u00eancio e no recolhimento, \u00e9 o fulcro de toda a sua miss\u00e3o\u201d, disse o Pont\u00edfice, recordando \u201ctr\u00eas par\u00e1bolas contidas no Evangelho de Lucas que sublinham esta caracter\u00edstica da ora\u00e7\u00e3o\u201d.<\/p>\n<p style=\"text-align: justify;\">\u201cA ora\u00e7\u00e3o deve ser antes acima de tudo\u00a0<i>tenaz\u201d,\u00a0<\/i>frisou o Papa<i>,\u00a0<\/i>\u201ccomo o personagem da par\u00e1bola que, tendo que receber um h\u00f3spede que chegou de repente, no meio da noite, vai bater \u00e0 porta de um amigo e pede-lhe p\u00e3o. O amigo responde \u201cn\u00e3o!\u201d, porque j\u00e1 est\u00e1 na cama, mas ele insiste, e insiste a ponto de o obrigar a levantar-se e a dar-lhe. Um pedido tenaz!\u201d.<\/p>\n<p style=\"text-align: justify;\"><i>Mas Deus \u00e9 mais paciente do que n\u00f3s, e quem bate \u00e0 porta do seu cora\u00e7\u00e3o com f\u00e9 e perseveran\u00e7a n\u00e3o fica desiludido. Deus responde sempre. Sempre! O nosso Pai sabe bem do que precisamos; a insist\u00eancia n\u00e3o serve para o informar ou convencer, mas para alimentar o desejo e a expectativa em n\u00f3s.<\/i><\/p>\n<p style=\"text-align: justify;\">A segunda par\u00e1bola \u00e9 a da vi\u00fava que se dirige ao juiz para que a ajude a obter justi\u00e7a. Este juiz \u00e9 um homem sem escr\u00fapulos, mas no final, exasperado pela insist\u00eancia da vi\u00fava, decide content\u00e1-la. Esta par\u00e1bola nos faz compreender que a f\u00e9 n\u00e3o \u00e9 o impulso de um momento, mas uma disposi\u00e7\u00e3o corajosa para invocar Deus, at\u00e9 para \u201cdiscutir\u201d com Ele, sem se resignar ao mal e \u00e0 injusti\u00e7a.<\/p>\n<h2 style=\"text-align: justify;\">Quem reza nunca est\u00e1 sozinho<\/h2>\n<p style=\"text-align: justify;\">A terceira par\u00e1bola apresenta um fariseu e um publicano que v\u00e3o ao Templo para rezar. O primeiro dirige-se a Deus gabando-se dos pr\u00f3prios m\u00e9ritos; o outro sente-se indigno at\u00e9 de entrar no santu\u00e1rio. Contudo, Deus n\u00e3o ouve a ora\u00e7\u00e3o dos soberbos, mas atende a dos humildes. N\u00e3o h\u00e1 verdadeira ora\u00e7\u00e3o sem esp\u00edrito de humildade. N\u00e3o h\u00e1 ora\u00e7\u00e3o verdadeira sem esp\u00edrito de humildade. \u00c9 a humildade que nos impele a orar.<\/p>\n<p style=\"text-align: justify;\"><i>O ensinamento do Evangelho \u00e9 claro: \u00e9 preciso rezar sempre, at\u00e9 quando tudo parece v\u00e3o, quando Deus nos parece surdo e mudo, e que perdemos tempo. Mesmo que o c\u00e9u se ofusque, o crist\u00e3o n\u00e3o deixa de rezar. A sua ora\u00e7\u00e3o anda de m\u00e3os dadas com a f\u00e9. E a f\u00e9, em muitos dias da nossa vida, pode parecer uma ilus\u00e3o, uma labuta est\u00e9ril. Existem momentos escuros em nossas vidas e ali a f\u00e9 parece uma ilus\u00e3o, mas praticar a ora\u00e7\u00e3o significa tamb\u00e9m aceitar esta dificuldade. \u201cPadre, eu rezo mas n\u00e3o sinto nada. Me sinto com o cora\u00e7\u00e3o \u00e1rido, seco. N\u00e3o sei\u201d. Mas devemos ir adiante com essa fadiga dos momentos ruins, momentos em que n\u00e3o sentimos nada. Muitos santos e santas viveram a noite da f\u00e9 e o sil\u00eancio de Deus, quando n\u00f3s batemos, batemos e Deus n\u00e3o responde, e esses santos foram perseverantes.<\/i><\/p>\n<p style=\"text-align: justify;\">Segundo o Papa, \u201cnestas noites de f\u00e9, quem reza nunca est\u00e1 sozinho. Na verdade, Jesus n\u00e3o \u00e9 apenas testemunha e mestre de ora\u00e7\u00e3o, \u00e9 muito mais. Ele nos acolhe\u00a0<i>na sua ora\u00e7\u00e3o<\/i>, para podermos rezar n&#8217;Ele e atrav\u00e9s d&#8217;Ele. E isto \u00e9 obra do Esp\u00edrito Santo. \u00c9 por este motivo que o Evangelho nos convida a rezar ao Pai em nome de Jesus. S\u00e3o Jo\u00e3o relata estas palavras do Senhor: \u00abO que voc\u00eas pedirem ao Pai em meu nome, eu o farei, para que o Pai seja glorificado no Filho\u00bb.\u201d A ora\u00e7\u00e3o de Jesus \u201cd\u00e1 as asas que a ora\u00e7\u00e3o do homem sempre desejou possuir\u201d.<\/p>\n<h2 style=\"text-align: justify;\">O Esp\u00edrito Santo reza em n\u00f3s<\/h2>\n<p style=\"text-align: justify;\">A seguir, o Pont\u00edfice recordou as palavras do Salmo 90-91, \u201ccarregadas de confian\u00e7a, que brotam de um cora\u00e7\u00e3o que espera tudo de Deus: \u00abEle o cobrir\u00e1 com as suas penas, e debaixo de suas asas voc\u00ea encontrar\u00e1 ref\u00fagio. A sua fidelidade \u00e9 escudo e coura\u00e7a. Voc\u00ea n\u00e3o temer\u00e1 o terror da noite, nem a flecha que voa de dia, nem a peste que caminha nas trevas, nem o mal que devasta ao meio-dia\u00bb.\u201d<\/p>\n<p style=\"text-align: justify;\"><i>\u00c9 em Cristo que esta maravilhosa ora\u00e7\u00e3o se cumpre, \u00e9 n&#8217;Ele que encontra a sua verdade plena. Sem Jesus, as nossas ora\u00e7\u00f5es correriam o risco de se reduzir a esfor\u00e7os humanos, na maioria das vezes destinados ao fracasso. Mas Ele tomou sobre si cada grito, cada gemido, cada j\u00fabilo, cada s\u00faplica, cada prece humana. N\u00e3o nos esque\u00e7amos o Esp\u00edrito Santo. O Esp\u00edrito Santo reza em n\u00f3s. \u00c9 Ele que nos impele a rezar, nos leva a Jesus, \u00e9 o dom que o Pai e o Filho nos deram para ir ao encontro de Deus. Quando n\u00f3s rezamos \u00e9 o Esp\u00edrito Santo que reza em nossos cora\u00e7\u00f5es.<\/i><\/p>\n<p style=\"text-align: justify;\">\u201cCristo \u00e9 tudo para n\u00f3s, inclusive na nossa vida de ora\u00e7\u00e3o\u201d, disse Francisco. Santo Agostinho resume admiravelmente as tr\u00eas dimens\u00f5es da ora\u00e7\u00e3o de Jesus, que tamb\u00e9m encontramos no Catecismo da Igreja Cat\u00f3lica: \u00absendo o nosso Sacerdote, ora por n\u00f3s; sendo a nossa Cabe\u00e7a, ora em n\u00f3s; e sendo o nosso Deus, a Ele oramos. Reconhe\u00e7amos, pois, n&#8217;Ele a nossa voz e a voz d&#8217;Ele em n\u00f3s\u00bb. \u201c\u00c9 por isso que o crist\u00e3o reza, nada teme! Confia no Esp\u00edrito Santo que nos foi dado como dom que reza em n\u00f3s e nos conduz \u00e0 ora\u00e7\u00e3o. Que seja o mesmo Esp\u00edrito Santo, mestre de ora\u00e7\u00e3o, a nos ensinar o caminho da ora\u00e7\u00e3o\u201d, concluiu o Papa.<\/p>\n<\/div>\n","protected":false},"excerpt":{"rendered":"<p>&#8220;O ensinamento do Evangelho \u00e9 claro: \u00e9 preciso rezar sempre, at\u00e9 quando tudo parece v\u00e3o, quando Deus nos parece surdo e mudo, e que perdemos tempo. Mesmo que o c\u00e9u se ofusque, o crist\u00e3o n\u00e3o deixa de rezar&#8221;, disse Francisco em sua catequese. Mariangela Jaguraba &#8211; Vatican News O Papa Francisco deu continuidade ao ciclo [&hellip;]<\/p>\n","protected":false},"author":1,"featured_media":64293,"comment_status":"open","ping_status":"closed","sticky":false,"template":"","format":"standard","meta":{"footnotes":""},"categories":[3],"tags":[],"class_list":["post-64292","post","type-post","status-publish","format-standard","has-post-thumbnail","hentry","category-vaticano"],"_links":{"self":[{"href":"https:\/\/catolicanet.net\/wp-cnet\/wp-json\/wp\/v2\/posts\/64292","targetHints":{"allow":["GET"]}}],"collection":[{"href":"https:\/\/catolicanet.net\/wp-cnet\/wp-json\/wp\/v2\/posts"}],"about":[{"href":"https:\/\/catolicanet.net\/wp-cnet\/wp-json\/wp\/v2\/types\/post"}],"author":[{"embeddable":true,"href":"https:\/\/catolicanet.net\/wp-cnet\/wp-json\/wp\/v2\/users\/1"}],"replies":[{"embeddable":true,"href":"https:\/\/catolicanet.net\/wp-cnet\/wp-json\/wp\/v2\/comments?post=64292"}],"version-history":[{"count":2,"href":"https:\/\/catolicanet.net\/wp-cnet\/wp-json\/wp\/v2\/posts\/64292\/revisions"}],"predecessor-version":[{"id":64295,"href":"https:\/\/catolicanet.net\/wp-cnet\/wp-json\/wp\/v2\/posts\/64292\/revisions\/64295"}],"wp:featuredmedia":[{"embeddable":true,"href":"https:\/\/catolicanet.net\/wp-cnet\/wp-json\/wp\/v2\/media\/64293"}],"wp:attachment":[{"href":"https:\/\/catolicanet.net\/wp-cnet\/wp-json\/wp\/v2\/media?parent=64292"}],"wp:term":[{"taxonomy":"category","embeddable":true,"href":"https:\/\/catolicanet.net\/wp-cnet\/wp-json\/wp\/v2\/categories?post=64292"},{"taxonomy":"post_tag","embeddable":true,"href":"https:\/\/catolicanet.net\/wp-cnet\/wp-json\/wp\/v2\/tags?post=64292"}],"curies":[{"name":"wp","href":"https:\/\/api.w.org\/{rel}","templated":true}]}}