{"id":64236,"date":"2020-11-10T09:35:51","date_gmt":"2020-11-10T12:35:51","guid":{"rendered":"https:\/\/catolicanet.net\/wp-cnet\/?p=64236"},"modified":"2020-11-10T16:37:01","modified_gmt":"2020-11-10T19:37:01","slug":"ladroes-se-arrependem-apos-roubar-barco-de-padre-no-para","status":"publish","type":"post","link":"https:\/\/catolicanet.net\/wp-cnet\/ladroes-se-arrependem-apos-roubar-barco-de-padre-no-para\/","title":{"rendered":"Ladr\u00f5es se arrependem ap\u00f3s roubar barco de padre no Par\u00e1"},"content":{"rendered":"<h2 class=\"subtitle\" style=\"text-align: justify;\">Quando perceberam que tinham roubado um padre, os bandidos voltaram para salv\u00e1-lo. O sacerdote tinha sido obrigado a pular no rio sem colete salva-vidas<\/h2>\n<p style=\"text-align: justify;\">Era uma situa\u00e7\u00e3o comum: o\u00a0<strong>padre Mateus Tavares de Santos<\/strong>\u00a0sempre emprestava um pequeno barco para ir celebrar a Missa na\u00a0<strong>ilha de Maraj\u00f3<\/strong>, interior do estado do Par\u00e1.<\/p>\n<p style=\"text-align: justify;\">Entretanto, no dia 7 de novembro de 2020, o sacerdote, que pertence \u00e0 Par\u00f3quia de S\u00e3o Sebasti\u00e3o da Boa Vista,\u00a0<strong>foi surpreendido por dois ladr\u00f5es, que estavam armados<\/strong>. Segundo a pol\u00edcia, quando o padre chegava ao destino, sua lancha foi cercada por outra embarca\u00e7\u00e3o. Os dois criminosos, ent\u00e3o, anunciaram\u00a0<strong>o assalto<\/strong>, tomaram a lancha e\u00a0<strong>obrigaram o sacerdote a pular no rio<\/strong>. Depois, fugiram com a embarca\u00e7\u00e3o.<\/p>\n<p style=\"text-align: justify;\">Entretanto, quando perceberam que se tratava de um religioso,\u00a0<strong>os homens se arrependeram<\/strong>. Eles, ent\u00e3o, voltaram para\u00a0<strong>salvar o padre<\/strong>.<\/p>\n<h3 style=\"text-align: justify;\">Os detalhes do roubo<\/h3>\n<p style=\"text-align: justify;\">Segundo a ag\u00eancia\u00a0<a href=\"http:\/\/www.acidigital.com\/noticias\/apos-roubar-barco-de-padre-ladroes-se-arrependem-e-voltam-para-tira-lo-do-rio-92102\" target=\"_blank\" rel=\"noopener noreferrer\">ACI Digital,<\/a>\u00a0os criminosos levaram o barco do padre, um celular, R$ 500 em dinheiro e uma\u00a0<strong>bolsa que continha todo o material para a celebra\u00e7\u00e3o da Missa<\/strong>. Al\u00e9m disso, tiraram o colete salva-vidas do sacerdote quando o obrigaram a pular na \u00e1gua.<\/p>\n<p style=\"text-align: justify;\">Depois de ficar cerca de\u00a0<strong>15 minutos na \u00e1gua<\/strong>, j\u00e1 sem for\u00e7as para nadar,\u00a0<strong>o padre come\u00e7ou a rezar.<\/strong>\u00a0Logo em seguida, percebeu que a embarca\u00e7\u00e3o estava retornando. Um dos assaltantes, ent\u00e3o, perguntou: \u201cTu \u00e9 [sic] padre mesmo?\u201d<\/p>\n<div class=\"nativo-inread\" style=\"text-align: justify;\"><\/div>\n<p style=\"text-align: justify;\">Ap\u00f3s a confirma\u00e7\u00e3o,\u00a0<strong>os bandidos ajudaram-no a sair do rio<\/strong>. Al\u00e9m disso, pediram ao piloto de uma outra embarca\u00e7\u00e3o que passava no local para levar o padre at\u00e9 a margem. L\u00e1, alguns moradores da ilha de Jararaca o socorreram.<\/p>\n<p style=\"text-align: justify;\">A pol\u00edcia ainda n\u00e3o tem pistas dos assaltantes.<\/p>\n","protected":false},"excerpt":{"rendered":"<p>Quando perceberam que tinham roubado um padre, os bandidos voltaram para salv\u00e1-lo. O sacerdote tinha sido obrigado a pular no rio sem colete salva-vidas Era uma situa\u00e7\u00e3o comum: o\u00a0padre Mateus Tavares de Santos\u00a0sempre emprestava um pequeno barco para ir celebrar a Missa na\u00a0ilha de Maraj\u00f3, interior do estado do Par\u00e1. Entretanto, no dia 7 de [&hellip;]<\/p>\n","protected":false},"author":1,"featured_media":64237,"comment_status":"open","ping_status":"closed","sticky":false,"template":"","format":"standard","meta":{"footnotes":""},"categories":[4],"tags":[],"class_list":["post-64236","post","type-post","status-publish","format-standard","has-post-thumbnail","hentry","category-cotidiano"],"_links":{"self":[{"href":"https:\/\/catolicanet.net\/wp-cnet\/wp-json\/wp\/v2\/posts\/64236","targetHints":{"allow":["GET"]}}],"collection":[{"href":"https:\/\/catolicanet.net\/wp-cnet\/wp-json\/wp\/v2\/posts"}],"about":[{"href":"https:\/\/catolicanet.net\/wp-cnet\/wp-json\/wp\/v2\/types\/post"}],"author":[{"embeddable":true,"href":"https:\/\/catolicanet.net\/wp-cnet\/wp-json\/wp\/v2\/users\/1"}],"replies":[{"embeddable":true,"href":"https:\/\/catolicanet.net\/wp-cnet\/wp-json\/wp\/v2\/comments?post=64236"}],"version-history":[{"count":1,"href":"https:\/\/catolicanet.net\/wp-cnet\/wp-json\/wp\/v2\/posts\/64236\/revisions"}],"predecessor-version":[{"id":64238,"href":"https:\/\/catolicanet.net\/wp-cnet\/wp-json\/wp\/v2\/posts\/64236\/revisions\/64238"}],"wp:featuredmedia":[{"embeddable":true,"href":"https:\/\/catolicanet.net\/wp-cnet\/wp-json\/wp\/v2\/media\/64237"}],"wp:attachment":[{"href":"https:\/\/catolicanet.net\/wp-cnet\/wp-json\/wp\/v2\/media?parent=64236"}],"wp:term":[{"taxonomy":"category","embeddable":true,"href":"https:\/\/catolicanet.net\/wp-cnet\/wp-json\/wp\/v2\/categories?post=64236"},{"taxonomy":"post_tag","embeddable":true,"href":"https:\/\/catolicanet.net\/wp-cnet\/wp-json\/wp\/v2\/tags?post=64236"}],"curies":[{"name":"wp","href":"https:\/\/api.w.org\/{rel}","templated":true}]}}