{"id":64221,"date":"2020-11-10T10:21:23","date_gmt":"2020-11-10T13:21:23","guid":{"rendered":"https:\/\/catolicanet.net\/wp-cnet\/?p=64221"},"modified":"2020-11-10T16:22:34","modified_gmt":"2020-11-10T19:22:34","slug":"bispo-da-diocese-de-macapa-faz-apelo-para-a-solidariedade-com-o-povo-do-amapa","status":"publish","type":"post","link":"https:\/\/catolicanet.net\/wp-cnet\/bispo-da-diocese-de-macapa-faz-apelo-para-a-solidariedade-com-o-povo-do-amapa\/","title":{"rendered":"BISPO DA DIOCESE DE MACAP\u00c1 FAZ APELO PARA A SOLIDARIEDADE COM O POVO DO AMAP\u00c1"},"content":{"rendered":"<p style=\"text-align: justify;\">O bispo de Macap\u00e1 (AP), dom Pedro Jos\u00e9 Conti, publicou um v\u00eddeo, na p\u00e1gina do\u00a0<a href=\"https:\/\/www.facebook.com\/348512621838150\/posts\/3544219298934117\/\">Facebook\u00a0 da diocese<\/a>, sobre a situa\u00e7\u00e3o das pessoas com o impacto da crise de energia pela qual atravessa o Estado do Amap\u00e1. \u201cMe preocupa o povo pobre que mora nas periferias. \u00c9 o nosso povo mais pobre, esquecido e exclu\u00eddo\u201d, disse.<\/p>\n<p style=\"text-align: justify;\">A diocese de Macap\u00e1 disponibilizou uma conta da C\u00e1ritas Diocesana para receber as ofertas de doa\u00e7\u00f5es que visam ajudar o povo do Amap\u00e1 a superar as dificuldades deste momento.\u00a0As contribui\u00e7\u00f5es ser\u00e3o destinadas para a compra de alimentos, \u00e1gua pot\u00e1vel e cestas b\u00e1sicas.<\/p>\n<blockquote><p>\u201cA ajuda, a colabora\u00e7\u00e3o e a fraternidade sempre \u00e9 uma possibilidade que n\u00f3s temos n\u00e3o s\u00f3 de manifestar o nosso amor, a nossa unidade e fraternidade, mas tamb\u00e9m superar as dificuldades, os medos e as divis\u00f5es\u201d, afirmou.<\/p><\/blockquote>\n<h3 style=\"text-align: justify;\">\u00c9 tempo de cuidar do Amap\u00e1<\/h3>\n<p style=\"text-align: justify;\">C\u00e1ritas Diocesana de Macap\u00e1 \u2013 C.D.M.<br \/>\nCNPJ 11.452.602\/0001-04.<br \/>\nBanco do Brasil: Ag\u00eancia: 2825-8 Conta: 60702-9.<\/p>\n","protected":false},"excerpt":{"rendered":"<p>O bispo de Macap\u00e1 (AP), dom Pedro Jos\u00e9 Conti, publicou um v\u00eddeo, na p\u00e1gina do\u00a0Facebook\u00a0 da diocese, sobre a situa\u00e7\u00e3o das pessoas com o impacto da crise de energia pela qual atravessa o Estado do Amap\u00e1. \u201cMe preocupa o povo pobre que mora nas periferias. \u00c9 o nosso povo mais pobre, esquecido e exclu\u00eddo\u201d, disse. [&hellip;]<\/p>\n","protected":false},"author":1,"featured_media":64222,"comment_status":"open","ping_status":"closed","sticky":false,"template":"","format":"standard","meta":{"footnotes":""},"categories":[7],"tags":[],"class_list":["post-64221","post","type-post","status-publish","format-standard","has-post-thumbnail","hentry","category-cnbb"],"_links":{"self":[{"href":"https:\/\/catolicanet.net\/wp-cnet\/wp-json\/wp\/v2\/posts\/64221","targetHints":{"allow":["GET"]}}],"collection":[{"href":"https:\/\/catolicanet.net\/wp-cnet\/wp-json\/wp\/v2\/posts"}],"about":[{"href":"https:\/\/catolicanet.net\/wp-cnet\/wp-json\/wp\/v2\/types\/post"}],"author":[{"embeddable":true,"href":"https:\/\/catolicanet.net\/wp-cnet\/wp-json\/wp\/v2\/users\/1"}],"replies":[{"embeddable":true,"href":"https:\/\/catolicanet.net\/wp-cnet\/wp-json\/wp\/v2\/comments?post=64221"}],"version-history":[{"count":1,"href":"https:\/\/catolicanet.net\/wp-cnet\/wp-json\/wp\/v2\/posts\/64221\/revisions"}],"predecessor-version":[{"id":64223,"href":"https:\/\/catolicanet.net\/wp-cnet\/wp-json\/wp\/v2\/posts\/64221\/revisions\/64223"}],"wp:featuredmedia":[{"embeddable":true,"href":"https:\/\/catolicanet.net\/wp-cnet\/wp-json\/wp\/v2\/media\/64222"}],"wp:attachment":[{"href":"https:\/\/catolicanet.net\/wp-cnet\/wp-json\/wp\/v2\/media?parent=64221"}],"wp:term":[{"taxonomy":"category","embeddable":true,"href":"https:\/\/catolicanet.net\/wp-cnet\/wp-json\/wp\/v2\/categories?post=64221"},{"taxonomy":"post_tag","embeddable":true,"href":"https:\/\/catolicanet.net\/wp-cnet\/wp-json\/wp\/v2\/tags?post=64221"}],"curies":[{"name":"wp","href":"https:\/\/api.w.org\/{rel}","templated":true}]}}